{"id":284055,"date":"2019-12-06T14:30:15","date_gmt":"2019-12-06T11:30:15","guid":{"rendered":"https:\/\/www.nationalturk.com\/?p=284055"},"modified":"2019-12-06T14:30:15","modified_gmt":"2019-12-06T11:30:15","slug":"13-termik-santral-incelenecek","status":"publish","type":"post","link":"https:\/\/www.nationalturk.com\/tr\/13-termik-santral-incelenecek\/","title":{"rendered":"13 termik santral incelenecek"},"content":{"rendered":"<h2>\u00c7evre ve \u015eehircilik Bakan\u0131 Murat Kurum, Enerji ve Tabii Kaynaklar Bakanl\u0131\u011f\u0131yla y\u00fcr\u00fctecekleri \u00e7al\u0131\u015fmayla termik santrallerin aral\u0131k ay\u0131 boyunca tek tek incelenece\u011fini bildirdi.<\/h2>\n<p>Bakan Kurum, \u00e7evre mevzuat\u0131na uymayan termik santrallere ili\u015fkin AA muhabirine a\u00e7\u0131klamalarda bulundu.<\/p>\n<p>Termik santrallere baca filtresi takma zorunlulu\u011funu 2,5 y\u0131l erteleyen yasan\u0131n Cumhurba\u015fkan\u0131 Recep Tayyip Erdo\u011fan taraf\u0131ndan do\u011fru bulunmad\u0131\u011f\u0131n\u0131 ve veto edildi\u011fini an\u0131msatan Kurum, &#8220;Say\u0131n Cumhurba\u015fkan\u0131m\u0131z, termik santrallerin bacalar\u0131ndaki kirlilik sebebiyle yasay\u0131 veto etti. Bu anlamda ger\u00e7ekten \u00e7evre hassasiyeti olan \u00e7ok \u00f6nemli bir lidere ve e\u015fine sahibiz, bu \u00fclke olarak \u00f6nemli bir de\u011fer. Say\u0131n Cumhurba\u015fkan\u0131m\u0131za te\u015fekk\u00fcrlerimizi sunuyorum.&#8221; dedi.<\/p>\n<p>Kurum, \u00c7evre ve \u015eehircilik Bakanl\u0131\u011f\u0131 ile Enerji ve Tabii Kaynaklar Bakanl\u0131\u011f\u0131n\u0131n y\u00fcr\u00fctece\u011fi ortak \u00e7al\u0131\u015fma ile insan sa\u011fl\u0131\u011f\u0131 ve \u00e7evrenin korunmas\u0131 amac\u0131yla termik santrallere ili\u015fkin yeni bir s\u00fcrecin ba\u015flad\u0131\u011f\u0131n\u0131 a\u00e7\u0131klad\u0131. Bakanl\u0131klara ba\u011fl\u0131 ekiplerin, aral\u0131k ay\u0131 boyunca 13 termik santrali ayr\u0131 ayr\u0131 inceleyece\u011fini vurgulayan Bakan Kurum, \u015funlar\u0131 kaydetti:<\/p>\n<p>&#8220;13 termik santralimiz var. Bunlar\u0131n durumlar\u0131 tamamen birbirinden farkl\u0131. \u0130llerimize, termik santrallerin son durumunun tespit edilmesi i\u00e7in talimat g\u00f6nderdik. Aral\u0131k ay\u0131 i\u00e7erisinde 13 termik santralimizin her birinin ayr\u0131 ayr\u0131 incelemesini ekiplerimiz yapacaklar, son durumlar\u0131n\u0131 tespit edecekler. \u0130llerimizden gelen \u00e7al\u0131\u015fmayla bu ay sonuna kadar termik santrallerin son durumunu netle\u015ftirece\u011fiz. Baz\u0131lar\u0131n\u0131n filtrasyon sistemi var, baz\u0131lar\u0131n\u0131nki eksik, baz\u0131lar\u0131n\u0131nki yap\u0131m a\u015famas\u0131nda, baz\u0131lar\u0131nda ise hi\u00e7biri yok. Dolay\u0131s\u0131yla durumun net bir \u015fekilde tespitini yapaca\u011f\u0131z.&#8221;<\/p>\n<p>Termik santrallerin almas\u0131 gereken tedbirlerin daha \u00f6nce ilgili yerlere bildirildi\u011fini belirten Kurum, &#8220;Al\u0131nabilecek tedbirleri almalar\u0131 gerekti\u011fini kendilerine zaten ifade ettik, 1 Ocak itibar\u0131yla da mevcut durumlar\u0131na g\u00f6re gerekli cezai s\u00fcreci ba\u015flatm\u0131\u015f olaca\u011f\u0131z. \u00c7evre mevzuat\u0131m\u0131za ayk\u0131r\u0131 ne kadar tesis varsa kapatma dahil t\u00fcm cezai i\u015flemleri yapaca\u011f\u0131z.&#8221; diye konu\u015ftu.<\/p>\n<!-- Error, Advert is not available at this time due to schedule\/geolocation restrictions! -->\n","protected":false},"excerpt":{"rendered":"<p>\u00c7evre ve \u015eehircilik Bakan\u0131 Murat Kurum, Enerji ve Tabii Kaynaklar Bakanl\u0131\u011f\u0131yla y\u00fcr\u00fctecekleri \u00e7al\u0131\u015fmayla termik santrallerin aral\u0131k ay\u0131 boyunca tek tek incelenece\u011fini bildirdi. Bakan Kurum, \u00e7evre mevzuat\u0131na uymayan termik santrallere ili\u015fkin AA muhabirine a\u00e7\u0131klamalarda bulundu. Termik santrallere baca filtresi takma zorunlulu\u011funu 2,5 y\u0131l erteleyen yasan\u0131n Cumhurba\u015fkan\u0131 Recep Tayyip Erdo\u011fan taraf\u0131ndan do\u011fru bulunmad\u0131\u011f\u0131n\u0131 ve veto edildi\u011fini an\u0131msatan &hellip;<\/p>\n","protected":false},"author":4,"featured_media":284056,"comment_status":"open","ping_status":"closed","sticky":false,"template":"","format":"standard","meta":{"_acf_changed":false,"footnotes":""},"categories":[6155,5005,6805],"tags":[219568,22463],"class_list":["post-284055","post","type-post","status-publish","format-standard","has-post-thumbnail","hentry","category-gundem","category-manset","category-turkiye","tag-murat-kurum","tag-termik-santral"],"acf":[],"_links":{"self":[{"href":"https:\/\/www.nationalturk.com\/tr\/wp-json\/wp\/v2\/posts\/284055","targetHints":{"allow":["GET"]}}],"collection":[{"href":"https:\/\/www.nationalturk.com\/tr\/wp-json\/wp\/v2\/posts"}],"about":[{"href":"https:\/\/www.nationalturk.com\/tr\/wp-json\/wp\/v2\/types\/post"}],"author":[{"embeddable":true,"href":"https:\/\/www.nationalturk.com\/tr\/wp-json\/wp\/v2\/users\/4"}],"replies":[{"embeddable":true,"href":"https:\/\/www.nationalturk.com\/tr\/wp-json\/wp\/v2\/comments?post=284055"}],"version-history":[{"count":0,"href":"https:\/\/www.nationalturk.com\/tr\/wp-json\/wp\/v2\/posts\/284055\/revisions"}],"wp:featuredmedia":[{"embeddable":true,"href":"https:\/\/www.nationalturk.com\/tr\/wp-json\/wp\/v2\/media\/284056"}],"wp:attachment":[{"href":"https:\/\/www.nationalturk.com\/tr\/wp-json\/wp\/v2\/media?parent=284055"}],"wp:term":[{"taxonomy":"category","embeddable":true,"href":"https:\/\/www.nationalturk.com\/tr\/wp-json\/wp\/v2\/categories?post=284055"},{"taxonomy":"post_tag","embeddable":true,"href":"https:\/\/www.nationalturk.com\/tr\/wp-json\/wp\/v2\/tags?post=284055"}],"curies":[{"name":"wp","href":"https:\/\/api.w.org\/{rel}","templated":true}]}}