{"id":284108,"date":"2019-12-09T14:32:31","date_gmt":"2019-12-09T11:32:31","guid":{"rendered":"https:\/\/www.nationalturk.com\/?p=284108"},"modified":"2019-12-09T14:32:31","modified_gmt":"2019-12-09T11:32:31","slug":"osmanli-turk-tarihinin-en-alt-noktasi-kendi-dinlerini-bile-adam-gibi-ogrenemediler","status":"publish","type":"post","link":"https:\/\/www.nationalturk.com\/tr\/osmanli-turk-tarihinin-en-alt-noktasi-kendi-dinlerini-bile-adam-gibi-ogrenemediler\/","title":{"rendered":"&#8220;Osmanl\u0131 T\u00fcrk tarihinin en alt noktas\u0131, kendi dinlerini bile adam gibi \u00f6\u011frenemediler&#8221;"},"content":{"rendered":"<h2>Prof. Dr. Celal \u015eeng\u00f6r\u2019\u00fcn Azerbaycan\u2019da bir grup \u00f6\u011frenciyle sohbet etti\u011fi s\u0131rada s\u00f6yledi\u011fi s\u00f6zler, sosyal medyada g\u00fcndem oldu. \u015eeng\u00f6r, &#8220;T\u00fcrkler modern \u00e7a\u011fda neden cahil b\u0131rak\u0131ld\u0131?&#8221; \u015feklindeki soruya, &#8220;T\u00fcrkler kendi kendilerini cahil ettiler&#8221; yan\u0131t\u0131n\u0131 verdi.<\/h2>\n<p>Prof. Dr. Celal \u015eeng\u00f6r, Azerbaycan&#8217;da bir grup \u00f6\u011frencisiyle sohbet etti. Bir \u00f6\u011frencinin &#8220;Sizce T\u00fcrkler modern \u00e7a\u011fda neden cahil b\u0131rak\u0131ld\u0131?&#8221; sorusuna \u015eeng\u00f6r, \u015fu yan\u0131t\u0131 verdi:<\/p>\n<p>&#8220;Hay\u0131r, T\u00fcrkler cahil b\u0131rak\u0131lmad\u0131, T\u00fcrkler cahil kald\u0131lar, kendi kendilerini cahil ettiler.&#8221;<\/p>\n<p>\u200b\u015eeng\u00f6r, \u00f6\u011frencinin &#8220;Peki nas\u0131l?&#8221; sorusu \u00fczerine de \u015funlar\u0131 s\u00f6yledi:<\/p>\n<p>\u201cEn cahil T\u00fcrkler M\u00fcsl\u00fcman olan T\u00fcrklerdir. M\u00fcsl\u00fcman camias\u0131na kat\u0131ld\u0131ktan sonra \u0130slamiyet&#8217;in 11. y\u00fczy\u0131ldaki \u00e7\u00f6k\u00fc\u015f\u00fc T\u00fcrkleri de beraberinde s\u00fcr\u00fckledi. \u00d6zellikle Osmanl\u0131 Devleti, benim kanaatimce T\u00fcrk tarihinin en alt noktas\u0131d\u0131r. Orada Osmanl\u0131lar ne e\u011fitime \u00f6nem verdiler ne bir \u015feye \u00f6nem verdiler. Kendi dinlerini bile adam gibi \u00f6\u011frenmediler. Dolay\u0131s\u0131yla yeni bir \u015fey yapma imkan\u0131 kalmad\u0131.&#8221;<\/p>\n<p>\u015eeng\u00f6r&#8217;\u00fcn s\u00f6z konusu a\u00e7\u0131klamalar\u0131 yapt\u0131\u011f\u0131 video, sosyal medyada g\u00fcndem oldu.<\/p>\n<!-- Error, Advert is not available at this time due to schedule\/geolocation restrictions! -->\n","protected":false},"excerpt":{"rendered":"<p>Prof. Dr. Celal \u015eeng\u00f6r\u2019\u00fcn Azerbaycan\u2019da bir grup \u00f6\u011frenciyle sohbet etti\u011fi s\u0131rada s\u00f6yledi\u011fi s\u00f6zler, sosyal medyada g\u00fcndem oldu. \u015eeng\u00f6r, &#8220;T\u00fcrkler modern \u00e7a\u011fda neden cahil b\u0131rak\u0131ld\u0131?&#8221; \u015feklindeki soruya, &#8220;T\u00fcrkler kendi kendilerini cahil ettiler&#8221; yan\u0131t\u0131n\u0131 verdi. Prof. Dr. Celal \u015eeng\u00f6r, Azerbaycan&#8217;da bir grup \u00f6\u011frencisiyle sohbet etti. Bir \u00f6\u011frencinin &#8220;Sizce T\u00fcrkler modern \u00e7a\u011fda neden cahil b\u0131rak\u0131ld\u0131?&#8221; sorusuna \u015eeng\u00f6r, \u015fu &hellip;<\/p>\n","protected":false},"author":4,"featured_media":284109,"comment_status":"open","ping_status":"closed","sticky":false,"template":"","format":"standard","meta":{"_acf_changed":false,"footnotes":""},"categories":[6155,5005,349,6805],"tags":[81555,42189],"class_list":["post-284108","post","type-post","status-publish","format-standard","has-post-thumbnail","hentry","category-gundem","category-manset","category-son-dakika","category-turkiye","tag-celal-sengor","tag-osmanli"],"acf":[],"_links":{"self":[{"href":"https:\/\/www.nationalturk.com\/tr\/wp-json\/wp\/v2\/posts\/284108","targetHints":{"allow":["GET"]}}],"collection":[{"href":"https:\/\/www.nationalturk.com\/tr\/wp-json\/wp\/v2\/posts"}],"about":[{"href":"https:\/\/www.nationalturk.com\/tr\/wp-json\/wp\/v2\/types\/post"}],"author":[{"embeddable":true,"href":"https:\/\/www.nationalturk.com\/tr\/wp-json\/wp\/v2\/users\/4"}],"replies":[{"embeddable":true,"href":"https:\/\/www.nationalturk.com\/tr\/wp-json\/wp\/v2\/comments?post=284108"}],"version-history":[{"count":0,"href":"https:\/\/www.nationalturk.com\/tr\/wp-json\/wp\/v2\/posts\/284108\/revisions"}],"wp:featuredmedia":[{"embeddable":true,"href":"https:\/\/www.nationalturk.com\/tr\/wp-json\/wp\/v2\/media\/284109"}],"wp:attachment":[{"href":"https:\/\/www.nationalturk.com\/tr\/wp-json\/wp\/v2\/media?parent=284108"}],"wp:term":[{"taxonomy":"category","embeddable":true,"href":"https:\/\/www.nationalturk.com\/tr\/wp-json\/wp\/v2\/categories?post=284108"},{"taxonomy":"post_tag","embeddable":true,"href":"https:\/\/www.nationalturk.com\/tr\/wp-json\/wp\/v2\/tags?post=284108"}],"curies":[{"name":"wp","href":"https:\/\/api.w.org\/{rel}","templated":true}]}}