{"id":284125,"date":"2019-12-09T18:09:21","date_gmt":"2019-12-09T15:09:21","guid":{"rendered":"https:\/\/www.nationalturk.com\/?p=284125"},"modified":"2019-12-09T18:09:21","modified_gmt":"2019-12-09T15:09:21","slug":"turkiye-nobel-odul-torenine-katilmayacak","status":"publish","type":"post","link":"https:\/\/www.nationalturk.com\/tr\/turkiye-nobel-odul-torenine-katilmayacak\/","title":{"rendered":"T\u00fcrkiye Nobel \u00f6d\u00fcl t\u00f6renine kat\u0131lmayacak"},"content":{"rendered":"<h2>T\u00fcrkiye&#8217;nin Stockholm B\u00fcy\u00fckel\u00e7isi Hakk\u0131 Emre Yunt, Bosna Hersek&#8217;te ya\u015fanan soyk\u0131r\u0131m\u0131 inkar eden ve her f\u0131rsatta eski S\u0131rp lider Slobodan Milosevic&#8217;e duydu\u011fu hayranl\u0131\u011f\u0131 dile getiren Avusturyal\u0131 yazar Peter Handke&#8217;den dolay\u0131 Nobel \u00d6d\u00fcl T\u00f6reni&#8217;ne kat\u0131lmayaca\u011f\u0131n\u0131 a\u00e7\u0131klad\u0131.<\/h2>\n<p>Nobel Edebiyat \u00d6d\u00fcl\u00fc&#8217;ne lay\u0131k g\u00f6r\u00fclen ve 10 Aral\u0131k&#8217;ta \u00f6d\u00fcl\u00fcn\u00fc \u0130sve\u00e7 Kral\u0131 Carl 16. Gustaf&#8217;dan almaya haz\u0131rlanan Avusturyal\u0131 yazar Peter Handke&#8217;ye bir tepki de T\u00fcrkiye&#8217;nin Stockholm B\u00fcy\u00fckel\u00e7isi Hakk\u0131 Emre Yunt&#8217;tan geldi.<\/p>\n<p>Yunt, AA muhabirine yapt\u0131\u011f\u0131 a\u00e7\u0131klamada, \u00f6d\u00fcl t\u00f6renine davetli oldu\u011funu ancak kat\u0131lmayaca\u011f\u0131n\u0131 kaydetti.<\/p>\n<p>Arnavutluk&#8217;un Stockholm B\u00fcy\u00fckel\u00e7ili\u011fi de Bosnal\u0131 kurbanlar\u0131n yak\u0131nlar\u0131na destek i\u00e7in 10 Aral\u0131k&#8217;taki t\u00f6reni boykot edece\u011fini ve t\u00f6rene kat\u0131lmayacaklar\u0131n\u0131 a\u00e7\u0131klad\u0131.<\/p>\n<p>\u0130sve\u00e7 devlet televizyonu SVT de Nobel Edebiyat \u00d6d\u00fcl\u00fc&#8217;n\u00fcn Peter Handke&#8217;ye verilmesinden dolay\u0131 T\u00fcrkiye&#8217;nin k\u0131nama yay\u0131mlad\u0131\u011f\u0131n\u0131 hat\u0131rlatt\u0131, T\u00fcrkiye Milli Savunma Bakanl\u0131\u011f\u0131n\u0131n Twitter hesab\u0131nda yer alan \u0130ngilizce metni yay\u0131mlad\u0131.<\/p>\n<p>Uluslararas\u0131 mahkemede sava\u015f su\u00e7lar\u0131 ve soyk\u0131r\u0131mdan yarg\u0131land\u0131\u011f\u0131 s\u0131rada hayat\u0131n\u0131 kaybeden eski S\u0131rp lider Slobodan Milosevic&#8217;in b\u00fcy\u00fck bir hayran\u0131 olan Handke, Kosova&#8217;da sava\u015f devam ederken yay\u0131mlanan bir makalesinde de &#8220;S\u0131rplar\u0131 destekliyorsan\u0131z, aya\u011fa kalk\u0131n.&#8221; ifadesini kullanm\u0131\u015ft\u0131.<\/p>\n<p>Saraybosna&#8217;daki M\u00fcsl\u00fcman Bo\u015fnaklar\u0131n &#8220;kendi kendilerini \u00f6ld\u00fcrd\u00fcklerini ve su\u00e7u S\u0131rplara att\u0131klar\u0131n\u0131&#8221; savunan Handke, S\u0131rplar\u0131n Srebrenitsa&#8217;da soyk\u0131r\u0131m yapt\u0131\u011f\u0131na asla inanmad\u0131\u011f\u0131n\u0131 belirtmi\u015fti.<\/p>\n<p>Handke, Milosevic&#8217;i cezaevinde ziyaret etmi\u015f, onun lehine tan\u0131kl\u0131k etmek i\u00e7in giri\u015fimlerde bulunmu\u015ftu.<\/p>\n<p>Milosevic\u2019in 2006\u2019daki cenazesine de kat\u0131lan Handke, burada yapt\u0131\u011f\u0131 konu\u015fmada, &#8220;Yugoslavya i\u00e7in S\u0131rbistan i\u00e7in Slobodan Milosevic i\u00e7in buraday\u0131m.&#8221; demi\u015fti.<\/p>\n<!-- Error, Advert is not available at this time due to schedule\/geolocation restrictions! -->\n","protected":false},"excerpt":{"rendered":"<p>T\u00fcrkiye&#8217;nin Stockholm B\u00fcy\u00fckel\u00e7isi Hakk\u0131 Emre Yunt, Bosna Hersek&#8217;te ya\u015fanan soyk\u0131r\u0131m\u0131 inkar eden ve her f\u0131rsatta eski S\u0131rp lider Slobodan Milosevic&#8217;e duydu\u011fu hayranl\u0131\u011f\u0131 dile getiren Avusturyal\u0131 yazar Peter Handke&#8217;den dolay\u0131 Nobel \u00d6d\u00fcl T\u00f6reni&#8217;ne kat\u0131lmayaca\u011f\u0131n\u0131 a\u00e7\u0131klad\u0131. Nobel Edebiyat \u00d6d\u00fcl\u00fc&#8217;ne lay\u0131k g\u00f6r\u00fclen ve 10 Aral\u0131k&#8217;ta \u00f6d\u00fcl\u00fcn\u00fc \u0130sve\u00e7 Kral\u0131 Carl 16. Gustaf&#8217;dan almaya haz\u0131rlanan Avusturyal\u0131 yazar Peter Handke&#8217;ye bir &hellip;<\/p>\n","protected":false},"author":4,"featured_media":284126,"comment_status":"open","ping_status":"closed","sticky":false,"template":"","format":"standard","meta":{"_acf_changed":false,"footnotes":""},"categories":[6155,5005,349],"tags":[5604],"class_list":["post-284125","post","type-post","status-publish","format-standard","has-post-thumbnail","hentry","category-gundem","category-manset","category-son-dakika","tag-nobel"],"acf":[],"_links":{"self":[{"href":"https:\/\/www.nationalturk.com\/tr\/wp-json\/wp\/v2\/posts\/284125","targetHints":{"allow":["GET"]}}],"collection":[{"href":"https:\/\/www.nationalturk.com\/tr\/wp-json\/wp\/v2\/posts"}],"about":[{"href":"https:\/\/www.nationalturk.com\/tr\/wp-json\/wp\/v2\/types\/post"}],"author":[{"embeddable":true,"href":"https:\/\/www.nationalturk.com\/tr\/wp-json\/wp\/v2\/users\/4"}],"replies":[{"embeddable":true,"href":"https:\/\/www.nationalturk.com\/tr\/wp-json\/wp\/v2\/comments?post=284125"}],"version-history":[{"count":0,"href":"https:\/\/www.nationalturk.com\/tr\/wp-json\/wp\/v2\/posts\/284125\/revisions"}],"wp:featuredmedia":[{"embeddable":true,"href":"https:\/\/www.nationalturk.com\/tr\/wp-json\/wp\/v2\/media\/284126"}],"wp:attachment":[{"href":"https:\/\/www.nationalturk.com\/tr\/wp-json\/wp\/v2\/media?parent=284125"}],"wp:term":[{"taxonomy":"category","embeddable":true,"href":"https:\/\/www.nationalturk.com\/tr\/wp-json\/wp\/v2\/categories?post=284125"},{"taxonomy":"post_tag","embeddable":true,"href":"https:\/\/www.nationalturk.com\/tr\/wp-json\/wp\/v2\/tags?post=284125"}],"curies":[{"name":"wp","href":"https:\/\/api.w.org\/{rel}","templated":true}]}}