{"id":284392,"date":"2019-12-18T17:45:44","date_gmt":"2019-12-18T14:45:44","guid":{"rendered":"https:\/\/www.nationalturk.com\/?p=284392"},"modified":"2019-12-18T17:45:44","modified_gmt":"2019-12-18T14:45:44","slug":"cinde-mesut-ozil-tepkisi-bitmiyor","status":"publish","type":"post","link":"https:\/\/www.nationalturk.com\/tr\/cinde-mesut-ozil-tepkisi-bitmiyor\/","title":{"rendered":"\u00c7in&#8217;de Mesut \u00d6zil tepkisi bitmiyor!"},"content":{"rendered":"<h2>Arsenal formas\u0131 giyen Mesut \u00d6zil&#8217;in Pekin&#8217;in Uygur politikalar\u0131n\u0131 ele\u015ftiren payla\u015f\u0131m\u0131 nedeniyle PES 2020&#8217;nin \u00c7in versiyonundan \u00e7\u0131kar\u0131ld\u0131\u011f\u0131 a\u00e7\u0131kland\u0131.<\/h2>\n<p>\u00c7in&#8217;de Sincan Uygur b\u00f6lgesinde ya\u015fananlara ili\u015fkin payla\u015f\u0131mda bulunan \u00d6zil&#8217;e kar\u015f\u0131 \u00f6fke dinmiyor. \u0130ki g\u00fcn \u00f6nceki Arsenal-Manchester City ma\u00e7\u0131n\u0131n canl\u0131 yay\u0131n\u0131n\u0131n \u00c7in devlet televizyonunun program\u0131ndan \u00e7\u0131kar\u0131lmas\u0131n\u0131n ard\u0131ndan bu sefer de \u00d6zil&#8217;e PES 2020 \u00c7in&#8217;in mobil versiyonunda yer verilmeyece\u011fi duyuruldu. <\/p>\n<p>\u00c7in&#8217;de PES oyunlar\u0131 yay\u0131mlayan NetEase Games \u015firketi, \u00fclkede yayg\u0131n olarak kullan\u0131lan sosyal medya platformu Weibo&#8217;da yapt\u0131\u011f\u0131 a\u00e7\u0131klamada &#8220;Alman oyuncu \u00d6zil, \u00c7in hakk\u0131nda sosyal medyada a\u015f\u0131r\u0131 bir a\u00e7\u0131klama yapt\u0131. A\u00e7\u0131klama, \u00c7inli hayranlar\u0131n duygular\u0131n\u0131 incitti ve sporun sevgi ve bar\u0131\u015f ruhunu ihlal etti. Bunu anlam\u0131yoruz, kabul etmiyoruz veya affetmiyoruz!&#8221; ifadelerini kulland\u0131. <\/p>\n<p>\u00c7in ekibinde top ko\u015fturan Toure: Futbolcular futbolla, siyaset\u00e7iler siyasetle ilgilenmeli&#8217;<br \/>\nDaha \u00f6nce Barcelona ve Manchester City&#8217;de oynayan \u00c7in ligi oyuncusu Yaya Toure ise AP&#8217;ye verdi\u011fi deme\u00e7te \u00d6zil&#8217;in de kendisi gibi M\u00fcsl\u00fcman oldu\u011funu vurgulayarak toplu g\u00f6zalt\u0131lar\u0131 ve Uygurlar\u0131n ya\u015fad\u0131klar\u0131n\u0131 konu\u015fman\u0131n &#8216;karma\u015f\u0131k bir mesele&#8217; oldu\u011funu belirtti. <\/p>\n<p>Futbolcular\u0131n bulunduklar\u0131 konumu siyaset i\u00e7in kullanmamalar\u0131 gerekti\u011fini belirten Toure, &#8220;Futbolcular futbolla, siyaset\u00e7iler siyasetle ilgilenmeli \u00e7\u00fcnk\u00fc (bir futbolcu olarak) b\u00f6yle bu konuya dahil olamazs\u0131n\u0131z. Bu beraberinde bir\u00e7ok sorunu getirir. Bir M\u00fcsl\u00fcman olarak bu onun se\u00e7imiydi. Yorumlar\u0131n\u0131 yap\u0131yordu ama ben bunun yanl\u0131\u015f oldu\u011funu d\u00fc\u015f\u00fcn\u00fcyorum&#8221; dedi. <\/p>\n<p>\u00d6ncesinde devlet ba\u011flant\u0131l\u0131 gazete Global Times, \u00d6zil&#8217;in payla\u015f\u0131m\u0131n\u0131 &#8216;d\u00fczmece&#8217; diye nitelerken futbol otoritelerini hayal k\u0131r\u0131kl\u0131\u011f\u0131na u\u011fratt\u0131\u011f\u0131n\u0131 ileri s\u00fcrm\u00fc\u015ft\u00fc. \u00c7in Futbol Federasyonu da \u00d6zil&#8217;in payla\u015f\u0131m\u0131n\u0131n &#8216;kabul edilemez&#8217; diye niteleyip \u00c7inli futbol severlerin duygular\u0131n\u0131 incitti\u011fini belirtmi\u015fti. <\/p>\n<p>\u00c7in D\u0131\u015fi\u015fleri Bakanl\u0131\u011f\u0131 S\u00f6zc\u00fcs\u00fc, \u00d6zil&#8217;e tepki g\u00f6stererek &#8216;Sincan&#8217;a gidip bir g\u00f6z atmas\u0131ndan memnun olaca\u011f\u0131n\u0131&#8217; s\u00f6ylerken, ABD D\u0131\u015fi\u015fleri Bakan\u0131 Mike Pompeo Arsenalli oyuncuya destek vermi\u015fti. <\/p>\n<p>\u00d6zil&#8217;in payla\u015f\u0131m\u0131nda \u015f\u00f6yle ifadeler vard\u0131:<\/p>\n<p>&#8220;Kur&#8217;anlar yak\u0131l\u0131yor, camiler kapat\u0131l\u0131yor, medreseler yasaklan\u0131yor, din alimleri \u00f6ld\u00fcr\u00fcl\u00fcyor, baz\u0131lar\u0131 zorla \u00c7inli erkeklerle evlendiriliyor. T\u00fcm bunlara ra\u011fmen \u00dcmmeti Muhammed suskun, sesi \u00e7\u0131km\u0131yor.&#8221;<\/p>\n<!-- Error, Advert is not available at this time due to schedule\/geolocation restrictions! -->\n","protected":false},"excerpt":{"rendered":"<p>Arsenal formas\u0131 giyen Mesut \u00d6zil&#8217;in Pekin&#8217;in Uygur politikalar\u0131n\u0131 ele\u015ftiren payla\u015f\u0131m\u0131 nedeniyle PES 2020&#8217;nin \u00c7in versiyonundan \u00e7\u0131kar\u0131ld\u0131\u011f\u0131 a\u00e7\u0131kland\u0131. \u00c7in&#8217;de Sincan Uygur b\u00f6lgesinde ya\u015fananlara ili\u015fkin payla\u015f\u0131mda bulunan \u00d6zil&#8217;e kar\u015f\u0131 \u00f6fke dinmiyor. \u0130ki g\u00fcn \u00f6nceki Arsenal-Manchester City ma\u00e7\u0131n\u0131n canl\u0131 yay\u0131n\u0131n\u0131n \u00c7in devlet televizyonunun program\u0131ndan \u00e7\u0131kar\u0131lmas\u0131n\u0131n ard\u0131ndan bu sefer de \u00d6zil&#8217;e PES 2020 \u00c7in&#8217;in mobil versiyonunda yer verilmeyece\u011fi duyuruldu. &hellip;<\/p>\n","protected":false},"author":4,"featured_media":284393,"comment_status":"open","ping_status":"closed","sticky":false,"template":"","format":"standard","meta":{"_acf_changed":false,"footnotes":""},"categories":[6155,6774,5005],"tags":[711,30748],"class_list":["post-284392","post","type-post","status-publish","format-standard","has-post-thumbnail","hentry","category-gundem","category-futbol","category-manset","tag-cin","tag-mesut-ozil"],"acf":[],"_links":{"self":[{"href":"https:\/\/www.nationalturk.com\/tr\/wp-json\/wp\/v2\/posts\/284392","targetHints":{"allow":["GET"]}}],"collection":[{"href":"https:\/\/www.nationalturk.com\/tr\/wp-json\/wp\/v2\/posts"}],"about":[{"href":"https:\/\/www.nationalturk.com\/tr\/wp-json\/wp\/v2\/types\/post"}],"author":[{"embeddable":true,"href":"https:\/\/www.nationalturk.com\/tr\/wp-json\/wp\/v2\/users\/4"}],"replies":[{"embeddable":true,"href":"https:\/\/www.nationalturk.com\/tr\/wp-json\/wp\/v2\/comments?post=284392"}],"version-history":[{"count":0,"href":"https:\/\/www.nationalturk.com\/tr\/wp-json\/wp\/v2\/posts\/284392\/revisions"}],"wp:featuredmedia":[{"embeddable":true,"href":"https:\/\/www.nationalturk.com\/tr\/wp-json\/wp\/v2\/media\/284393"}],"wp:attachment":[{"href":"https:\/\/www.nationalturk.com\/tr\/wp-json\/wp\/v2\/media?parent=284392"}],"wp:term":[{"taxonomy":"category","embeddable":true,"href":"https:\/\/www.nationalturk.com\/tr\/wp-json\/wp\/v2\/categories?post=284392"},{"taxonomy":"post_tag","embeddable":true,"href":"https:\/\/www.nationalturk.com\/tr\/wp-json\/wp\/v2\/tags?post=284392"}],"curies":[{"name":"wp","href":"https:\/\/api.w.org\/{rel}","templated":true}]}}