{"id":284479,"date":"2019-12-20T17:45:37","date_gmt":"2019-12-20T14:45:37","guid":{"rendered":"https:\/\/www.nationalturk.com\/?p=284479"},"modified":"2022-09-18T14:45:05","modified_gmt":"2022-09-18T11:45:05","slug":"hdpden-istifa-tbmmde-10-parti","status":"publish","type":"post","link":"https:\/\/www.nationalturk.com\/tr\/hdpden-istifa-tbmmde-10-parti\/","title":{"rendered":"HDP&#8217;den istifa! Saliha Aydeniz istifa etti."},"content":{"rendered":"<h2>HDP Milletvekili Saliha Aydeniz Demokratik B\u00f6lgeler Partisi&#8217;ne (DBP) ge\u00e7ti. B\u00f6ylece Meclis&#8217;te temsil edilen siyasi parti say\u0131s\u0131 10&#8217;a \u00e7\u0131kt\u0131.<\/h2>\n<p>Gazete Duvar&#8217;dan Serkan Alan&#8217;\u0131n haberine g\u00f6re, 24 Haziran se\u00e7imlerinde HDP\u2019den Diyarbak\u0131r Milletvekili se\u00e7ilen Saliha Aydeniz, partisinden istifa ederek DBP&#8217;ye \u00fcye oldu.<\/p>\n<p>30 Kas\u0131m tarihinde yap\u0131lan 5. Ola\u011fan Kongresi\u2019nde E\u015f Genel Ba\u015fkanl\u0131\u011fa se\u00e7ilen Aydeniz\u2019in kat\u0131l\u0131m\u0131 ile DBP TBMM&#8217;deki 10. parti oldu.<\/p>\n<p>DBP E\u015f Genel Ba\u015fkan\u0131 se\u00e7ilmesinin ard\u0131ndan Aydeniz, de\u011fi\u015fikli\u011fi Meclis Ba\u015fkanl\u0131\u011f\u0131\u2019na da bildirdi.<br \/>\nMeclis\u2019te grubu bulunan AK Parti, CHP, HDP, MHP ve \u0130Y\u0130 Parti\u2019nin yan\u0131 s\u0131ra, Saadet Partili 2, T\u00fcrkiye \u0130\u015f\u00e7i Partili 2, Demokrat Partili 1 ve B\u00fcy\u00fck Birlik Partili 1 milletvekili bulunuyor.<\/p>\n<p>Aydeniz\u2019in de DBP\u2019yi Meclis\u2019te temsil etmesinin ard\u0131ndan Meclis \u00e7at\u0131s\u0131 alt\u0131ndaki siyasi parti say\u0131s\u0131 10\u2019a \u00e7\u0131karken, 4 de ba\u011f\u0131ms\u0131z milletvekili bulunuyor.<\/p>\n<!-- Error, Advert is not available at this time due to schedule\/geolocation restrictions! -->\n","protected":false},"excerpt":{"rendered":"<p>HDP Milletvekili Saliha Aydeniz Demokratik B\u00f6lgeler Partisi&#8217;ne (DBP) ge\u00e7ti. B\u00f6ylece Meclis&#8217;te temsil edilen siyasi parti say\u0131s\u0131 10&#8217;a \u00e7\u0131kt\u0131. Gazete Duvar&#8217;dan Serkan Alan&#8217;\u0131n haberine g\u00f6re, 24 Haziran se\u00e7imlerinde HDP\u2019den Diyarbak\u0131r Milletvekili se\u00e7ilen Saliha Aydeniz, partisinden istifa ederek DBP&#8217;ye \u00fcye oldu. 30 Kas\u0131m tarihinde yap\u0131lan 5. Ola\u011fan Kongresi\u2019nde E\u015f Genel Ba\u015fkanl\u0131\u011fa se\u00e7ilen Aydeniz\u2019in kat\u0131l\u0131m\u0131 ile DBP TBMM&#8217;deki &hellip;<\/p>\n","protected":false},"author":4,"featured_media":284480,"comment_status":"open","ping_status":"closed","sticky":false,"template":"","format":"standard","meta":{"_acf_changed":false,"footnotes":""},"categories":[6155,5005,6202,349],"tags":[167188,167185,146668,6871],"class_list":["post-284479","post","type-post","status-publish","format-standard","has-post-thumbnail","hentry","category-gundem","category-manset","category-politika","category-son-dakika","tag-dbp","tag-demokratik-bolgeler-partisi","tag-hdp","tag-tbmm"],"acf":[],"_links":{"self":[{"href":"https:\/\/www.nationalturk.com\/tr\/wp-json\/wp\/v2\/posts\/284479","targetHints":{"allow":["GET"]}}],"collection":[{"href":"https:\/\/www.nationalturk.com\/tr\/wp-json\/wp\/v2\/posts"}],"about":[{"href":"https:\/\/www.nationalturk.com\/tr\/wp-json\/wp\/v2\/types\/post"}],"author":[{"embeddable":true,"href":"https:\/\/www.nationalturk.com\/tr\/wp-json\/wp\/v2\/users\/4"}],"replies":[{"embeddable":true,"href":"https:\/\/www.nationalturk.com\/tr\/wp-json\/wp\/v2\/comments?post=284479"}],"version-history":[{"count":0,"href":"https:\/\/www.nationalturk.com\/tr\/wp-json\/wp\/v2\/posts\/284479\/revisions"}],"wp:featuredmedia":[{"embeddable":true,"href":"https:\/\/www.nationalturk.com\/tr\/wp-json\/wp\/v2\/media\/284480"}],"wp:attachment":[{"href":"https:\/\/www.nationalturk.com\/tr\/wp-json\/wp\/v2\/media?parent=284479"}],"wp:term":[{"taxonomy":"category","embeddable":true,"href":"https:\/\/www.nationalturk.com\/tr\/wp-json\/wp\/v2\/categories?post=284479"},{"taxonomy":"post_tag","embeddable":true,"href":"https:\/\/www.nationalturk.com\/tr\/wp-json\/wp\/v2\/tags?post=284479"}],"curies":[{"name":"wp","href":"https:\/\/api.w.org\/{rel}","templated":true}]}}