{"id":284688,"date":"2019-12-27T11:44:18","date_gmt":"2019-12-27T08:44:18","guid":{"rendered":"https:\/\/www.nationalturk.com\/?p=284688"},"modified":"2019-12-27T11:44:18","modified_gmt":"2019-12-27T08:44:18","slug":"koc-terim-cebi-cakir","status":"publish","type":"post","link":"https:\/\/www.nationalturk.com\/tr\/koc-terim-cebi-cakir\/","title":{"rendered":"Ko\u00e7, Terim, \u00c7ebi, \u00c7ak\u0131r\u2026"},"content":{"rendered":"<h2>NationalTurk yorumcusu M\u00fcsl\u00fcm G\u00fclhan&#8217;\u0131n bu haftaki &#8220;Ko\u00e7, Terim, \u00c7ebi, \u00c7ak\u0131r\u2026&#8221; ba\u015fl\u0131kl\u0131 yaz\u0131s\u0131;<\/h2>\n<p>\u201c\u015eampiyonlar Ligi\u2019nde ma\u00e7lar masa ba\u015f\u0131nda de\u011fil sahada kazan\u0131l\u0131yor.\u201d<\/p>\n<p>Bu c\u00fcmleyi s\u00f6yleyen ki\u015fi Fatih Terim. Ve Galatasaray\u2019\u0131n ba\u015f\u0131nda sekiz kez T\u00fcrkiye Ligi \u015fampiyonlu\u011fu kazanm\u0131\u015f bir teknik direkt\u00f6r!<\/p>\n<p>Yola bu \u00f6nemli a\u00e7\u0131klamadan \u00e7\u0131kmak gerekir ki; son zamanlardaki geli\u015fen olaylar\u0131 ve Fenerbah\u00e7e-Be\u015fikta\u015f ma\u00e7\u0131n\u0131 da iyi analiz edelim.<\/p>\n<p>Ali Ko\u00e7 Fenerbah\u00e7e ba\u015fkan\u0131 olarak geldi\u011fi anda teredd\u00fctler ve finansal a\u00e7\u0131dan sorunlar ya\u015fasa da ikinci senesinde bunlar\u0131 atlatmay\u0131 ba\u015fard\u0131.<\/p>\n<p>En az\u0131ndan s\u00fcreci nas\u0131l y\u00f6netmesi gerekti\u011fi konusunda, aile ya\u015fant\u0131s\u0131ndaki gelenekler ve aile burjuvazi k\u00fclt\u00fcr\u00fc ile i\u015f hayat\u0131ndaki birikimleri bir \u015fekilde onun \u00e7\u0131k\u0131\u015f yolu i\u00e7in bir tav\u0131r almas\u0131n\u0131 sa\u011flad\u0131.<\/p>\n<p>En \u00f6nemli ke\u015ffi; \u015fampiyonluklar\u0131n stratejisinin hangi y\u00f6ntem \u00fczerine oturtulaca\u011f\u0131 oldu!<\/p>\n<p>\u0130\u015fte, sekiz kez \u015fampiyonluk ya\u015fam\u0131\u015f Fatih Terim\u2019in bu a\u00e7\u0131klamas\u0131, asl\u0131nda Ali Ko\u00e7\u2019un daha \u00f6nceden ke\u015ffetti\u011fi var olan yollar\u0131n nas\u0131l i\u015fletilmesi gerekti\u011finin ispat\u0131na y\u00f6nelikti.<\/p>\n<p>O y\u00fczden direk Fatih Terim\u2019i hedef ald\u0131. Terim\u2019in \u00f6nceden ele ge\u00e7irmi\u015f oldu\u011fu yol ve y\u00f6ntemleri kullanmas\u0131na izin vermeden, kendi y\u00f6ntemleri ile var olan\u0131 kullanma talebi bu tart\u0131\u015fman\u0131n ana men\u00fcs\u00fcn\u00fc olu\u015fturmaktayd\u0131.<\/p>\n<p>Birinci, hedef TFF i\u00e7indeki Galatasaray lobisinin faaliyetlerini de\u015fifre ederek ve bunun \u00fczerine bask\u0131 kurmakt\u0131. \u0130kincisi, kendi lobisini olu\u015fturarak \u015fampiyonluk i\u00e7in avantaj yakalamakt\u0131.<\/p>\n<p>Aksi taktirde Fenerbah\u00e7e\u2019nin \u015fampiyonlu\u011fu hayal olacakt\u0131.<\/p>\n<p>Tabii Ali Ko\u00e7\u2019un TFF \u00fczerindeki bask\u0131s\u0131 ve bunu kullanma stratejisi kar\u015f\u0131l\u0131k bulmaya ba\u015flay\u0131nca ve Galatasaray lobisinin engellenmesi ile Terim k\u00f6\u015feye s\u0131k\u0131\u015f\u0131nca baz\u0131 ger\u00e7eklerin de ortaya \u00e7\u0131kmas\u0131 ka\u00e7\u0131n\u0131lmaz oldu.<\/p>\n<p>Terim taraf\u0131 art\u0131k belli\u2026<\/p>\n<p>Ama Fenerbah\u00e7e ve Be\u015fikta\u015f taraf\u0131n\u0131 biraz irdelemek laz\u0131m.<\/p>\n<p>Ali Ko\u00e7\u2019un buradaki handikab\u0131 Ersun Yanal\u2026 \u0130stedi\u011fi rand\u0131man\u0131 alam\u0131yor bir t\u00fcrl\u00fc\u2026<\/p>\n<p>Ama TFF neslindeki kar\u015f\u0131l\u0131klar\u0131n\u0131 bulmaya ba\u015flad\u0131.<\/p>\n<p>Zekeriya Alp\u2019i bir ofise davet edip onun ile g\u00f6r\u00fc\u015fmesinin izah\u0131 yok. Ne kadar masum bir talepmi\u015f gibi sunulsa da&#8230;<\/p>\n<p>Zekeriya Alp\u2019in hemen istifa etmesi gerek. Bu b\u00fcy\u00fck bir skandald\u0131r.<\/p>\n<p>Ali Ko\u00e7\u2019un talebinin futbol i\u00e7inde kar\u015f\u0131l\u0131\u011f\u0131 yoktur. Her ne kadar Fenerbah\u00e7e\u2019nin \u00e7\u0131karlar\u0131na hizmet etse de (!). Ama \u00fclkedeki futbolun ara\u00e7 haline getirilmesi bu tip davran\u0131\u015flar\u0131 zorunlu k\u0131ld\u0131\u011f\u0131 gibi, sahadaki y\u00f6netim mekanizmas\u0131n\u0131 da dizayn ediyor.<\/p>\n<p>Zekeriya Alp b\u00f6yle bir \u00e7a\u011fr\u0131ya olumlu cevap vermesinin sonu\u00e7lar\u0131n\u0131n a\u011f\u0131r olaca\u011f\u0131 belliyken, saha y\u00f6netiminin de bu cevab\u0131n kar\u015f\u0131l\u0131\u011f\u0131n\u0131 sa\u011flamas\u0131 asl\u0131nda \u015fa\u015f\u0131rt\u0131c\u0131 de\u011fildi.<br \/>\nBu y\u00fczden, penalt\u0131lar\u0131n ve VAR\u2019\u0131n tart\u0131\u015fma konusu olmas\u0131 ka\u00e7\u0131n\u0131lmaz olur ki; bu resme g\u00f6re de her \u015fey yolunda ilerlemi\u015f.<\/p>\n<p>\u015eimdi C\u00fcneyt \u00c7ak\u0131r ile Mete Kalkavan aras\u0131ndaki kay\u0131tlar\u0131n ka\u00e7\u0131n\u0131lmaz olarak a\u00e7\u0131klanmas\u0131 gerekir, e\u011fer bir sorun varsa herkes hukuki yollardan hakk\u0131n\u0131 aras\u0131n.<\/p>\n<p>Gelelim hakk\u0131n\u0131 aramas\u0131 gereken Be\u015fikta\u015f\u2019a!<\/p>\n<p>Ba\u015fkan\u0131n ma\u00e7 sonras\u0131 yapm\u0131\u015f oldu\u011fu bas\u0131n toplant\u0131s\u0131nda, konu\u015fma yerine yaz\u0131l\u0131 bir metin okumas\u0131 \u00e7ok ilgin\u00e7ti. Be\u015fikta\u015f\u2019\u0131n ba\u015fkan\u0131n\u0131n kul\u00fcb\u00fcn haklar\u0131n\u0131 korumak i\u00e7in bas\u0131n toplant\u0131s\u0131nda yaz\u0131l\u0131 metne ihtiya\u00e7 duymadan konu\u015fmas\u0131 gerek. Ha, birtak\u0131m notlar alabilir&#8230; Tavr\u0131 sert, son derece samimi, ikna edici ve hakk\u0131n\u0131 savunacak bir \u015fekilde olmal\u0131yd\u0131.<\/p>\n<p>Tek bir \u00e7\u0131k\u0131\u015f noktas\u0131 olmal\u0131yd\u0131, o da bu oyunu bozmak \u00fczerine\u2026 E\u011fer bu oyunu bozamazsa Be\u015fikta\u015f\u2019\u0131n ba\u015far\u0131 \u015fans\u0131 bu ligde yoktur.<\/p>\n<p>Her platformda hesap sorun!<\/p>\n<p>Sa\u011f\u0131ndaki ve solundakinden gelen emanet metne ihtiyac\u0131 yoktu.<\/p>\n<p>Ali Ko\u00e7 ile Zekeriya Alp aras\u0131ndaki g\u00f6r\u00fc\u015fmeyi yumu\u015fak ge\u00e7ip, Zekeriya Alp\u2019in istifas\u0131n\u0131 istememesi b\u00fcy\u00fck zaaft\u0131.<\/p>\n<p>Her platformda kul\u00fcb\u00fcn para sorununu konu\u015fmalar\u0131n\u0131n art\u0131k kamuoyunda bir kar\u015f\u0131l\u0131\u011f\u0131 yok. Bunu bir kenara koyup Be\u015fikta\u015f i\u00e7in oyunun akt\u00f6r\u00fc olarak tav\u0131r al\u0131nmas\u0131 \u015fart.<br \/>\nKendiniz \u015fark\u0131larla t\u00fcrk\u00fclerle se\u00e7ime girip kazand\u0131n\u0131z. Kimse sizleri zorla oraya sokmad\u0131.<\/p>\n<p>Ve her \u015feyi bilerek geldiniz\u2026<\/p>\n<p>Be\u015fikta\u015f\u2019\u0131n haklar\u0131n\u0131 korumak i\u00e7in yaz\u0131l\u0131 metne ihtiya\u00e7 duyuyorsan\u0131z, zaten bu kimli\u011fi kazanamam\u0131\u015fs\u0131n\u0131z demektir.<\/p>\n<p>Zorla olmaz\u2026<\/p>\n<!-- Error, Advert is not available at this time due to schedule\/geolocation restrictions! -->\n","protected":false},"excerpt":{"rendered":"<p>NationalTurk yorumcusu M\u00fcsl\u00fcm G\u00fclhan&#8217;\u0131n bu haftaki &#8220;Ko\u00e7, Terim, \u00c7ebi, \u00c7ak\u0131r\u2026&#8221; ba\u015fl\u0131kl\u0131 yaz\u0131s\u0131; \u201c\u015eampiyonlar Ligi\u2019nde ma\u00e7lar masa ba\u015f\u0131nda de\u011fil sahada kazan\u0131l\u0131yor.\u201d Bu c\u00fcmleyi s\u00f6yleyen ki\u015fi Fatih Terim. Ve Galatasaray\u2019\u0131n ba\u015f\u0131nda sekiz kez T\u00fcrkiye Ligi \u015fampiyonlu\u011fu kazanm\u0131\u015f bir teknik direkt\u00f6r! Yola bu \u00f6nemli a\u00e7\u0131klamadan \u00e7\u0131kmak gerekir ki; son zamanlardaki geli\u015fen olaylar\u0131 ve Fenerbah\u00e7e-Be\u015fikta\u015f ma\u00e7\u0131n\u0131 da iyi analiz &hellip;<\/p>\n","protected":false},"author":4,"featured_media":284689,"comment_status":"open","ping_status":"closed","sticky":false,"template":"","format":"standard","meta":{"_acf_changed":false,"footnotes":""},"categories":[6155,6774,26554,5005],"tags":[96186,2522,1748,5891,849,4114,195969],"class_list":["post-284688","post","type-post","status-publish","format-standard","has-post-thumbnail","hentry","category-gundem","category-futbol","category-haftanin-yorumu","category-manset","tag-ahmet-nur-cebi","tag-ali-koc","tag-besiktas","tag-fatih-terim","tag-fenerbahce","tag-galatasaray","tag-muslum-gulhan"],"acf":[],"_links":{"self":[{"href":"https:\/\/www.nationalturk.com\/tr\/wp-json\/wp\/v2\/posts\/284688","targetHints":{"allow":["GET"]}}],"collection":[{"href":"https:\/\/www.nationalturk.com\/tr\/wp-json\/wp\/v2\/posts"}],"about":[{"href":"https:\/\/www.nationalturk.com\/tr\/wp-json\/wp\/v2\/types\/post"}],"author":[{"embeddable":true,"href":"https:\/\/www.nationalturk.com\/tr\/wp-json\/wp\/v2\/users\/4"}],"replies":[{"embeddable":true,"href":"https:\/\/www.nationalturk.com\/tr\/wp-json\/wp\/v2\/comments?post=284688"}],"version-history":[{"count":0,"href":"https:\/\/www.nationalturk.com\/tr\/wp-json\/wp\/v2\/posts\/284688\/revisions"}],"wp:featuredmedia":[{"embeddable":true,"href":"https:\/\/www.nationalturk.com\/tr\/wp-json\/wp\/v2\/media\/284689"}],"wp:attachment":[{"href":"https:\/\/www.nationalturk.com\/tr\/wp-json\/wp\/v2\/media?parent=284688"}],"wp:term":[{"taxonomy":"category","embeddable":true,"href":"https:\/\/www.nationalturk.com\/tr\/wp-json\/wp\/v2\/categories?post=284688"},{"taxonomy":"post_tag","embeddable":true,"href":"https:\/\/www.nationalturk.com\/tr\/wp-json\/wp\/v2\/tags?post=284688"}],"curies":[{"name":"wp","href":"https:\/\/api.w.org\/{rel}","templated":true}]}}