{"id":284855,"date":"2020-01-03T13:47:08","date_gmt":"2020-01-03T10:47:08","guid":{"rendered":"https:\/\/www.nationalturk.com\/?p=284855"},"modified":"2020-01-03T13:47:08","modified_gmt":"2020-01-03T10:47:08","slug":"baskanlar-ve-antrenorler","status":"publish","type":"post","link":"https:\/\/www.nationalturk.com\/tr\/baskanlar-ve-antrenorler\/","title":{"rendered":"Ba\u015fkanlar ve antren\u00f6rler"},"content":{"rendered":"<h2>NationalTurk yorumcusu M\u00fcsl\u00fcm G\u00fclhan&#8217;\u0131n bu haftaki &#8220;Ba\u015fkanlar ve antren\u00f6rler&#8221; ba\u015fl\u0131kl\u0131 yaz\u0131s\u0131;<\/h2>\n<p>\u00d6ncelikle, her iki mevkide bulunan ki\u015filerin t\u00fcm \u00f6zellikleri y\u00f6resel i\u00e7erik ta\u015f\u0131d\u0131\u011f\u0131ndan dolay\u0131 de\u011ferlendirmeyi \u00fclkenin s\u0131n\u0131rlar\u0131 i\u00e7erisinde yapmak zorunday\u0131m.<\/p>\n<p>Her bak\u0131mdan k\u00fcresel futbol ile \u2018uyu\u015fmazl\u0131k\u2019 ya\u015fayan \u00fclke futbolunu ba\u015fkala\u015ft\u0131rarak, kald\u0131ramayaca\u011f\u0131 anlamlar y\u00fcklemenin bir de\u011feri yok. S\u00fcreci \u2018\u00e7eli\u015fki\u2019 olarak de\u011ferlendirmek de m\u00fcmk\u00fcn de\u011fil. \u00c7\u00fcnk\u00fc, \u00e7eli\u015fki olsayd\u0131, diyalektik bir izah kurgusuna sahip oldu\u011fundan i\u00e7inde \u00e7\u00f6z\u00fcm olurdu. \u00dclke futbolunun, herhangi bir \u00e7\u0131k\u0131\u015fa veya k\u00fcresel futbol de\u011fer ve dinamiklerine sahip olma gibi bir derdi olmad\u0131\u011f\u0131ndan, d\u00fcz anlat\u0131m\u0131 se\u00e7mek herkesin yarar\u0131na olacakt\u0131r.<\/p>\n<p>D\u00fcnyada, futbol kul\u00fcplerine y\u00f6nelik spesifik y\u00f6netici e\u011fitimini veren bir kurum yoktur. Genel Spor Y\u00f6neticili\u011fi yan\u0131nda, normal i\u015fletme fak\u00fcltelerinin vermi\u015f oldu\u011fu e\u011fitim s\u00fcre\u00e7 i\u00e7in var olanlard\u0131r.<\/p>\n<p>Bu e\u011fitimlerin genel kavramlar i\u00e7ermesi s\u00fcreci eksik k\u0131l\u0131yor. Futbolun i\u00e7inden gelip, edinilmi\u015f pratik futbol bilgilerini geli\u015ftirecek bu e\u011fitim kurgusu i\u00e7inde bir yap\u0131lanma, futbolun bug\u00fcnk\u00fc iktisadi ve y\u00f6netsel mekanizmas\u0131na h\u00e2kim olup m\u00fcdahale edecek \u00f6zelliklere o zaman sahip olur.<br \/>\nT\u00fcrkiye\u2019nin zaten e\u011fitim ile ilgili b\u00fcy\u00fck sorunlar\u0131 var ki buralar i\u00e7in kayg\u0131 ta\u015f\u0131mas\u0131 m\u00fcmk\u00fcn de\u011fil.<\/p>\n<p>T\u00fcrkiye sermeyesi, burjuvazi k\u00fclt\u00fcr\u00fcne sahip olmad\u0131\u011f\u0131ndan ve s\u00fcrekli siyasi ili\u015fkiler sayesinde kamu ihaleleri ile haks\u0131z rekabet i\u00e7erisinde geli\u015fti\u011finden k\u00fcresel i\u015f insan\u0131 olma \u00f6zelli\u011fine sahip de\u011fildir. Haliyle, ortaya kendi i\u015f hayatlar\u0131nda edinmi\u015f olduklar\u0131 yetersiz bilgiler \u00fczerinden kul\u00fcpleri y\u00f6neten bir \u2018esnaf\u2019 y\u00f6netici profili ortaya \u00e7\u0131k\u0131yor.<\/p>\n<p>Bu s\u00fcre\u00e7 i\u00e7in e\u011fitime ve k\u00fclt\u00fcre ihtiya\u00e7 yoktur.<\/p>\n<p>Antren\u00f6rler ise:<\/p>\n<p>Profesyonel ya da amat\u00f6r futbol oynad\u0131klar\u0131 s\u00fcre i\u00e7iri\u015finde meslek kurgusunun al\u0131\u015fk\u0131nl\u0131\u011f\u0131ndan dolay\u0131, de\u011fi\u015fim ile ilgili veya k\u00fcresel futbolun meslek unsurlar\u0131n\u0131n neleri kapsad\u0131\u011f\u0131na dair hi\u00e7bir kayg\u0131 duymadan, sadece para kazanma odakl\u0131 ili\u015fkiler \u00fczerinden mesle\u011fini icra ederek futbol hayatlar\u0131na devam ederler.<\/p>\n<p>Tek ama\u00e7 para kazanma s\u00fcrecinin aksamamas\u0131n\u0131 sa\u011flamakt\u0131r.<\/p>\n<p>Bu al\u0131\u015fkanl\u0131klar\u0131 maalesef antren\u00f6r olduktan sonra da devam ettiriyorlar. Antren\u00f6r olarak, futbolcu olduklar\u0131 d\u00f6neme ait baz\u0131 unsurlar\u0131 ta\u015f\u0131mas\u0131na ra\u011fmen, bilginin edinilme zorunlulu\u011fu ve bunu prensipler halinde sahaya yans\u0131tma felsefesini asla ihtiya\u00e7 olarak hissetmiyorlar.<\/p>\n<p>Futbolcuyken, \u00e7al\u0131\u015fm\u0131\u015f olduklar\u0131 antren\u00f6rlerden edindikleri tam oturmam\u0131\u015f bilgiler ile \u00fczerlerinde kalan uygulamalar\u0131, meslek olarak antren\u00f6rl\u00fc\u011f\u00fc se\u00e7tiklerinde bunlar\u0131 sahada kullanmak onlar i\u00e7in her zaman en k\u0131sa ve en rahat yol oldu.<\/p>\n<p>T\u00fcrkiye\u2019ye gelen en prensipli sistem bilgisine sahip Gordon Milne ve onun ile Be\u015fikta\u015f\u2019ta \u00e7al\u0131\u015fan futbolcular\u0131n, antren\u00f6rl\u00fck hayatlar\u0131ndaki durumu buna en iyi \u00f6rnektir. Hepsinde Gordon Milne\u2019den par\u00e7alar g\u00f6r\u00fcrs\u00fcn\u00fcz.<\/p>\n<p>Antren\u00f6rler i\u00e7in Avrupa\u2019da \u00e7al\u0131\u015fma kayg\u0131s\u0131 ta\u015f\u0131madan, buradaki b\u00fcy\u00fck \u2018rant\u2019 kurgusundan yararlanmak \u00e7ok cazip ve kolay oluyor. Bu bizim i\u00e7in en b\u00fcy\u00fck tehlikedir. Umar\u0131m gen\u00e7 antren\u00f6rler, gen\u00e7 futbolcular gibi de bu duruma tav\u0131r al\u0131rlar.<\/p>\n<p>Yetersizliklerini en iyi Avrupa kupalar\u0131ndaki kar\u015f\u0131la\u015fmalar\u0131nda g\u00f6r\u00fcr\u00fcz. Bu yeterli bir k\u0131yaslamad\u0131r.<\/p>\n<p>Bu kadar kaygan zemindeki iki meslek grubunun, birbirlerine ba\u011fl\u0131 olarak \u00e7al\u0131\u015fmas\u0131, b\u00fcy\u00fck sorunlar yuma\u011f\u0131n\u0131 da beraberinde getiriyor. Mesleki etik de\u011ferlere sahip olmak ve bunu uygulamak, ancak mesleki bilgi donan\u0131mlar\u0131n\u0131n yan\u0131nda, entelekt\u00fcel olarak bir donan\u0131ma sahip olunursa m\u00fcmk\u00fcn olur.<\/p>\n<p>Aksi, \u00e7at\u0131\u015fma ka\u00e7\u0131n\u0131lmaz olur ki oluyor.<\/p>\n<p>Bunun en iyi \u00f6rne\u011fi, kaybedilen ma\u00e7lardan sonra kul\u00fcp ba\u015fkanlar\u0131n\u0131n yapm\u0131\u015f olduklar\u0131 a\u00e7\u0131klamalard\u0131r.<\/p>\n<p>Ya antren\u00f6rleri seyircinin \u00f6n\u00fcne atarak y\u0131prat\u0131yorlar. Ya da rakip tak\u0131m\u0131 ve rakip antren\u00f6r \u00fczerinden manip\u00fcle yaparak antren\u00f6rlerini y\u0131prat\u0131yorlar.<br \/>\nEllerindeki kendilerinin olmayan para ve sorumluklar\u0131 olmadan y\u00f6netme g\u00fcc\u00fc onlara b\u00f6yle bir anlams\u0131z cesaret veriyor.<\/p>\n<p>Hiyerar\u015fik kurguda, \u00e7al\u0131\u015fma arkada\u015f\u0131 oldu\u011fu antren\u00f6r\u00fc ile y\u00fcz y\u00fcze g\u00f6r\u00fc\u015f\u00fcp tart\u0131\u015fmak nedense onlara zor geliyor. \u2018Esnaf\u2019 k\u00fclt\u00fcr\u00fc b\u00f6yle bir \u015feydir.<\/p>\n<p>Haliyle, eksik donan\u0131ma sahip antren\u00f6rler de, kazan\u0131lan bir ma\u00e7 sonras\u0131, can havliyle (!) farkl\u0131 cesaretle cevap vermeleri ka\u00e7\u0131n\u0131lmaz oluyor.<\/p>\n<p>Ve bu b\u00f6yle s\u00fcr\u00fcp gidiyor.<\/p>\n<!-- Error, Advert is not available at this time due to schedule\/geolocation restrictions! -->\n","protected":false},"excerpt":{"rendered":"<p>NationalTurk yorumcusu M\u00fcsl\u00fcm G\u00fclhan&#8217;\u0131n bu haftaki &#8220;Ba\u015fkanlar ve antren\u00f6rler&#8221; ba\u015fl\u0131kl\u0131 yaz\u0131s\u0131; \u00d6ncelikle, her iki mevkide bulunan ki\u015filerin t\u00fcm \u00f6zellikleri y\u00f6resel i\u00e7erik ta\u015f\u0131d\u0131\u011f\u0131ndan dolay\u0131 de\u011ferlendirmeyi \u00fclkenin s\u0131n\u0131rlar\u0131 i\u00e7erisinde yapmak zorunday\u0131m. Her bak\u0131mdan k\u00fcresel futbol ile \u2018uyu\u015fmazl\u0131k\u2019 ya\u015fayan \u00fclke futbolunu ba\u015fkala\u015ft\u0131rarak, kald\u0131ramayaca\u011f\u0131 anlamlar y\u00fcklemenin bir de\u011feri yok. S\u00fcreci \u2018\u00e7eli\u015fki\u2019 olarak de\u011ferlendirmek de m\u00fcmk\u00fcn de\u011fil. \u00c7\u00fcnk\u00fc, \u00e7eli\u015fki olsayd\u0131, &hellip;<\/p>\n","protected":false},"author":4,"featured_media":284856,"comment_status":"open","ping_status":"closed","sticky":false,"template":"","format":"standard","meta":{"_acf_changed":false,"footnotes":""},"categories":[6155,6774,26554,5005],"tags":[195969],"class_list":["post-284855","post","type-post","status-publish","format-standard","has-post-thumbnail","hentry","category-gundem","category-futbol","category-haftanin-yorumu","category-manset","tag-muslum-gulhan"],"acf":[],"_links":{"self":[{"href":"https:\/\/www.nationalturk.com\/tr\/wp-json\/wp\/v2\/posts\/284855","targetHints":{"allow":["GET"]}}],"collection":[{"href":"https:\/\/www.nationalturk.com\/tr\/wp-json\/wp\/v2\/posts"}],"about":[{"href":"https:\/\/www.nationalturk.com\/tr\/wp-json\/wp\/v2\/types\/post"}],"author":[{"embeddable":true,"href":"https:\/\/www.nationalturk.com\/tr\/wp-json\/wp\/v2\/users\/4"}],"replies":[{"embeddable":true,"href":"https:\/\/www.nationalturk.com\/tr\/wp-json\/wp\/v2\/comments?post=284855"}],"version-history":[{"count":0,"href":"https:\/\/www.nationalturk.com\/tr\/wp-json\/wp\/v2\/posts\/284855\/revisions"}],"wp:featuredmedia":[{"embeddable":true,"href":"https:\/\/www.nationalturk.com\/tr\/wp-json\/wp\/v2\/media\/284856"}],"wp:attachment":[{"href":"https:\/\/www.nationalturk.com\/tr\/wp-json\/wp\/v2\/media?parent=284855"}],"wp:term":[{"taxonomy":"category","embeddable":true,"href":"https:\/\/www.nationalturk.com\/tr\/wp-json\/wp\/v2\/categories?post=284855"},{"taxonomy":"post_tag","embeddable":true,"href":"https:\/\/www.nationalturk.com\/tr\/wp-json\/wp\/v2\/tags?post=284855"}],"curies":[{"name":"wp","href":"https:\/\/api.w.org\/{rel}","templated":true}]}}