{"id":284909,"date":"2020-01-06T12:19:09","date_gmt":"2020-01-06T09:19:09","guid":{"rendered":"https:\/\/www.nationalturk.com\/?p=284909"},"modified":"2020-01-06T12:19:28","modified_gmt":"2020-01-06T09:19:28","slug":"wi-fi-sifrenizi-paylastiginiz-kisi-suc-islerse-siz-de-sorumlusunuz","status":"publish","type":"post","link":"https:\/\/www.nationalturk.com\/tr\/wi-fi-sifrenizi-paylastiginiz-kisi-suc-islerse-siz-de-sorumlusunuz\/","title":{"rendered":"&#8220;Wi-Fi \u015fifrenizi payla\u015ft\u0131\u011f\u0131n\u0131z ki\u015fi su\u00e7 i\u015flerse siz de sorumlusunuz&#8221;"},"content":{"rendered":"<h2>T\u00fcrk Telekom CEO\u2019su \u00d6nal, internet abonelerinin Wi-Fi \u015fifrelerini herkesle payla\u015fmamas\u0131 gerekti\u011fini, aksi halde bu Wi-Fi adresi \u00fczerinden su\u00e7a neden olan t\u00fcm i\u015flem ve payla\u015f\u0131mlarda \u015fifreyi payla\u015fan internet abonesinin de sorumlu oldu\u011funu bildirdi.<\/h2>\n<p>T\u00fcrk Telekom CEO\u2019su \u00dcmit \u00d6nal, AA muhabirine yapt\u0131\u011f\u0131 a\u00e7\u0131klamada, Yarg\u0131tay\u0131n sosyal medya hesab\u0131 \u00fczerinden hakaret i\u00e7erikli payla\u015f\u0131mda bulunan ki\u015filerle birlikte, bilgisayar\u0131n internete ba\u011fland\u0131\u011f\u0131 hat sahibinin de manevi tazminat \u00f6demesi gerekti\u011fine h\u00fckmetmesine dikkati \u00e7ekerek, baz\u0131 uyar\u0131larda bulundu. <\/p>\n<p>\u0130nternet abonelerinin dijital ortama ba\u011flan\u0131rken \u00e7\u0131k\u0131\u015f yapt\u0131klar\u0131 IP adreslerinin kullan\u0131c\u0131lar\u0131n dijital kimlikleri oldu\u011funu belirten \u00d6nal, abonelerin \u015fifrelerini ba\u015fkalar\u0131yla payla\u015fmas\u0131yla, internetteki kimliklerini de payla\u015fm\u0131\u015f olduklar\u0131n\u0131 s\u00f6yledi. \u00d6nal, bu \u015fifre ile internete giri\u015f yapan herkesin asl\u0131nda as\u0131l internet abonesinin kimli\u011fi ile internete ba\u011flanm\u0131\u015f oldu\u011funu ifade etti.<\/p>\n<p>\u00d6nal, bu nedenle internette olumsuz payla\u015f\u0131mlarda ya da eylemlerde bulunan ki\u015filerin, asl\u0131nda masum olan ama internet \u015fifresini payla\u015fan ki\u015fileri de su\u00e7lu konuma d\u00fc\u015f\u00fcrebilece\u011fine dikkati \u00e7ekti.<\/p>\n<h3>&#8220;\u0130nternet servis sa\u011flay\u0131c\u0131lar\u0131na da kullan\u0131c\u0131lara da b\u00fcy\u00fck g\u00f6revler d\u00fc\u015fmektedir&#8221;<\/h3>\n<p>\u0130nternetin sa\u011flad\u0131\u011f\u0131 \u00f6zg\u00fcrl\u00fc\u011f\u00fcn \u2018s\u0131n\u0131rs\u0131z ve sorumsuz\u2019 bir d\u00fcnya yaratma amac\u0131na hizmet edemeyece\u011fini belirten \u00dcmit \u00d6nal, &#8220;Kullan\u0131c\u0131lar\u0131n internet \u00fczerindeki kimlikleri \u0130P adresleridir. \u0130nternet aboneleri kablosuz ba\u011flant\u0131 olan Wi-Fi ile internete eri\u015ftiklerinde de bu IP adresleri \u00fczerinden dijital ortamda var olmaktad\u0131rlar. Dolay\u0131s\u0131yla ev ya da i\u015f yerlerinde internet aboneli\u011fi bulunan kullan\u0131c\u0131lar, \u015fifrelerini herkesle payla\u015ft\u0131klar\u0131nda dijital kimliklerini de bilin\u00e7li olarak payla\u015fm\u0131\u015f say\u0131lmaktad\u0131rlar. Bu adres \u00fczerinden yap\u0131lan ve su\u00e7 unsuru say\u0131lan t\u00fcm eylemlerden, hakaret ya da su\u00e7 i\u00e7erikli sosyal medya payla\u015f\u0131mlar\u0131ndan internet abonesi olan ve Wi-Fi \u015fifresini payla\u015fan kullan\u0131c\u0131lar da sorumludur. Al\u0131nan karar da bunun en somut \u00f6rne\u011fidir.&#8221; diye konu\u015ftu.<\/p>\n<p>\u0130nternet servis sa\u011flay\u0131c\u0131s\u0131 fark etmeksizin, kullan\u0131c\u0131lar\u0131n, \u015fifrelerini payla\u015fmamas\u0131 gerekti\u011fini ifade eden \u00d6nal, \u015f\u00f6yle devam etti:<\/p>\n<p>&#8220;\u0130nternet abonelikleri, aboneli\u011fi yapan kullan\u0131c\u0131lar i\u00e7indir. Bu nedenle WiFi \u015fifresinin, ya\u015fam alanlar\u0131nda, apartmanlarda, kom\u015fular aras\u0131nda yani birden fazla kullan\u0131c\u0131yla payla\u015f\u0131lmas\u0131 sak\u0131ncal\u0131 durumlara neden olabilmektedir. \u00d6zellikle kablosuz internet ba\u011flant\u0131lar\u0131nda payla\u015f\u0131mc\u0131 olunmamal\u0131d\u0131r. Bu konuda internet servis sa\u011flay\u0131c\u0131lar\u0131na da kullan\u0131c\u0131lara da b\u00fcy\u00fck g\u00f6revler d\u00fc\u015fmektedir. Al\u0131nan karar da internette su\u00e7 i\u015flenmesinde, WiFi \u015fifresini payla\u015fan ki\u015finin de sorumlu olaca\u011f\u0131n\u0131 g\u00f6sterdi. \u00c7\u00fcnk\u00fc i\u015flenen su\u00e7larda servis sa\u011flay\u0131c\u0131s\u0131ndan \u00e7\u0131k\u0131\u015f yap\u0131lan ip adresi \u015fifreyi veren ki\u015fi \u00fczerinedir. Bu durumda \u015fifreyi payla\u015fan ki\u015fi ya da ki\u015filer \u015f\u00fcpheli duruma gelecektir.\u201d<\/p>\n<!-- Error, Advert is not available at this time due to schedule\/geolocation restrictions! -->\n","protected":false},"excerpt":{"rendered":"<p>T\u00fcrk Telekom CEO\u2019su \u00d6nal, internet abonelerinin Wi-Fi \u015fifrelerini herkesle payla\u015fmamas\u0131 gerekti\u011fini, aksi halde bu Wi-Fi adresi \u00fczerinden su\u00e7a neden olan t\u00fcm i\u015flem ve payla\u015f\u0131mlarda \u015fifreyi payla\u015fan internet abonesinin de sorumlu oldu\u011funu bildirdi. T\u00fcrk Telekom CEO\u2019su \u00dcmit \u00d6nal, AA muhabirine yapt\u0131\u011f\u0131 a\u00e7\u0131klamada, Yarg\u0131tay\u0131n sosyal medya hesab\u0131 \u00fczerinden hakaret i\u00e7erikli payla\u015f\u0131mda bulunan ki\u015filerle birlikte, bilgisayar\u0131n internete ba\u011fland\u0131\u011f\u0131 &hellip;<\/p>\n","protected":false},"author":4,"featured_media":284910,"comment_status":"open","ping_status":"closed","sticky":false,"template":"","format":"standard","meta":{"_acf_changed":false,"footnotes":""},"categories":[6155,5005,6224,6805],"tags":[8340,93969],"class_list":["post-284909","post","type-post","status-publish","format-standard","has-post-thumbnail","hentry","category-gundem","category-manset","category-teknoloji","category-turkiye","tag-turk-telekom","tag-wi-fi"],"acf":[],"_links":{"self":[{"href":"https:\/\/www.nationalturk.com\/tr\/wp-json\/wp\/v2\/posts\/284909","targetHints":{"allow":["GET"]}}],"collection":[{"href":"https:\/\/www.nationalturk.com\/tr\/wp-json\/wp\/v2\/posts"}],"about":[{"href":"https:\/\/www.nationalturk.com\/tr\/wp-json\/wp\/v2\/types\/post"}],"author":[{"embeddable":true,"href":"https:\/\/www.nationalturk.com\/tr\/wp-json\/wp\/v2\/users\/4"}],"replies":[{"embeddable":true,"href":"https:\/\/www.nationalturk.com\/tr\/wp-json\/wp\/v2\/comments?post=284909"}],"version-history":[{"count":0,"href":"https:\/\/www.nationalturk.com\/tr\/wp-json\/wp\/v2\/posts\/284909\/revisions"}],"wp:featuredmedia":[{"embeddable":true,"href":"https:\/\/www.nationalturk.com\/tr\/wp-json\/wp\/v2\/media\/284910"}],"wp:attachment":[{"href":"https:\/\/www.nationalturk.com\/tr\/wp-json\/wp\/v2\/media?parent=284909"}],"wp:term":[{"taxonomy":"category","embeddable":true,"href":"https:\/\/www.nationalturk.com\/tr\/wp-json\/wp\/v2\/categories?post=284909"},{"taxonomy":"post_tag","embeddable":true,"href":"https:\/\/www.nationalturk.com\/tr\/wp-json\/wp\/v2\/tags?post=284909"}],"curies":[{"name":"wp","href":"https:\/\/api.w.org\/{rel}","templated":true}]}}