{"id":284977,"date":"2020-01-08T14:00:42","date_gmt":"2020-01-08T11:00:42","guid":{"rendered":"https:\/\/www.nationalturk.com\/?p=284977"},"modified":"2020-01-08T14:00:42","modified_gmt":"2020-01-08T11:00:42","slug":"lufthansa-iran-ve-irak-ucuslarini-durdurdu","status":"publish","type":"post","link":"https:\/\/www.nationalturk.com\/tr\/lufthansa-iran-ve-irak-ucuslarini-durdurdu\/","title":{"rendered":"Lufthansa \u0130ran ve Irak u\u00e7u\u015flar\u0131n\u0131 durdurdu"},"content":{"rendered":"<h2>Lufthansa, \u0130ran ve Irak&#8217;\u0131n hava sahas\u0131ndan ge\u00e7en u\u00e7u\u015f g\u00fczergahlar\u0131n\u0131 &#8220;tedbiren&#8221; ask\u0131ya ald\u0131.<\/h2>\n<p>\u015eirketten yap\u0131lan a\u00e7\u0131klamada, ABD ile \u0130ran aras\u0131nda Orta Do\u011fu&#8217;da y\u00fckselen gerilim nedeniyle \u0130ran ile Irak hava sahas\u0131ndan ge\u00e7en u\u00e7u\u015flar\u0131n g\u00fczergahlar\u0131n\u0131n talep \u00fczerine &#8220;tedbiren&#8221; de\u011fi\u015ftirilmesi karar\u0131 al\u0131nd\u0131\u011f\u0131 ve bu \u00fclkeler \u00fczerinden u\u00e7u\u015flar\u0131n yap\u0131lmad\u0131\u011f\u0131 belirtildi.<\/p>\n<p>Lufthansa, g\u00fcnl\u00fck yap\u0131lan Frankfurt-Tahran u\u00e7u\u015funun iptal edildi\u011fini ve cumartesi g\u00fcn\u00fc planlanan Erbil u\u00e7u\u015funun da yap\u0131lmayaca\u011f\u0131n\u0131 duyurdu.<\/p>\n<p>Sabah saatlerinde Ukrayna&#8217;n\u0131n ba\u015fkenti Kiev&#8217;e gitmek \u00fczere Tahran \u0130mam Humeyni Havaliman\u0131&#8217;ndan havalanan Boeing 737 tipi yolcu u\u00e7a\u011f\u0131, k\u0131sa s\u00fcre sonra d\u00fc\u015fm\u00fc\u015f, u\u00e7aktaki 176 ki\u015fiden kurtulan olmad\u0131\u011f\u0131 bildirilmi\u015fti.<\/p>\n<p>\u00d6te yandan, ABD Federal Havac\u0131l\u0131k \u0130daresi (FAA), Amerikan hava yolu \u015firketleri ve pilotlar\u0131n\u0131n \u0130ran, Irak ve Basra K\u00f6rfezi \u00fczerinde u\u00e7malar\u0131n\u0131 yasaklad\u0131\u011f\u0131n\u0131 duyurmu\u015ftu.<\/p>\n<!-- Error, Advert is not available at this time due to schedule\/geolocation restrictions! -->\n","protected":false},"excerpt":{"rendered":"<p>Lufthansa, \u0130ran ve Irak&#8217;\u0131n hava sahas\u0131ndan ge\u00e7en u\u00e7u\u015f g\u00fczergahlar\u0131n\u0131 &#8220;tedbiren&#8221; ask\u0131ya ald\u0131. \u015eirketten yap\u0131lan a\u00e7\u0131klamada, ABD ile \u0130ran aras\u0131nda Orta Do\u011fu&#8217;da y\u00fckselen gerilim nedeniyle \u0130ran ile Irak hava sahas\u0131ndan ge\u00e7en u\u00e7u\u015flar\u0131n g\u00fczergahlar\u0131n\u0131n talep \u00fczerine &#8220;tedbiren&#8221; de\u011fi\u015ftirilmesi karar\u0131 al\u0131nd\u0131\u011f\u0131 ve bu \u00fclkeler \u00fczerinden u\u00e7u\u015flar\u0131n yap\u0131lmad\u0131\u011f\u0131 belirtildi. Lufthansa, g\u00fcnl\u00fck yap\u0131lan Frankfurt-Tahran u\u00e7u\u015funun iptal edildi\u011fini ve cumartesi g\u00fcn\u00fc &hellip;<\/p>\n","protected":false},"author":4,"featured_media":284978,"comment_status":"open","ping_status":"closed","sticky":false,"template":"","format":"standard","meta":{"_acf_changed":false,"footnotes":""},"categories":[6772,6155,5005,349],"tags":[7359,1981,1694],"class_list":["post-284977","post","type-post","status-publish","format-standard","has-post-thumbnail","hentry","category-ortadogu","category-gundem","category-manset","category-son-dakika","tag-irak","tag-iran","tag-lufthansa"],"acf":[],"_links":{"self":[{"href":"https:\/\/www.nationalturk.com\/tr\/wp-json\/wp\/v2\/posts\/284977","targetHints":{"allow":["GET"]}}],"collection":[{"href":"https:\/\/www.nationalturk.com\/tr\/wp-json\/wp\/v2\/posts"}],"about":[{"href":"https:\/\/www.nationalturk.com\/tr\/wp-json\/wp\/v2\/types\/post"}],"author":[{"embeddable":true,"href":"https:\/\/www.nationalturk.com\/tr\/wp-json\/wp\/v2\/users\/4"}],"replies":[{"embeddable":true,"href":"https:\/\/www.nationalturk.com\/tr\/wp-json\/wp\/v2\/comments?post=284977"}],"version-history":[{"count":0,"href":"https:\/\/www.nationalturk.com\/tr\/wp-json\/wp\/v2\/posts\/284977\/revisions"}],"wp:featuredmedia":[{"embeddable":true,"href":"https:\/\/www.nationalturk.com\/tr\/wp-json\/wp\/v2\/media\/284978"}],"wp:attachment":[{"href":"https:\/\/www.nationalturk.com\/tr\/wp-json\/wp\/v2\/media?parent=284977"}],"wp:term":[{"taxonomy":"category","embeddable":true,"href":"https:\/\/www.nationalturk.com\/tr\/wp-json\/wp\/v2\/categories?post=284977"},{"taxonomy":"post_tag","embeddable":true,"href":"https:\/\/www.nationalturk.com\/tr\/wp-json\/wp\/v2\/tags?post=284977"}],"curies":[{"name":"wp","href":"https:\/\/api.w.org\/{rel}","templated":true}]}}