{"id":285116,"date":"2020-01-13T16:17:10","date_gmt":"2020-01-13T13:17:10","guid":{"rendered":"https:\/\/www.nationalturk.com\/?p=285116"},"modified":"2020-01-13T16:17:10","modified_gmt":"2020-01-13T13:17:10","slug":"istanbulda-9-ilce-kadar-bina-yikilacak-8-ilcede-kanalizasyonlar-cokecek","status":"publish","type":"post","link":"https:\/\/www.nationalturk.com\/tr\/istanbulda-9-ilce-kadar-bina-yikilacak-8-ilcede-kanalizasyonlar-cokecek\/","title":{"rendered":"&#8220;\u0130stanbul&#8217;da 9 il\u00e7e kadar bina y\u0131k\u0131lacak, 8 il\u00e7ede kanalizasyonlar \u00e7\u00f6kecek&#8221;"},"content":{"rendered":"<h2>Saadet Partisi \u0130stanbul \u0130l Ba\u015fkan\u0131 Abdullah Sevim, h\u00fck\u00fcmeti depreme kar\u015f\u0131 haz\u0131rl\u0131\u011fa davet etti. Beklenen depremin yarataca\u011f\u0131 olas\u0131 senaryolar\u0131 aktaran Sevim, \u0130stanbul\u2019un 9 il\u00e7esinde bina kalmayaca\u011f\u0131n\u0131 ve 25 milyon ton enkaz olu\u015faca\u011f\u0131n\u0131 ifade etti.<\/h2>\n<p>Saadet Partisi \u0130stanbul \u0130l Ba\u015fkan\u0131 Abdullah Sevim, \u0130stanbul\u2019da muhtemel bir depremde y\u0131k\u0131lacak bina say\u0131s\u0131n\u0131n yakla\u015f\u0131k 9 il\u00e7e kadar olaca\u011f\u0131n\u0131 s\u00f6yledi.<\/p>\n<p>\u0130stanbul\u2019da beklenen depreme ili\u015fkin a\u00e7\u0131klamalarda bulunan Sevim, \u201c7,5 \u015fiddetinden daha b\u00fcy\u00fck bir deprem olmas\u0131 durumunda, 48 bini \u00e7ok a\u011f\u0131r ve a\u011f\u0131r olmak \u00fczere tam 242 bin bina orta ve \u00fcst\u00fc derecede hasar g\u00f6recek. Yani yakla\u015f\u0131k her 4 binadan 1\u2019i y\u0131k\u0131lacak\u201d dedi. Sosyal medya hesab\u0131ndan payla\u015f\u0131mlarda bulunan Sevim, yapt\u0131\u011f\u0131 \u00e7a\u011fr\u0131n\u0131n 16 milyonu direkt, 82 milyonu ise dolayl\u0131 olarak ilgilendirdi\u011fini ifade etti. Sevim\u2019in a\u00e7\u0131klamalar\u0131 \u015f\u00f6yle:<\/p>\n<p>\u201cAziz \u0130stanbul\u2019un 9 il\u00e7esinde tek bir bina bile kalmayacak! 25 milyon ton enkaz olu\u015facak! \u0130stanbul\u2019daki her 3 yoldan birisi kapanacak! Bak\u0131rk\u00f6y, Fatih, K\u00fc\u00e7\u00fck\u00e7ekmece, Avc\u0131lar, Beylikd\u00fcz\u00fc, B\u00fcy\u00fck\u00e7ekmece, Adalar ve Beyo\u011flu\u2019nda kanalizasyonlar \u00e7\u00f6kecek! Bin 45 at\u0131ksu noktas\u0131 hasar g\u00f6recek! 463 i\u00e7mesuyu ve 355 do\u011falgaz noktas\u0131 zarar g\u00f6recek! Her 2 ki\u015fiden 1\u2019inin acil durum su ve yiyecek yard\u0131m\u0131na ihtiyac\u0131 olacak! 1 milyon 300 bin ki\u015fi, 1 ila 3 hafta aras\u0131nda \u00e7ad\u0131r kentlerde ya\u015famak mecburiyetinde kalacak!\u201d<\/p>\n<p>Anlamak istemeyenler art\u0131k anlas\u0131n! Duymak istemeyenler art\u0131k duysun! G\u00f6rmek istemeyenler art\u0131k g\u00f6rs\u00fcn! Herkes partizanl\u0131\u011f\u0131, k\u0131s\u0131r \u00e7eki\u015fmeleri, siyasi rant beklentisini bir kenara b\u0131raks\u0131n! \u015eairin dedi\u011fi gibi bak\u0131n yakla\u015f\u0131yor yakla\u015fmakta olan! Uzmanlar uyar\u0131yor! Yap\u0131lan ara\u015ft\u0131rmalara g\u00f6re, \u0130stanbul\u2019da 30 y\u0131l i\u00e7inde 7\u2019den b\u00fcy\u00fck bir deprem meydana gelme ihtimali y\u00fczde 65! \u0130stanbul\u2019daki 1 milyon 166 bin konutun 788 bini yani yakla\u015f\u0131k her 4 konuttan 3\u2019\u00fc 99 depreminden \u00f6nce in\u015fa edilmi\u015f. 7,5 \u015fiddetinden daha b\u00fcy\u00fck bir deprem olmas\u0131 durumunda, 48 bini \u00e7ok a\u011f\u0131r ve a\u011f\u0131r olmak \u00fczere tam 242 bin bina orta ve \u00fcst\u00fc derecede hasar g\u00f6recek. Yani yakla\u015f\u0131k her 4 binadan 1\u2019i y\u0131k\u0131lacak!<\/p>\n<p>Ba\u015fka bir \u015fekilde ifade etmek gerekirse, rakamlara oranla, 39 il\u00e7eli \u0130stanbul\u2019un 9 il\u00e7esinde tek bir bina bile kalmayacak! 25 milyon ton enkaz olu\u015facak! Deprem toplanma alanlar\u0131 da ayr\u0131 problem. \u00d6rne\u011fin Be\u015fikta\u015f\u2019ta ara sokaklar, Ey\u00fcpsultan\u2019da bir benzin istasyonu dahi toplanma alan\u0131 olarak belirlenmi\u015f durumda! Ka\u00e7 insan\u0131m\u0131z depreme kurban gidecek, ka\u00e7 eve ate\u015f d\u00fc\u015fecek bunu bilebilmek zor! Ancak, 1999\u2019da ya\u015fad\u0131klar\u0131m\u0131zdan \u00e7ok daha ac\u0131lar\u0131n\u0131 ya\u015fayaca\u011f\u0131m\u0131z, \u00e7ok daha k\u00f6t\u00fc sahnelere muhatap olaca\u011f\u0131m\u0131z\u0131 tahmin etmek maalesef hi\u00e7 de zor de\u011fil. Toplu mezarlar\u0131 ve vin\u00e7le g\u00f6m\u00fclen insanlar\u0131m\u0131z\u0131 unutmak m\u00fcmk\u00fcn de\u011fil! Hi\u00e7 bir cana, y\u00fcreklere d\u00fc\u015fecek ac\u0131lara elbette ki de\u011fer bi\u00e7ilemez ancak 7,5 \u015fiddetindeki bir depremin ekonomik zarar\u0131 120 milyar, \u015fehrimizdeki t\u00fcm birimleri g\u00fc\u00e7lendirmenin maliyeti ise 44 milyar lira.<\/p>\n<p>Tablo bu kadar vahim olunca, biz susam\u0131yoruz. Biz duram\u0131yoruz. Bu konuyu g\u00fcndemde tutabilmek, gerekli uyar\u0131lar\u0131 b\u0131kmadan, usanmadan yapmak i\u00e7in elimizden ne geliyorsa yap\u0131yoruz! Oysaki 1999\u2019dan beri icraat makam\u0131nda olanlar, i\u015f yapacak koltuklarda oturanlar sanal g\u00fcndemler, ba\u015fka konular konu\u015fuyor, sorunu \u00e7\u00f6zm\u00fcyor\/\u00e7\u00f6zemiyor \u0130stanbul sallan\u0131yor\u2026 16 milyon sallan\u0131yor\u2026 Ama yetkili makamlar hissetmiyor,  \u00f6nemsemiyor, vurdumduymaz davran\u0131yor! Deprem h\u0131zla yakla\u015f\u0131rken, idareciler riski \u00f6nlemek yerine durumu idare ediyor! \u0130stanbul i\u00e7in, 16 milyon insan\u0131m\u0131z i\u00e7in beklenen felaket ad\u0131m ad\u0131m geliyor! Bir kez daha uyar\u0131yoruz! 20 y\u0131l ge\u00e7ti. Art\u0131k b\u0131rak\u0131n b\u0131\u00e7a\u011f\u0131n kemi\u011fe dayanmas\u0131n\u0131, b\u0131\u00e7ak kemi\u011fi bile kesti ve att\u0131! Art\u0131k lam\u0131 cimi yok! En k\u00f6t\u00fc felaket senaryosuna g\u00f6re \u00f6nlem al\u0131nmal\u0131, haz\u0131rl\u0131k yap\u0131lmal\u0131, bilgi payla\u015f\u0131m\u0131 yap\u0131lmal\u0131!&#8221;<\/p>\n<!-- Error, Advert is not available at this time due to schedule\/geolocation restrictions! -->\n","protected":false},"excerpt":{"rendered":"<p>Saadet Partisi \u0130stanbul \u0130l Ba\u015fkan\u0131 Abdullah Sevim, h\u00fck\u00fcmeti depreme kar\u015f\u0131 haz\u0131rl\u0131\u011fa davet etti. Beklenen depremin yarataca\u011f\u0131 olas\u0131 senaryolar\u0131 aktaran Sevim, \u0130stanbul\u2019un 9 il\u00e7esinde bina kalmayaca\u011f\u0131n\u0131 ve 25 milyon ton enkaz olu\u015faca\u011f\u0131n\u0131 ifade etti. Saadet Partisi \u0130stanbul \u0130l Ba\u015fkan\u0131 Abdullah Sevim, \u0130stanbul\u2019da muhtemel bir depremde y\u0131k\u0131lacak bina say\u0131s\u0131n\u0131n yakla\u015f\u0131k 9 il\u00e7e kadar olaca\u011f\u0131n\u0131 s\u00f6yledi. \u0130stanbul\u2019da beklenen &hellip;<\/p>\n","protected":false},"author":4,"featured_media":269211,"comment_status":"open","ping_status":"closed","sticky":false,"template":"","format":"standard","meta":{"_acf_changed":false,"footnotes":""},"categories":[202904,6155,5005,6805],"tags":[14234,12778],"class_list":["post-285116","post","type-post","status-publish","format-standard","has-post-thumbnail","hentry","category-emlak","category-gundem","category-manset","category-turkiye","tag-istanbul-depremi","tag-saadet-partisi"],"acf":[],"_links":{"self":[{"href":"https:\/\/www.nationalturk.com\/tr\/wp-json\/wp\/v2\/posts\/285116","targetHints":{"allow":["GET"]}}],"collection":[{"href":"https:\/\/www.nationalturk.com\/tr\/wp-json\/wp\/v2\/posts"}],"about":[{"href":"https:\/\/www.nationalturk.com\/tr\/wp-json\/wp\/v2\/types\/post"}],"author":[{"embeddable":true,"href":"https:\/\/www.nationalturk.com\/tr\/wp-json\/wp\/v2\/users\/4"}],"replies":[{"embeddable":true,"href":"https:\/\/www.nationalturk.com\/tr\/wp-json\/wp\/v2\/comments?post=285116"}],"version-history":[{"count":0,"href":"https:\/\/www.nationalturk.com\/tr\/wp-json\/wp\/v2\/posts\/285116\/revisions"}],"wp:featuredmedia":[{"embeddable":true,"href":"https:\/\/www.nationalturk.com\/tr\/wp-json\/wp\/v2\/media\/269211"}],"wp:attachment":[{"href":"https:\/\/www.nationalturk.com\/tr\/wp-json\/wp\/v2\/media?parent=285116"}],"wp:term":[{"taxonomy":"category","embeddable":true,"href":"https:\/\/www.nationalturk.com\/tr\/wp-json\/wp\/v2\/categories?post=285116"},{"taxonomy":"post_tag","embeddable":true,"href":"https:\/\/www.nationalturk.com\/tr\/wp-json\/wp\/v2\/tags?post=285116"}],"curies":[{"name":"wp","href":"https:\/\/api.w.org\/{rel}","templated":true}]}}