{"id":285126,"date":"2020-01-14T10:27:53","date_gmt":"2020-01-14T07:27:53","guid":{"rendered":"https:\/\/www.nationalturk.com\/?p=285126"},"modified":"2020-01-14T10:27:53","modified_gmt":"2020-01-14T07:27:53","slug":"anlasmayi-imzalamadan-moskovadan-ayrildi","status":"publish","type":"post","link":"https:\/\/www.nationalturk.com\/tr\/anlasmayi-imzalamadan-moskovadan-ayrildi\/","title":{"rendered":"Anla\u015fmay\u0131 imzalamadan Moskova&#8217;dan ayr\u0131ld\u0131"},"content":{"rendered":"<h2>Rusya D\u0131\u015fi\u015fleri Bakanl\u0131\u011f\u0131, Libya&#8217;n\u0131n do\u011fusundaki gayrime\u015fru silahl\u0131 g\u00fc\u00e7lerin lideri Halife Hafter\u2019in, ate\u015fkes g\u00f6r\u00fc\u015fmelerinin ard\u0131ndan olu\u015fturulan anla\u015fmay\u0131 imzalamadan ba\u015fkent Moskova&#8217;dan ayr\u0131ld\u0131\u011f\u0131n\u0131 bildirdi.<\/h2>\n<p>Bakanl\u0131ktan Rus haber ajans\u0131 TASS\u2019a yap\u0131lan a\u00e7\u0131klamada, Hafter&#8217;in, Ulusal Mutabakat H\u00fck\u00fcmeti (UMH) Ba\u015fbakan\u0131 Fayiz es-Serrac&#8217;\u0131n kabul etti\u011fi anla\u015fmay\u0131 imzalamadan, Moskova&#8217;dan gece saatlerinde ayr\u0131ld\u0131\u011f\u0131 belirtildi.<\/p>\n<p>A\u00e7\u0131klamada, Rusya\u2019n\u0131n Libya\u2019da taraflar aras\u0131ndaki \u00e7al\u0131\u015fmalar\u0131n\u0131 ise s\u00fcrd\u00fcrd\u00fc\u011f\u00fc kaydedildi.<\/p>\n<h3>Moskova&#8217;daki Libya krizi g\u00f6r\u00fc\u015fmeleri<\/h3>\n<p>T\u00fcrk ve Rus heyetler ile Libya\u2019daki taraflar aras\u0131nda d\u00fcn Moskova&#8217;da g\u00f6r\u00fc\u015fmeler ger\u00e7ekle\u015ftirilmi\u015fti.<\/p>\n<p>T\u00fcrk heyeti, Serrac ve Libya Devlet Y\u00fcksek Konseyi Ba\u015fkan\u0131 Halid el-Mi\u015fri ile anla\u015fma metnini olu\u015fturmu\u015ftu.<\/p>\n<p>Rus heyeti ise Hafter ve Tobruk merkezli Temsilciler Meclisi&#8217;nin Ba\u015fkan\u0131 Akile Salih\u2019i ikna etmeye \u00e7al\u0131\u015fm\u0131\u015ft\u0131. Ancak Hafter, uzun u\u011fra\u015flar neticesinde olu\u015fturulan anla\u015fma metnini imzalamam\u0131\u015f ve sabaha kadar s\u00fcre istemi\u015fti.<\/p>\n<!-- Error, Advert is not available at this time due to schedule\/geolocation restrictions! -->\n","protected":false},"excerpt":{"rendered":"<p>Rusya D\u0131\u015fi\u015fleri Bakanl\u0131\u011f\u0131, Libya&#8217;n\u0131n do\u011fusundaki gayrime\u015fru silahl\u0131 g\u00fc\u00e7lerin lideri Halife Hafter\u2019in, ate\u015fkes g\u00f6r\u00fc\u015fmelerinin ard\u0131ndan olu\u015fturulan anla\u015fmay\u0131 imzalamadan ba\u015fkent Moskova&#8217;dan ayr\u0131ld\u0131\u011f\u0131n\u0131 bildirdi. Bakanl\u0131ktan Rus haber ajans\u0131 TASS\u2019a yap\u0131lan a\u00e7\u0131klamada, Hafter&#8217;in, Ulusal Mutabakat H\u00fck\u00fcmeti (UMH) Ba\u015fbakan\u0131 Fayiz es-Serrac&#8217;\u0131n kabul etti\u011fi anla\u015fmay\u0131 imzalamadan, Moskova&#8217;dan gece saatlerinde ayr\u0131ld\u0131\u011f\u0131 belirtildi. A\u00e7\u0131klamada, Rusya\u2019n\u0131n Libya\u2019da taraflar aras\u0131ndaki \u00e7al\u0131\u015fmalar\u0131n\u0131 ise s\u00fcrd\u00fcrd\u00fc\u011f\u00fc kaydedildi. Moskova&#8217;daki &hellip;<\/p>\n","protected":false},"author":4,"featured_media":285127,"comment_status":"open","ping_status":"closed","sticky":false,"template":"","format":"standard","meta":{"_acf_changed":false,"footnotes":""},"categories":[6772,6155,5005,349],"tags":[219941,4787,721],"class_list":["post-285126","post","type-post","status-publish","format-standard","has-post-thumbnail","hentry","category-ortadogu","category-gundem","category-manset","category-son-dakika","tag-halife-hafter","tag-libya","tag-rusya"],"acf":[],"_links":{"self":[{"href":"https:\/\/www.nationalturk.com\/tr\/wp-json\/wp\/v2\/posts\/285126","targetHints":{"allow":["GET"]}}],"collection":[{"href":"https:\/\/www.nationalturk.com\/tr\/wp-json\/wp\/v2\/posts"}],"about":[{"href":"https:\/\/www.nationalturk.com\/tr\/wp-json\/wp\/v2\/types\/post"}],"author":[{"embeddable":true,"href":"https:\/\/www.nationalturk.com\/tr\/wp-json\/wp\/v2\/users\/4"}],"replies":[{"embeddable":true,"href":"https:\/\/www.nationalturk.com\/tr\/wp-json\/wp\/v2\/comments?post=285126"}],"version-history":[{"count":0,"href":"https:\/\/www.nationalturk.com\/tr\/wp-json\/wp\/v2\/posts\/285126\/revisions"}],"wp:featuredmedia":[{"embeddable":true,"href":"https:\/\/www.nationalturk.com\/tr\/wp-json\/wp\/v2\/media\/285127"}],"wp:attachment":[{"href":"https:\/\/www.nationalturk.com\/tr\/wp-json\/wp\/v2\/media?parent=285126"}],"wp:term":[{"taxonomy":"category","embeddable":true,"href":"https:\/\/www.nationalturk.com\/tr\/wp-json\/wp\/v2\/categories?post=285126"},{"taxonomy":"post_tag","embeddable":true,"href":"https:\/\/www.nationalturk.com\/tr\/wp-json\/wp\/v2\/tags?post=285126"}],"curies":[{"name":"wp","href":"https:\/\/api.w.org\/{rel}","templated":true}]}}