{"id":285205,"date":"2020-01-16T10:45:22","date_gmt":"2020-01-16T07:45:22","guid":{"rendered":"https:\/\/www.nationalturk.com\/?p=285205"},"modified":"2020-01-16T10:45:22","modified_gmt":"2020-01-16T07:45:22","slug":"yerli-otomobil-ispanyadaki-fuarda-tanitilacak","status":"publish","type":"post","link":"https:\/\/www.nationalturk.com\/tr\/yerli-otomobil-ispanyadaki-fuarda-tanitilacak\/","title":{"rendered":"Yerli otomobil \u0130spanya&#8217;daki fuarda tan\u0131t\u0131lacak"},"content":{"rendered":"<h2>Yerli otomobil ilk kez \u0130spanya&#8217;n\u0131n Barcelona \u015fehrindeki MWC Fuar\u0131&#8217;nda tan\u0131t\u0131lacak. Otomobilin tan\u0131t\u0131m\u0131n\u0131 TOGG CEO&#8217;su G\u00fcrcan Karaka\u015f yapacak.<\/h2>\n<p>Cumhurba\u015fkan\u0131 Recep Tayyip Erdo\u011fan&#8217;\u0131n ilk test s\u00fcr\u00fc\u015f\u00fcn\u00fc yapt\u0131\u011f\u0131 yerli otomobil Avrupa sahnesinde boy g\u00f6sterecek. Tasar\u0131m\u0131yla ve \u00f6zellikleriyle otomobil piyasas\u0131n\u0131 sallayan yerli otomobil, ilk kez \u0130spanya&#8217;n\u0131n Barcelona kentinde MWC Fuar\u0131&#8217;nda d\u00fcnyaya tan\u0131t\u0131lacak.<\/p>\n<p>Barcelona&#8217;da 24-27 \u015eubat&#8217;ta d\u00fczenlenecek teknoloji fuar\u0131nda Avrupa sahnesine \u00e7\u0131kacak olan T\u00fcrkiye&#8217;nin otomobiline en b\u00fcy\u00fck ilgiyi gurbet\u00e7ilerin g\u00f6stermesi bekleniyor. Fuar konu\u015fmac\u0131lar\u0131 aras\u0131nda yer alan TOGG CEO&#8217;su G\u00fcrcan Karaka\u015f&#8217;\u0131n arac\u0131 otomobil fuarlar\u0131nda de\u011fil teknoloji fuarlar\u0131na kat\u0131lma s\u00f6z\u00fc de ger\u00e7ekle\u015fmi\u015f olacak.<\/p>\n<p>T\u00fcrkiye&#8217;nin d\u00fcnyada b\u00fcy\u00fck yank\u0131 uyand\u0131ran yerli otomobilin merakla beklenen detaylar\u0131 belli oldu. Bir \u00e7izgi animasyon ile tan\u0131t\u0131lan mobilite \u00f6zelli\u011finde &#8216;Otomobili yeni nesil ak\u0131ll\u0131 bir cihaza d\u00f6n\u00fc\u015ft\u00fcr\u00fcyoruz&#8217; vurgusu yap\u0131ld\u0131.<\/p>\n<p>TOGG otomobillerinin internete ba\u011fl\u0131 t\u00fcm ak\u0131ll\u0131 cihazlarla ileti\u015fimde, ba\u011flant\u0131 teknolojileriyle ak\u0131ll\u0131 ya\u015fam\u0131n merkezinde olaca\u011f\u0131 ifade edildi. Geli\u015ftirilen elektrikli yeni nesil otomobiller etraf\u0131nda olu\u015fturulan ekosistem; \u015farj altyap\u0131s\u0131ndan konum bazl\u0131 uygulamalara, di\u011fer ak\u0131ll\u0131 cihazlarla ba\u011flant\u0131dan ak\u0131ll\u0131 park uygulamalar\u0131na, \u00fcyelik bazl\u0131 ula\u015f\u0131m hizmetlerinden otomobilin yaz\u0131l\u0131m\u0131n\u0131 kablosuz g\u00fcncellemeye kadar yeni bir\u00e7ok hizmeti i\u00e7erecek ve ya\u015fam\u0131 kolayla\u015ft\u0131racak.<\/p>\n<h3>Yerli otomobilin \u00f6zellikleri<\/h3>\n<p>T\u00fcrkiye&#8217;nin Otomobili Giri\u015fim Grubu&#8217;nun (TOGG) yerli elektrikli otomobili, Cumhurba\u015fkan\u0131 Erdo\u011fan&#8217;\u0131n da kat\u0131ld\u0131\u011f\u0131 Gebze&#8217;de t\u00f6renle tan\u0131t\u0131ld\u0131. Erdo\u011fan, yerli otomobilden ilk \u00f6n sipari\u015fi verdi,<br \/>\n\u00fcretimin Bursa Gemlik&#8217;teki T\u00fcrk Silahl\u0131 Kuvvetleri arazisinde yap\u0131laca\u011f\u0131n\u0131 a\u00e7\u0131klad\u0131, &#8220;T\u00fcrkiye&#8217;nin 60 y\u0131ll\u0131k r\u00fcyas\u0131n\u0131n ger\u00e7ekle\u015fmesine \u015fahit oluyoruz&#8221; dedi.<\/p>\n<p>Yerli arac\u0131n SUV ve Sedan modelleri, Gebze&#8217;deki TOGG merkezinde t\u00f6renle kamoyuna tan\u0131t\u0131ld\u0131. Fabrika yap\u0131m\u0131n\u0131n 2020&#8217;de bitmesi, ard\u0131ndan yerli otomobilin \u00fcretimine ba\u015flanmas\u0131 planlan\u0131yor. Yerli otomobilin ilk serisinin \u00fcretiminin de 2022&#8217;de tamamlanmas\u0131 hedefleniyor.<\/p>\n<p>Yerli otomobil elektrikli motorla \u00e7al\u0131\u015facak. Otomobilin bu nedenle sessiz \u00e7al\u0131\u015fmas\u0131 ve emisyon salmamas\u0131 bekleniyor. Ak\u0131ll\u0131 otomobil \u00f6zelli\u011fi olaca\u011f\u0131 i\u00e7in s\u00fcrekli olarak internete ba\u011fl\u0131 olacak. Kokpitte iki ucun aras\u0131nda boydan boya LED ekran olacak.<\/p>\n<p>Yol durumu da hedef noktaya ula\u015fma se\u00e7enekleri de bu ekranda yer alacak. Kap\u0131 i\u00e7lerindeki hoparl\u00f6rler sayesinde m\u00fczik sisteminin de geli\u015ftirildi\u011fi belirtiliyor. Ak\u0131ll\u0131 evi olan yerli otomobil sahipleri, ak\u0131ll\u0131 evle ak\u0131ll\u0131 otomobil aras\u0131nda ba\u011flant\u0131 kurabilecek. Merkeze s\u00fcrekli ba\u011fl\u0131 olacak olan otomobil, g\u00fcncellemeleri de uzaktan 4G ya da 5G ba\u011flant\u0131s\u0131yla alabilecek.<\/p>\n<!-- Error, Advert is not available at this time due to schedule\/geolocation restrictions! -->\n","protected":false},"excerpt":{"rendered":"<p>Yerli otomobil ilk kez \u0130spanya&#8217;n\u0131n Barcelona \u015fehrindeki MWC Fuar\u0131&#8217;nda tan\u0131t\u0131lacak. Otomobilin tan\u0131t\u0131m\u0131n\u0131 TOGG CEO&#8217;su G\u00fcrcan Karaka\u015f yapacak. Cumhurba\u015fkan\u0131 Recep Tayyip Erdo\u011fan&#8217;\u0131n ilk test s\u00fcr\u00fc\u015f\u00fcn\u00fc yapt\u0131\u011f\u0131 yerli otomobil Avrupa sahnesinde boy g\u00f6sterecek. Tasar\u0131m\u0131yla ve \u00f6zellikleriyle otomobil piyasas\u0131n\u0131 sallayan yerli otomobil, ilk kez \u0130spanya&#8217;n\u0131n Barcelona kentinde MWC Fuar\u0131&#8217;nda d\u00fcnyaya tan\u0131t\u0131lacak. Barcelona&#8217;da 24-27 \u015eubat&#8217;ta d\u00fczenlenecek teknoloji fuar\u0131nda Avrupa &hellip;<\/p>\n","protected":false},"author":4,"featured_media":284726,"comment_status":"open","ping_status":"closed","sticky":false,"template":"","format":"standard","meta":{"_acf_changed":false,"footnotes":""},"categories":[6199,6155,5005,6668],"tags":[14600,15,220346,61294],"class_list":["post-285205","post","type-post","status-publish","format-standard","has-post-thumbnail","hentry","category-ekonomi","category-gundem","category-manset","category-otomobil","tag-barselona","tag-ispanya","tag-togg","tag-yerli-otomobil"],"acf":[],"_links":{"self":[{"href":"https:\/\/www.nationalturk.com\/tr\/wp-json\/wp\/v2\/posts\/285205","targetHints":{"allow":["GET"]}}],"collection":[{"href":"https:\/\/www.nationalturk.com\/tr\/wp-json\/wp\/v2\/posts"}],"about":[{"href":"https:\/\/www.nationalturk.com\/tr\/wp-json\/wp\/v2\/types\/post"}],"author":[{"embeddable":true,"href":"https:\/\/www.nationalturk.com\/tr\/wp-json\/wp\/v2\/users\/4"}],"replies":[{"embeddable":true,"href":"https:\/\/www.nationalturk.com\/tr\/wp-json\/wp\/v2\/comments?post=285205"}],"version-history":[{"count":0,"href":"https:\/\/www.nationalturk.com\/tr\/wp-json\/wp\/v2\/posts\/285205\/revisions"}],"wp:featuredmedia":[{"embeddable":true,"href":"https:\/\/www.nationalturk.com\/tr\/wp-json\/wp\/v2\/media\/284726"}],"wp:attachment":[{"href":"https:\/\/www.nationalturk.com\/tr\/wp-json\/wp\/v2\/media?parent=285205"}],"wp:term":[{"taxonomy":"category","embeddable":true,"href":"https:\/\/www.nationalturk.com\/tr\/wp-json\/wp\/v2\/categories?post=285205"},{"taxonomy":"post_tag","embeddable":true,"href":"https:\/\/www.nationalturk.com\/tr\/wp-json\/wp\/v2\/tags?post=285205"}],"curies":[{"name":"wp","href":"https:\/\/api.w.org\/{rel}","templated":true}]}}