{"id":285435,"date":"2020-01-23T14:04:16","date_gmt":"2020-01-23T11:04:16","guid":{"rendered":"https:\/\/www.nationalturk.com\/?p=285435"},"modified":"2020-01-23T14:04:16","modified_gmt":"2020-01-23T11:04:16","slug":"vedat-milor-baktigim-her-yerde-gordugum-biri-var-vedat-muriqi","status":"publish","type":"post","link":"https:\/\/www.nationalturk.com\/tr\/vedat-milor-baktigim-her-yerde-gordugum-biri-var-vedat-muriqi\/","title":{"rendered":"Vedat Milor: Bakt\u0131\u011f\u0131m her yerde g\u00f6rd\u00fc\u011f\u00fcm biri var. Vedat Muriqi"},"content":{"rendered":"<h2>Gastronomi yazar\u0131 Vedat Milor, Fenerbah\u00e7eli Vedat Muric ile ilgili olarak \u201cBirka\u00e7 ay \u00f6nce hayat\u0131ma giren ve bakt\u0131\u011f\u0131m her yerde g\u00f6rd\u00fc\u011f\u00fcm biri var. Vedat Muriqi. Instagram&#8217;da her g\u00fcn en az 10 \u00e7ekili\u015fe etiketleniyoruz&#8221; dedi. Muric de &#8220;Beni de g\u00fczel mekanlar\u0131n ve yemeklerin alt\u0131na etiketliyorlar. Damak tad\u0131m\u0131z geli\u015fiyor sayenizde&#8221; yan\u0131t\u0131n\u0131 verdi.<\/h2>\n<p>Fenerbah\u00e7eli futbolcu Vedat Muric ile gastronomi yazar\u0131 ve TV programc\u0131s\u0131 Vedat Milor\u2019un Twitter\u2019da ya\u015fad\u0131\u011f\u0131 ilgin\u00e7 diyalog sosyal medyada g\u00fcndeme damga vurdu.<\/p>\n<p>Milor, ki\u015fisel Twitter hesab\u0131nda \u201cBirka\u00e7 ay \u00f6nce hayat\u0131ma giren ve bakt\u0131\u011f\u0131m her yerde onu g\u00f6rd\u00fc\u011f\u00fcm biri var. Vedat Muriqi. Instagram&#8217;da her g\u00fcn en az 10 \u00e7ekili\u015fe birlikte etiketleniyoruz. Bir s\u00fcr\u00fc twitte de bana onun ad\u0131yla hitap ediyorlar\u201d payla\u015f\u0131m\u0131nda bulundu.<\/p>\n<p>\u200bBu payla\u015f\u0131m kullan\u0131c\u0131lar taraf\u0131ndan y\u00fczlerce kez yeniden payla\u015f\u0131l\u0131p, be\u011fenilirken Vedat Muric \u201cBeni de g\u00fczel mekanlar\u0131n ve yemeklerin alt\u0131na etiketliyorlar. Damak tad\u0131m\u0131z geli\u015fiyor sayenizde\u201d yan\u0131t\u0131n\u0131 verdi ve sosyal medyada bu diyalog g\u00fcndem oldu.<\/p>\n<p>Daha sonra ba\u015far\u0131l\u0131 golc\u00fc Muric\u2019in yan\u0131t\u0131na Milor, \u201cSevindim. Afiyet olsun\u201d cevab\u0131n\u0131 verdi.<\/p>\n<!-- Error, Advert is not available at this time due to schedule\/geolocation restrictions! -->\n","protected":false},"excerpt":{"rendered":"<p>Gastronomi yazar\u0131 Vedat Milor, Fenerbah\u00e7eli Vedat Muric ile ilgili olarak \u201cBirka\u00e7 ay \u00f6nce hayat\u0131ma giren ve bakt\u0131\u011f\u0131m her yerde g\u00f6rd\u00fc\u011f\u00fcm biri var. Vedat Muriqi. Instagram&#8217;da her g\u00fcn en az 10 \u00e7ekili\u015fe etiketleniyoruz&#8221; dedi. Muric de &#8220;Beni de g\u00fczel mekanlar\u0131n ve yemeklerin alt\u0131na etiketliyorlar. Damak tad\u0131m\u0131z geli\u015fiyor sayenizde&#8221; yan\u0131t\u0131n\u0131 verdi. Fenerbah\u00e7eli futbolcu Vedat Muric ile gastronomi &hellip;<\/p>\n","protected":false},"author":4,"featured_media":285436,"comment_status":"open","ping_status":"closed","sticky":false,"template":"","format":"standard","meta":{"_acf_changed":false,"footnotes":""},"categories":[6155,5005,6667],"tags":[],"class_list":["post-285435","post","type-post","status-publish","format-standard","has-post-thumbnail","hentry","category-gundem","category-manset","category-medya"],"acf":[],"_links":{"self":[{"href":"https:\/\/www.nationalturk.com\/tr\/wp-json\/wp\/v2\/posts\/285435","targetHints":{"allow":["GET"]}}],"collection":[{"href":"https:\/\/www.nationalturk.com\/tr\/wp-json\/wp\/v2\/posts"}],"about":[{"href":"https:\/\/www.nationalturk.com\/tr\/wp-json\/wp\/v2\/types\/post"}],"author":[{"embeddable":true,"href":"https:\/\/www.nationalturk.com\/tr\/wp-json\/wp\/v2\/users\/4"}],"replies":[{"embeddable":true,"href":"https:\/\/www.nationalturk.com\/tr\/wp-json\/wp\/v2\/comments?post=285435"}],"version-history":[{"count":0,"href":"https:\/\/www.nationalturk.com\/tr\/wp-json\/wp\/v2\/posts\/285435\/revisions"}],"wp:featuredmedia":[{"embeddable":true,"href":"https:\/\/www.nationalturk.com\/tr\/wp-json\/wp\/v2\/media\/285436"}],"wp:attachment":[{"href":"https:\/\/www.nationalturk.com\/tr\/wp-json\/wp\/v2\/media?parent=285435"}],"wp:term":[{"taxonomy":"category","embeddable":true,"href":"https:\/\/www.nationalturk.com\/tr\/wp-json\/wp\/v2\/categories?post=285435"},{"taxonomy":"post_tag","embeddable":true,"href":"https:\/\/www.nationalturk.com\/tr\/wp-json\/wp\/v2\/tags?post=285435"}],"curies":[{"name":"wp","href":"https:\/\/api.w.org\/{rel}","templated":true}]}}