{"id":285451,"date":"2020-01-24T10:24:25","date_gmt":"2020-01-24T07:24:25","guid":{"rendered":"https:\/\/www.nationalturk.com\/?p=285451"},"modified":"2020-03-20T00:01:05","modified_gmt":"2020-03-19T21:01:05","slug":"cinden-gelen-yolculara-termal-kamerali-kontrol","status":"publish","type":"post","link":"https:\/\/www.nationalturk.com\/tr\/cinden-gelen-yolculara-termal-kamerali-kontrol\/","title":{"rendered":"\u00c7in&#8217;den gelen yolculara termal kameral\u0131 kontrol"},"content":{"rendered":"<h2>\u00c7in&#8217;in Vuhan kentinde ortaya \u00e7\u0131kan yeni tip koronavir\u00fcs salg\u0131n\u0131 nedeniyle \u0130stanbul Havaliman\u0131&#8217;na bu \u00fclkeden gelen tarifeli u\u00e7aklar\u0131n yolcular\u0131, termal kameralarla kontrolden ge\u00e7irildi.<\/h2>\n<p>Pekin, Guangzhou ile \u015eangay&#8217;dan hareket eden u\u00e7aklar, saat 06.00&#8217;dan itibaren \u0130stanbul Havaliman\u0131&#8217;na  ula\u015ft\u0131.<\/p>\n<p>K\u00f6r\u00fcklere yana\u015fan u\u00e7aktan inen yolcular, Sa\u011fl\u0131k Bakanl\u0131\u011f\u0131 T\u00fcrkiye Hudut ve Sahiller Sa\u011fl\u0131k Genel M\u00fcd\u00fcrl\u00fc\u011f\u00fc ekiplerince kurulan termal kameralarla detayl\u0131 \u015fekilde tarand\u0131. \u00c7in&#8217;den gelen yolcular\u0131n b\u00fcy\u00fck \u00e7o\u011funlu\u011funun maske takt\u0131klar\u0131 g\u00f6r\u00fcld\u00fc.<\/p>\n<p>T\u00fcrkiye Hudut ve Sahiller Sa\u011fl\u0131k Genel M\u00fcd\u00fcrl\u00fc\u011f\u00fc \u0130stanbul Havaliman\u0131 Ba\u015fhekimi Dr. Aykut Yener Kavak, bas\u0131n mensuplar\u0131na yapt\u0131\u011f\u0131 a\u00e7\u0131klamada, \u00c7in&#8217;in Vuhan kentinden ba\u015flayan bir koronavir\u00fcs salg\u0131n\u0131 oldu\u011funu hat\u0131rlatt\u0131.<\/p>\n<p>Kavak, \u0130stanbul Havaliman\u0131&#8217;nda 13 Ocak&#8217;tan itibaren \u00f6nlem almaya ba\u015flad\u0131klar\u0131n\u0131, \u00c7in&#8217;deki u\u00e7u\u015flarla ilgili risk de\u011ferlendirme ve analizi yapt\u0131klar\u0131n\u0131 ifade ederek, &#8220;Havayolu \u015firketleri ile alandaki di\u011fer t\u00fcm birimlere bilgilendirme notlar\u0131 ve ki\u015fisel olarak al\u0131nabilecek tedbirleri bildirdik. Daha sonra Bakanl\u0131\u011f\u0131m\u0131z\u0131n Bilim Kurulu kararlar\u0131 do\u011frultusunda buradaki tedbirleri seviye seviye i\u015fleme koymaya ba\u015flad\u0131k. Bug\u00fcn de d\u00fcn geceden beri ba\u015flad\u0131\u011f\u0131m\u0131z termal kamera taramalar\u0131na bundan sonra \u00f6ncelikle \u00c7in u\u00e7aklar\u0131 olmak \u00fczere devam ediyoruz.&#8221; diye konu\u015ftu.<\/p>\n<p>Termal kameralar\u0131n 38 derecenin \u00fcst\u00fcndeki v\u00fccut \u0131s\u0131s\u0131n\u0131 yans\u0131tan sistemler oldu\u011funa de\u011finen Kavak, \u015f\u00f6yle devam etti:<\/p>\n<p>&#8220;Bunlar sadece kamera \u00f6n\u00fcnden ge\u00e7ilirken v\u00fccut \u0131s\u0131s\u0131 38 derecenin \u00fczerinde olan ki\u015fileri se\u00e7memizi, ay\u0131klamam\u0131z\u0131 sa\u011fl\u0131yor. E\u011fer 38 derecenin \u00fczerindeyse o ki\u015fileri gruptan ay\u0131rarak, ilk \u00f6nce muayene ve sorgulamalar\u0131n\u0131 yap\u0131yoruz. Bir risk ya da olas\u0131 vaka olma ihtimali varsa o zaman karantina odalar\u0131m\u0131zda de\u011ferlendirmeleri bitirdikten sonra 112&#8217;nin \u00f6zel donan\u0131ml\u0131 ambulanslar\u0131yla negatif bas\u0131n\u00e7l\u0131 sedyelerle referans hastanelere sevkini sa\u011fl\u0131yoruz. Daha sonra tan\u0131 ve tedavi i\u00e7in hastanedeki s\u00fcre\u00e7 ba\u015fl\u0131yor.&#8221;<\/p>\n<p>Sa\u011fl\u0131k Bakanl\u0131\u011f\u0131, d\u00fcn yapt\u0131\u011f\u0131 a\u00e7\u0131klamada, \u00c7in&#8217;den gelen t\u00fcm u\u00e7aklardaki yolcular\u0131n ini\u015fte termal kameralarla taranaca\u011f\u0131n\u0131 bildirmi\u015fti.<\/p>\n<!-- Error, Advert is not available at this time due to schedule\/geolocation restrictions! -->\n","protected":false},"excerpt":{"rendered":"<p>\u00c7in&#8217;in Vuhan kentinde ortaya \u00e7\u0131kan yeni tip koronavir\u00fcs salg\u0131n\u0131 nedeniyle \u0130stanbul Havaliman\u0131&#8217;na bu \u00fclkeden gelen tarifeli u\u00e7aklar\u0131n yolcular\u0131, termal kameralarla kontrolden ge\u00e7irildi. Pekin, Guangzhou ile \u015eangay&#8217;dan hareket eden u\u00e7aklar, saat 06.00&#8217;dan itibaren \u0130stanbul Havaliman\u0131&#8217;na ula\u015ft\u0131. K\u00f6r\u00fcklere yana\u015fan u\u00e7aktan inen yolcular, Sa\u011fl\u0131k Bakanl\u0131\u011f\u0131 T\u00fcrkiye Hudut ve Sahiller Sa\u011fl\u0131k Genel M\u00fcd\u00fcrl\u00fc\u011f\u00fc ekiplerince kurulan termal kameralarla detayl\u0131 \u015fekilde &hellip;<\/p>\n","protected":false},"author":4,"featured_media":285452,"comment_status":"open","ping_status":"closed","sticky":false,"template":"","format":"standard","meta":{"_acf_changed":false,"footnotes":""},"categories":[6155,5005,349,6805],"tags":[711,220418],"class_list":["post-285451","post","type-post","status-publish","format-standard","has-post-thumbnail","hentry","category-gundem","category-manset","category-son-dakika","category-turkiye","tag-cin","tag-koronavirus"],"acf":[],"_links":{"self":[{"href":"https:\/\/www.nationalturk.com\/tr\/wp-json\/wp\/v2\/posts\/285451","targetHints":{"allow":["GET"]}}],"collection":[{"href":"https:\/\/www.nationalturk.com\/tr\/wp-json\/wp\/v2\/posts"}],"about":[{"href":"https:\/\/www.nationalturk.com\/tr\/wp-json\/wp\/v2\/types\/post"}],"author":[{"embeddable":true,"href":"https:\/\/www.nationalturk.com\/tr\/wp-json\/wp\/v2\/users\/4"}],"replies":[{"embeddable":true,"href":"https:\/\/www.nationalturk.com\/tr\/wp-json\/wp\/v2\/comments?post=285451"}],"version-history":[{"count":0,"href":"https:\/\/www.nationalturk.com\/tr\/wp-json\/wp\/v2\/posts\/285451\/revisions"}],"wp:featuredmedia":[{"embeddable":true,"href":"https:\/\/www.nationalturk.com\/tr\/wp-json\/wp\/v2\/media\/285452"}],"wp:attachment":[{"href":"https:\/\/www.nationalturk.com\/tr\/wp-json\/wp\/v2\/media?parent=285451"}],"wp:term":[{"taxonomy":"category","embeddable":true,"href":"https:\/\/www.nationalturk.com\/tr\/wp-json\/wp\/v2\/categories?post=285451"},{"taxonomy":"post_tag","embeddable":true,"href":"https:\/\/www.nationalturk.com\/tr\/wp-json\/wp\/v2\/tags?post=285451"}],"curies":[{"name":"wp","href":"https:\/\/api.w.org\/{rel}","templated":true}]}}