{"id":285680,"date":"2020-01-29T14:25:00","date_gmt":"2020-01-29T11:25:00","guid":{"rendered":"https:\/\/www.nationalturk.com\/?p=285680"},"modified":"2020-01-29T14:25:00","modified_gmt":"2020-01-29T11:25:00","slug":"yardimlar-deprem-icin-kullanilsin-diye-vurgulayan-acun-cark-etti","status":"publish","type":"post","link":"https:\/\/www.nationalturk.com\/tr\/yardimlar-deprem-icin-kullanilsin-diye-vurgulayan-acun-cark-etti\/","title":{"rendered":"&#8220;Yard\u0131mlar deprem i\u00e7in kullan\u0131ls\u0131n&#8221; diye vurgulayan Acun \u00e7ark etti!"},"content":{"rendered":"<h2>Elaz\u0131\u011f&#8217;daki depremzedeler i\u00e7in yard\u0131m gecesi d\u00fczenleyen ve 73 milyon TL ba\u011f\u0131\u015f toplayan Acun Il\u0131cal\u0131, \u0130\u00e7i\u015fleri Bakan\u0131 S\u00fcleyman Soylu&#8217;dan paralar\u0131n sadece depremzedeler i\u00e7in kullan\u0131lmas\u0131n\u0131 istemi\u015fti. Soylu ile konu\u015fmas\u0131n\u0131n yanl\u0131\u015f anla\u015f\u0131ld\u0131\u011f\u0131n\u0131 s\u00f6yleyen Il\u0131cal\u0131, &#8220;Ba\u015fka anlamlar y\u00fcklenmesini \u015fa\u015fk\u0131nl\u0131kla kar\u015f\u0131l\u0131yorum&#8221; dedi.<\/h2>\n<p>Elaz\u0131\u011f&#8217;da 24 Ocak Cuma ak\u015fam\u0131 ya\u015fanan 6.8&#8217;lik depremin ard\u0131ndan kanal\u0131 TV8&#8217;de yard\u0131m gecesi d\u00fczenleyen Acun Il\u0131cal\u0131, 73 milyon TL ba\u011f\u0131\u015f toplad\u0131.<\/p>\n<p>Yay\u0131na ba\u011flanan \u0130\u00e7i\u015fleri Bakan\u0131 S\u00fcleyman Soylu da depremzedeler i\u00e7in 20 bin TL ba\u011f\u0131\u015fta bulundu. Cumhurba\u015fkan\u0131 Recep Tayyip Erdo\u011fan&#8217;\u0131n selamlar\u0131n\u0131 ileten Soylu, &#8220;Kampanyadan sadece ben de\u011fil, say\u0131n Cumhurba\u015fkan\u0131m\u0131z da memnun&#8221; ifadelerini kulland\u0131.<\/p>\n<p>Soylu&#8217;nun ba\u011f\u0131\u015f\u0131n\u0131n kendisini \u00e7ok mutlu etti\u011fini s\u00f6yleyen Il\u0131cal\u0131, telefon ba\u011flant\u0131s\u0131n\u0131n ard\u0131ndan \u0130\u00e7i\u015fleri Bakan\u0131&#8217;ndan bir ricada bulunarak, &#8220;Sizden de bir ricam var. Bu ak\u015famki kampanyadaki \u00f6nemli miktar\u0131, ki sizin baz\u0131 \u015feyleri yapaca\u011f\u0131n\u0131zdan asla bir \u015f\u00fcphem yok ama, depremzedelerin \u015fartlar\u0131n\u0131n daha iyi olmas\u0131 i\u00e7in kullan\u0131lmas\u0131n\u0131 rica ediyoruz&#8221; dedi.<\/p>\n<p>\u200bIl\u0131cal\u0131&#8217;n\u0131n Soylu&#8217;ya s\u00f6yledi\u011fi bu s\u00f6zler ise sosyal medyada ele\u015ftirilerin hedefi oldu.<\/p>\n<p>Ele\u015ftiriler \u00fczerine a\u00e7\u0131klama yapan Il\u0131cal\u0131, &#8220;Pazar ak\u015fam\u0131 \u00fclkece \u00e7ok anlaml\u0131 bir kampanyay\u0131 hayata ge\u00e7irdik. B\u00f6yle anlaml\u0131 bir gecede payla\u015f\u0131lan bu kadar g\u00fczellik varken, yay\u0131n\u0131m\u0131za ba\u011flanan \u0130\u00e7i\u015fleri Bakan\u0131m\u0131z Say\u0131n S\u00fcleyman Soylu ile yapt\u0131\u011f\u0131m\u0131z konu\u015fmam\u0131za ba\u015fka anlamlar y\u00fcklenmesini \u015fa\u015fk\u0131nl\u0131kla kar\u015f\u0131l\u0131yorum. Yay\u0131n\u0131m\u0131za ba\u011flanarak, kampanyam\u0131za hem maddi hem de manevi destek veren \u0130\u00e7i\u015fleri Bakan\u0131m\u0131z Say\u0131n S\u00fcleyman Soylu\u2019ya ve D\u0131\u015fi\u015fleri Bakan\u0131m\u0131z Say\u0131n Mevl\u00fct \u00c7avu\u015fo\u011flu\u2019na bir kez daha g\u00f6n\u00fclden te\u015fekk\u00fcr ediyorum&#8221; ifadelerini kulland\u0131.<\/p>\n<!-- Error, Advert is not available at this time due to schedule\/geolocation restrictions! -->\n","protected":false},"excerpt":{"rendered":"<p>Elaz\u0131\u011f&#8217;daki depremzedeler i\u00e7in yard\u0131m gecesi d\u00fczenleyen ve 73 milyon TL ba\u011f\u0131\u015f toplayan Acun Il\u0131cal\u0131, \u0130\u00e7i\u015fleri Bakan\u0131 S\u00fcleyman Soylu&#8217;dan paralar\u0131n sadece depremzedeler i\u00e7in kullan\u0131lmas\u0131n\u0131 istemi\u015fti. Soylu ile konu\u015fmas\u0131n\u0131n yanl\u0131\u015f anla\u015f\u0131ld\u0131\u011f\u0131n\u0131 s\u00f6yleyen Il\u0131cal\u0131, &#8220;Ba\u015fka anlamlar y\u00fcklenmesini \u015fa\u015fk\u0131nl\u0131kla kar\u015f\u0131l\u0131yorum&#8221; dedi. Elaz\u0131\u011f&#8217;da 24 Ocak Cuma ak\u015fam\u0131 ya\u015fanan 6.8&#8217;lik depremin ard\u0131ndan kanal\u0131 TV8&#8217;de yard\u0131m gecesi d\u00fczenleyen Acun Il\u0131cal\u0131, 73 milyon &hellip;<\/p>\n","protected":false},"author":4,"featured_media":285681,"comment_status":"open","ping_status":"closed","sticky":false,"template":"","format":"standard","meta":{"_acf_changed":false,"footnotes":""},"categories":[6155,6232,5005,6202],"tags":[20413],"class_list":["post-285680","post","type-post","status-publish","format-standard","has-post-thumbnail","hentry","category-gundem","category-magazin","category-manset","category-politika","tag-acun-ilicali"],"acf":[],"_links":{"self":[{"href":"https:\/\/www.nationalturk.com\/tr\/wp-json\/wp\/v2\/posts\/285680","targetHints":{"allow":["GET"]}}],"collection":[{"href":"https:\/\/www.nationalturk.com\/tr\/wp-json\/wp\/v2\/posts"}],"about":[{"href":"https:\/\/www.nationalturk.com\/tr\/wp-json\/wp\/v2\/types\/post"}],"author":[{"embeddable":true,"href":"https:\/\/www.nationalturk.com\/tr\/wp-json\/wp\/v2\/users\/4"}],"replies":[{"embeddable":true,"href":"https:\/\/www.nationalturk.com\/tr\/wp-json\/wp\/v2\/comments?post=285680"}],"version-history":[{"count":0,"href":"https:\/\/www.nationalturk.com\/tr\/wp-json\/wp\/v2\/posts\/285680\/revisions"}],"wp:featuredmedia":[{"embeddable":true,"href":"https:\/\/www.nationalturk.com\/tr\/wp-json\/wp\/v2\/media\/285681"}],"wp:attachment":[{"href":"https:\/\/www.nationalturk.com\/tr\/wp-json\/wp\/v2\/media?parent=285680"}],"wp:term":[{"taxonomy":"category","embeddable":true,"href":"https:\/\/www.nationalturk.com\/tr\/wp-json\/wp\/v2\/categories?post=285680"},{"taxonomy":"post_tag","embeddable":true,"href":"https:\/\/www.nationalturk.com\/tr\/wp-json\/wp\/v2\/tags?post=285680"}],"curies":[{"name":"wp","href":"https:\/\/api.w.org\/{rel}","templated":true}]}}