{"id":285855,"date":"2020-02-05T11:57:16","date_gmt":"2020-02-05T08:57:16","guid":{"rendered":"https:\/\/www.nationalturk.com\/?p=285855"},"modified":"2020-02-05T11:57:16","modified_gmt":"2020-02-05T08:57:16","slug":"nobetci-hoca-19-kez-takiminin-basinda","status":"publish","type":"post","link":"https:\/\/www.nationalturk.com\/tr\/nobetci-hoca-19-kez-takiminin-basinda\/","title":{"rendered":"&#8220;N\u00f6bet\u00e7i hoca&#8221; 19. kez tak\u0131m\u0131n\u0131n ba\u015f\u0131nda!"},"content":{"rendered":"<h2>TFF 1. Lig ekiplerinden Adanaspor&#8217;da 19. kez tak\u0131m\u0131n ba\u015f\u0131na getirilen Ey\u00fcp Ar\u0131n, &#8220;\u015eu an bulundu\u011fumuz konumdan kurtulup Adanaspor&#8217;u en iyi yere getirmek i\u00e7in b\u00fcy\u00fck \u00e7aba sarf edece\u011fiz. O y\u00fczden bu seferki g\u00f6revimiz \u00e7ok daha zor ve me\u015fakkatli.&#8221; dedi.<\/h2>\n<p>Sezona teknik direkt\u00f6r Levent Eri\u015f y\u00f6netiminde ba\u015flayan Adanaspor, istenilen sonu\u00e7lar\u0131n al\u0131namamas\u0131 \u00fczerine 57 ya\u015f\u0131ndaki \u00e7al\u0131\u015ft\u0131r\u0131c\u0131 ile yollar\u0131n\u0131 ay\u0131rd\u0131. Turuncu-beyazl\u0131larda Eri\u015f&#8217;in ard\u0131ndan tak\u0131m\u0131n ba\u015f\u0131na getirilen Engin \u0130peko\u011flu&#8217;nun d\u00f6nemi de k\u0131sa s\u00fcrd\u00fc.<\/p>\n<p>\u0130peko\u011flu&#8217;nun istifas\u0131n\u0131n ard\u0131ndan Akdeniz ekibinde teknik direkt\u00f6rl\u00fc\u011fe camiada &#8220;n\u00f6bet\u00e7i hoca&#8221; olarak adland\u0131r\u0131lan Ey\u00fcp Ar\u0131n getirildi.<\/p>\n<p>Kul\u00fcpte altyap\u0131, gen\u00e7lik ve geli\u015fim sorumlulu\u011fu gibi \u00e7e\u015fitli g\u00f6revlerde bulunan Ar\u0131n, 19. kez teknik direkt\u00f6rl\u00fck koltu\u011funa oturdu.<\/p>\n<p>Tak\u0131m\u0131n\u0131n ba\u015f\u0131nda \u00e7\u0131kt\u0131\u011f\u0131 ilk ma\u00e7ta Osmanl\u0131spor&#8217;a kar\u015f\u0131 3-1&#8217;lik galibiyet sevinci ya\u015fayan Ar\u0131n, g\u00f6revine 3 puanla ba\u015flad\u0131.<\/p>\n<p>Adanaspor&#8217;u 14 puanla 16. s\u0131rada devralan Ar\u0131n, kendileri gibi d\u00fc\u015fme tehlikesi ya\u015fayan Osmanl\u0131spor kar\u015f\u0131s\u0131nda elde edilen galibiyetle tak\u0131m\u0131n\u0131 15. basama\u011fa \u00e7\u0131kard\u0131.   <\/p>\n<p>Ey\u00fcp Ar\u0131n, AA muhabirine yapt\u0131\u011f\u0131 a\u00e7\u0131klamada, y\u0131llard\u0131r Adanaspor Kul\u00fcb\u00fcnde g\u00f6revler \u00fcstlendi\u011fini s\u00f6yledi.<\/p>\n<p>Verilen g\u00f6revlere yer de\u011fi\u015fikli\u011fi olarak bakt\u0131\u011f\u0131n\u0131 aktaran Ar\u0131n, &#8220;Ke\u015fke bu durumlar olmasa da biz de gelmesek. \u015eu an bulundu\u011fumuz konumdan kurtulup Adanaspor&#8217;u en iyi yere getirmek i\u00e7in b\u00fcy\u00fck \u00e7aba sarf edece\u011fiz. O y\u00fczden bu seferki g\u00f6revimiz \u00e7ok daha zor ve me\u015fakkatli.&#8221; diye konu\u015ftu.<\/p>\n<p>Ar\u0131n, birlik ve beraberlik i\u00e7erisinde ellerinden geleni yapacaklar\u0131n\u0131 vurgulayarak, \u015f\u00f6yle devam etti:<\/p>\n<p>&#8220;Camiam\u0131za, taraftar\u0131m\u0131za \u00e7ok i\u015f d\u00fc\u015f\u00fcyor. Onlar\u0131n oyuncular\u0131m\u0131za verece\u011fi destek, onlar\u0131n sahadaki motivasyonunu art\u0131racakt\u0131r. Ben de bir Adanaspor taraftar\u0131y\u0131m. Adanaspor i\u00e7inde yeti\u015fmi\u015f, Adanaspor sevdas\u0131yla b\u00fcy\u00fcm\u00fc\u015f, ger\u00e7ekten onlardan daha fazla Adanasporluyum. Bu kul\u00fcpte yeti\u015fmi\u015f, bir \u015feyler edinmi\u015f ve bu kul\u00fcp sayesinde Ey\u00fcp Ar\u0131n olmu\u015fsak olmu\u015fuzdur. Biz hep birlikte bu i\u015fin \u00fcstesinden gelmeye \u00e7al\u0131\u015faca\u011f\u0131z.&#8221;<\/p>\n<p>Ar\u0131n, t\u00fcm taraftarlar\u0131 ligde 8 \u015eubat Cumartesi g\u00fcn\u00fc Adana Demirspor ile yapacaklar\u0131 derbiye davet ederek, &#8220;Biz deplasman tak\u0131m\u0131 stat\u00fcs\u00fcndeyiz. Taraftarlar\u0131m\u0131z kendilerine ayr\u0131lacak b\u00f6l\u00fcm\u00fc dolduracak ve tak\u0131m\u0131n\u0131 destekleyecektir.&#8221; ifadelerini kulland\u0131.<\/p>\n<!-- Error, Advert is not available at this time due to schedule\/geolocation restrictions! -->\n","protected":false},"excerpt":{"rendered":"<p>TFF 1. Lig ekiplerinden Adanaspor&#8217;da 19. kez tak\u0131m\u0131n ba\u015f\u0131na getirilen Ey\u00fcp Ar\u0131n, &#8220;\u015eu an bulundu\u011fumuz konumdan kurtulup Adanaspor&#8217;u en iyi yere getirmek i\u00e7in b\u00fcy\u00fck \u00e7aba sarf edece\u011fiz. O y\u00fczden bu seferki g\u00f6revimiz \u00e7ok daha zor ve me\u015fakkatli.&#8221; dedi. Sezona teknik direkt\u00f6r Levent Eri\u015f y\u00f6netiminde ba\u015flayan Adanaspor, istenilen sonu\u00e7lar\u0131n al\u0131namamas\u0131 \u00fczerine 57 ya\u015f\u0131ndaki \u00e7al\u0131\u015ft\u0131r\u0131c\u0131 ile yollar\u0131n\u0131 &hellip;<\/p>\n","protected":false},"author":4,"featured_media":285856,"comment_status":"open","ping_status":"closed","sticky":false,"template":"","format":"standard","meta":{"_acf_changed":false,"footnotes":""},"categories":[6155,6774,5005],"tags":[7630],"class_list":["post-285855","post","type-post","status-publish","format-standard","has-post-thumbnail","hentry","category-gundem","category-futbol","category-manset","tag-adanaspor"],"acf":[],"_links":{"self":[{"href":"https:\/\/www.nationalturk.com\/tr\/wp-json\/wp\/v2\/posts\/285855","targetHints":{"allow":["GET"]}}],"collection":[{"href":"https:\/\/www.nationalturk.com\/tr\/wp-json\/wp\/v2\/posts"}],"about":[{"href":"https:\/\/www.nationalturk.com\/tr\/wp-json\/wp\/v2\/types\/post"}],"author":[{"embeddable":true,"href":"https:\/\/www.nationalturk.com\/tr\/wp-json\/wp\/v2\/users\/4"}],"replies":[{"embeddable":true,"href":"https:\/\/www.nationalturk.com\/tr\/wp-json\/wp\/v2\/comments?post=285855"}],"version-history":[{"count":0,"href":"https:\/\/www.nationalturk.com\/tr\/wp-json\/wp\/v2\/posts\/285855\/revisions"}],"wp:featuredmedia":[{"embeddable":true,"href":"https:\/\/www.nationalturk.com\/tr\/wp-json\/wp\/v2\/media\/285856"}],"wp:attachment":[{"href":"https:\/\/www.nationalturk.com\/tr\/wp-json\/wp\/v2\/media?parent=285855"}],"wp:term":[{"taxonomy":"category","embeddable":true,"href":"https:\/\/www.nationalturk.com\/tr\/wp-json\/wp\/v2\/categories?post=285855"},{"taxonomy":"post_tag","embeddable":true,"href":"https:\/\/www.nationalturk.com\/tr\/wp-json\/wp\/v2\/tags?post=285855"}],"curies":[{"name":"wp","href":"https:\/\/api.w.org\/{rel}","templated":true}]}}