{"id":285983,"date":"2020-02-08T11:42:22","date_gmt":"2020-02-08T08:42:22","guid":{"rendered":"https:\/\/www.nationalturk.com\/?p=285983"},"modified":"2020-02-08T11:42:22","modified_gmt":"2020-02-08T08:42:22","slug":"ismekin-eski-yonetimine-suc-duyurusu","status":"publish","type":"post","link":"https:\/\/www.nationalturk.com\/tr\/ismekin-eski-yonetimine-suc-duyurusu\/","title":{"rendered":"\u0130SMEK&#8217;in eski y\u00f6netimine su\u00e7 duyurusu"},"content":{"rendered":"<h2>Ekrem \u0130mamo\u011flu\u2019nun \u0130BB Ba\u015fkan\u0131 se\u00e7ilmesinin ard\u0131ndan AK Parti d\u00f6nemine ili\u015fkin ilk su\u00e7 duyurusu, \u0130stanbul Sanat ve Meslek E\u011fitimi Kurslar\u0131\u2019nda (\u0130SMEK) tespit edilen yolsuzluklar hakk\u0131nda yap\u0131ld\u0131.<\/h2>\n<p>S\u00f6zc\u00fc&#8217;den \u00d6zlem G\u00fcvemli&#8217;nin haberine g\u00f6re, \u0130stanbul B\u00fcy\u00fck\u015fehir Belediyesi (\u0130BB) \u015firketi \u0130stanbul Personel Y\u00f6netimi A.\u015e. (\u0130SPER) taraf\u0131ndan, \u0130BB&#8217;ye ba\u011fl\u0131 \u0130stanbul Sanat ve Meslek E\u011fitimi Kurslar\u0131&#8217;n\u0131n (\u0130SMEK) 25 y\u00f6neticisi hakk\u0131nda \u0130stanbul Cumhuriyet Ba\u015fsavc\u0131l\u0131\u011f\u0131&#8217;na 4 \u015eubat 2020 tarihinde su\u00e7 duyurusunda bulunuldu.<\/p>\n<p>Eski \u0130SMEK Genel Koordinat\u00f6r\u00fc G\u00fcven \u00c7al\u0131\u015fkan, genel koordinat\u00f6r yard\u0131mc\u0131lar\u0131 Esin Akdemir ve Kerem K\u00f6ker, \u0130BB Hayat Boyu \u00d6\u011frenme M\u00fcd\u00fcr\u00fc Ali Koca, F\u0131r\u0131nc\u0131l\u0131k ve Pastac\u0131l\u0131k Okulu Y\u00f6neticisi Mehmet Ali \u00d6ztel ve 20 b\u00f6lge sorumlusu ile di\u011fer sorumlular hakk\u0131nda &#8216;hizmet nedeniyle g\u00fcveni k\u00f6t\u00fcye kullanma&#8217;, &#8216;nitelikli doland\u0131r\u0131c\u0131l\u0131k&#8217;, &#8216;zimmet&#8217; ve &#8216;irtik\u00e2p-n\u00fcfuzu k\u00f6t\u00fcye kullanma&#8217; iddialar\u0131 ile yap\u0131lan su\u00e7 duyurusunda \u015f\u00fcpheliler hakk\u0131nda soru\u015fturma ba\u015flat\u0131larak kamu davas\u0131 a\u00e7\u0131lmas\u0131 talep edildi.<\/p>\n<p>Son g\u00fcnlerde \u0130BB Genel Sekreter Yard\u0131mc\u0131s\u0131 Ye\u015fim Meltem \u015ei\u015fli&#8217;nin kad\u0131n \u00e7al\u0131\u015fanlar\u0131na hakaret etti\u011fi iddias\u0131 ile g\u00fcndeme gelen \u0130SMEK&#8217;lerde y\u0131llard\u0131r ya\u015fanan yolsuzluklara ili\u015fkin vahim iddialar bulunuyor.<\/p>\n<p>Su\u00e7 duyurusuna neden olan geli\u015fme; \u0130SPER personeli olarak g\u00f6z\u00fcken \u0130SMEK genel koordinat\u00f6r\u00fc, yard\u0131mc\u0131s\u0131 ve b\u00f6lge sorumlular\u0131na, haklar\u0131ndaki iddialar nedeniyle \u015firket y\u00f6netimi taraf\u0131ndan ba\u015flat\u0131lan disiplin soru\u015fturmas\u0131 oldu.<\/p>\n<p>Disiplin soru\u015fturmas\u0131nda; en son 15 A\u011fustos 2016-30 Haziran 2019 aras\u0131n\u0131 kapsayan d\u00f6nem i\u00e7in a\u00e7\u0131lan 36 ayl\u0131k \u0130SMEK ihalesini alan Lapis-Kare \u0130\u015f Ortakl\u0131\u011f\u0131&#8217;n\u0131n da sahibi olan Beyaz Holding&#8217;in \u0130SMEK hizmet al\u0131m i\u015fini farkl\u0131 \u015firketlerle \u00fcstlendi\u011fi 2002-2019 d\u00f6neminde ya\u015fananlar g\u00f6zler \u00f6n\u00fcne serildi.<\/p>\n<p>Holdingin \u0130BB&#8217;nin \u0130SMEK faaliyetleri i\u00e7in tahsis etti\u011fi binalarda, \u0130BB&#8217;ye ait demirba\u015flar\u0131 kullanarak kantinlerde \u00e7ay-kahve-su sat\u0131\u015f\u0131 yapt\u0131\u011f\u0131, fotokopi hizmeti verdi\u011fi ve bu \u015fekilde \u015firket ortakl\u0131\u011f\u0131na menfaat temin edildi\u011fi belirlendi.<\/p>\n<p>Pastac\u0131l\u0131k gibi bir tak\u0131m malzeme ihtiyac\u0131n\u0131n bulundu\u011fu bran\u015flarda malzeme gideri ve kat\u0131l\u0131m \u00fccreti olarak kurs y\u00f6netimlerince ayl\u0131k para topland\u0131\u011f\u0131 da tespit edildi. Disiplin kurulu karar\u0131 ile y\u00f6neticilerin i\u015f akitlerine son verildi\u011fi, kamu g\u00f6revlisinin su\u00e7u bildirme y\u00fck\u00fcml\u00fcl\u00fc\u011f\u00fc kapsam\u0131nda da bu su\u00e7 duyurusunun yap\u0131ld\u0131\u011f\u0131 kaydedildi.<\/p>\n<p>Su\u00e7 duyurusunda \u0130SMEK genel koordinat\u00f6rleri ve b\u00f6lge sorumlular\u0131 taraf\u0131ndan hiyerar\u015fik bir yap\u0131 i\u00e7erisinde kursiyerlerden mevzuata ayk\u0131r\u0131 olarak para topland\u0131\u011f\u0131, kantinlerde sat\u0131\u015f yap\u0131ld\u0131\u011f\u0131, t\u00fcm bu sat\u0131\u015flardan ve toplanan paralardan elde edilen gelirlerin ak\u0131betinin hi\u00e7bir \u015fekilde a\u00e7\u0131klanamad\u0131\u011f\u0131n\u0131n alt\u0131 \u00e7izildi.<\/p>\n<p>\u0130SMEK b\u00fcnyesinde kamu kaynaklar\u0131n\u0131n mevzuata ayk\u0131r\u0131 olarak kullan\u0131ld\u0131\u011f\u0131na ve bu \u015fekilde y\u0131llar boyunca haks\u0131z menfaat elde edildi\u011fine dikkat \u00e7ekildi. \u0130hale \u015fartnamesinde kursiyerlerden hi\u00e7bir \u015fekilde para al\u0131nmayaca\u011f\u0131n\u0131n kurala ba\u011fland\u0131\u011f\u0131na ve kurs alanlar\u0131n\u0131n sadece e\u011fitim amac\u0131yla tahsis edildi\u011fine vurgu yap\u0131ld\u0131.<\/p>\n<p>\u0130SMEK ihalesini alan firman\u0131n e\u011fitim amac\u0131yla kendisine tahsis edilen yerlerde kantin a\u00e7amayaca\u011f\u0131 ve gelir elde edemeyece\u011finin alt\u0131 \u00e7izilerek buna kar\u015f\u0131n kurs yerlerinin tamam\u0131nda bu sat\u0131\u015flardan \u00fccret temin edildi\u011fi belirtildi.<\/p>\n<p>\u0130SPER&#8217;e 2019 yerel se\u00e7imleri \u00f6ncesinde ve sonras\u0131nda kursiyerden ve \u00e7al\u0131\u015fanlardan \u00e7ok say\u0131da ihbar geldi\u011fi anlat\u0131larak baz\u0131 \u00f6rnekler de s\u0131raland\u0131.<\/p>\n<p>\u0130SMEK e\u011fitmeni Y.T. \u201c2 y\u0131l boyunca yapt\u0131\u011f\u0131m ekmeklerin nereye gitti\u011fini bilmeden \u00e7al\u0131\u015ft\u0131m. Anla\u015fmal\u0131 oldu\u011fu tedarik\u00e7ilerden al\u0131\u015fveri\u015f yap\u0131lmas\u0131 konusunda zorland\u0131k. Okulumuzdaki kantinde \u00fcretimde yap\u0131lan ekmekler sat\u0131lmaktayd\u0131. Gelirinin nereye gitti\u011fi konusunda hi\u00e7bir fikrim olmadan 2 y\u0131l boyunca ayda 400-450 adet ekmek \u00fcretimi yap\u0131lmaktayd\u0131.\u201d dedi.<\/p>\n<p>Kursiyer \u015e.G. ise  \u201c2017 A\u011fustosu&#8217;nda Spesiyal Kek Yap\u0131m\u0131 e\u011fitimi m\u00fclakat\u0131na gittim. Yetkililer, e\u011fitimin 150 TL kat\u0131l\u0131m pay\u0131 oldu\u011funu, bu \u00fccretin kullan\u0131lan malzeme ve \u00f6nl\u00fck \u2013 \u015fapka i\u00e7in al\u0131naca\u011f\u0131n\u0131 ilettiler. Teorik dersler ba\u015flad\u0131\u011f\u0131 g\u00fcn, e\u011fitmen ki\u015fi ba\u015f\u0131 400 TL \u00fccreti bizlerden ald\u0131. Di\u011fer e\u011fitimlerde oldu\u011fu gibi bu sefer de herhangi bir makbuz verilmedi.\u201d diye konu\u015ftu. <\/p>\n<p>Su\u00e7 duyurusunda ad\u0131 ge\u00e7en ve y\u0131llard\u0131r farkl\u0131 \u015firketleri ile \u0130SMEK ihalelerini alan Beyaz Holding&#8217;in y\u00f6netimi kamuoyunun yak\u0131ndan tan\u0131d\u0131\u011f\u0131 isimlerden olu\u015fuyor.<\/p>\n<p>Holdingin y\u00f6netiminde Deniz Feneri davas\u0131 ile g\u00fcndeme gelen Kanal 7 Y\u00f6netim Kurulu Ba\u015fkan\u0131 Zekeriya Karaman, Kanal 7 Medya Grubu Y\u00f6netim Kurulu \u00dcyesi \u0130smail Karahan, Kanal 7 Medya Grubu Ba\u015fkan Yard\u0131mc\u0131s\u0131 Mustafa \u00c7elik, Kanal 7 Medya Grubu Y\u00f6netim Kurulu \u00dcyesi ve Genel Yay\u0131n Y\u00f6netmeni Zahid Akman bulunuyor.<\/p>\n<!-- Error, Advert is not available at this time due to schedule\/geolocation restrictions! -->\n","protected":false},"excerpt":{"rendered":"<p>Ekrem \u0130mamo\u011flu\u2019nun \u0130BB Ba\u015fkan\u0131 se\u00e7ilmesinin ard\u0131ndan AK Parti d\u00f6nemine ili\u015fkin ilk su\u00e7 duyurusu, \u0130stanbul Sanat ve Meslek E\u011fitimi Kurslar\u0131\u2019nda (\u0130SMEK) tespit edilen yolsuzluklar hakk\u0131nda yap\u0131ld\u0131. S\u00f6zc\u00fc&#8217;den \u00d6zlem G\u00fcvemli&#8217;nin haberine g\u00f6re, \u0130stanbul B\u00fcy\u00fck\u015fehir Belediyesi (\u0130BB) \u015firketi \u0130stanbul Personel Y\u00f6netimi A.\u015e. (\u0130SPER) taraf\u0131ndan, \u0130BB&#8217;ye ba\u011fl\u0131 \u0130stanbul Sanat ve Meslek E\u011fitimi Kurslar\u0131&#8217;n\u0131n (\u0130SMEK) 25 y\u00f6neticisi hakk\u0131nda \u0130stanbul Cumhuriyet &hellip;<\/p>\n","protected":false},"author":4,"featured_media":285984,"comment_status":"open","ping_status":"closed","sticky":false,"template":"","format":"standard","meta":{"_acf_changed":false,"footnotes":""},"categories":[6155,5005,6202,349],"tags":[],"class_list":["post-285983","post","type-post","status-publish","format-standard","has-post-thumbnail","hentry","category-gundem","category-manset","category-politika","category-son-dakika"],"acf":[],"_links":{"self":[{"href":"https:\/\/www.nationalturk.com\/tr\/wp-json\/wp\/v2\/posts\/285983","targetHints":{"allow":["GET"]}}],"collection":[{"href":"https:\/\/www.nationalturk.com\/tr\/wp-json\/wp\/v2\/posts"}],"about":[{"href":"https:\/\/www.nationalturk.com\/tr\/wp-json\/wp\/v2\/types\/post"}],"author":[{"embeddable":true,"href":"https:\/\/www.nationalturk.com\/tr\/wp-json\/wp\/v2\/users\/4"}],"replies":[{"embeddable":true,"href":"https:\/\/www.nationalturk.com\/tr\/wp-json\/wp\/v2\/comments?post=285983"}],"version-history":[{"count":0,"href":"https:\/\/www.nationalturk.com\/tr\/wp-json\/wp\/v2\/posts\/285983\/revisions"}],"wp:featuredmedia":[{"embeddable":true,"href":"https:\/\/www.nationalturk.com\/tr\/wp-json\/wp\/v2\/media\/285984"}],"wp:attachment":[{"href":"https:\/\/www.nationalturk.com\/tr\/wp-json\/wp\/v2\/media?parent=285983"}],"wp:term":[{"taxonomy":"category","embeddable":true,"href":"https:\/\/www.nationalturk.com\/tr\/wp-json\/wp\/v2\/categories?post=285983"},{"taxonomy":"post_tag","embeddable":true,"href":"https:\/\/www.nationalturk.com\/tr\/wp-json\/wp\/v2\/tags?post=285983"}],"curies":[{"name":"wp","href":"https:\/\/api.w.org\/{rel}","templated":true}]}}