{"id":285986,"date":"2020-02-08T12:37:23","date_gmt":"2020-02-08T09:37:23","guid":{"rendered":"https:\/\/www.nationalturk.com\/?p=285986"},"modified":"2020-02-08T12:37:23","modified_gmt":"2020-02-08T09:37:23","slug":"cinden-turkiyenin-kararina-tepki","status":"publish","type":"post","link":"https:\/\/www.nationalturk.com\/tr\/cinden-turkiyenin-kararina-tepki\/","title":{"rendered":"\u00c7in&#8217;den T\u00fcrkiye&#8217;nin karar\u0131na tepki!"},"content":{"rendered":"<h2>\u00c7in, T\u00fcrkiye&#8217;nin d\u00fcn ald\u0131\u011f\u0131 yeni tip koronavir\u00fcs salg\u0131n\u0131n\u0131n ba\u015flad\u0131\u011f\u0131 Asya \u00fclkesinden &#8216;canl\u0131, cans\u0131z hayvan, hayvansal \u00fcr\u00fcnler ve yan \u00fcr\u00fcnlerinin ithalat\u0131n\u0131n ge\u00e7ici s\u00fcreyle durdurma&#8217; karar\u0131na tepki g\u00f6sterdi.<\/h2>\n<p>\u00c7in Halk Cumhuriyeti Ankara B\u00fcy\u00fckel\u00e7ili\u011fi&#8217;nden yap\u0131lan a\u00e7\u0131klamada, &#8220;Bu karar\u0131 b\u00fcy\u00fck \u015fa\u015fk\u0131nl\u0131kla kar\u015f\u0131l\u0131yoruz. Ciddi endi\u015fe duymakta ve \u015fiddetle kar\u015f\u0131 \u00e7\u0131kmaktay\u0131z. D\u00fcnya Sa\u011fl\u0131k \u00d6rg\u00fct\u00fc a\u00e7\u0131k bir \u015fekilde \u00c7in&#8217;e kar\u015f\u0131 ticaret s\u0131n\u0131rlamalar\u0131n\u0131 getirmesini desteklemedi\u011fini, hatta buna kar\u015f\u0131 \u00e7\u0131kt\u0131\u011f\u0131n\u0131 kesin ifadelerle belirtmi\u015fti&#8221; ifadeleri yer ald\u0131. B\u00fcy\u00fckel\u00e7ilik, T\u00fcrkiye&#8217;nin ald\u0131\u011f\u0131 karar, DS\u00d6 ruhuna ayk\u0131r\u0131d\u0131r denildi.<\/p>\n<p>&#8220;\u015eu anda koronavir\u00fcs\u00fcn\u00fcn s\u00f6z konusu \u00fcr\u00fcnlerle yay\u0131labilece\u011fini destekleyen herhangi bir kan\u0131t bulunmamaktad\u0131r&#8221; denilen a\u00e7\u0131klamada, &#8220;S\u00f6z konusu s\u0131n\u0131rlama hayata ge\u00e7irilirse \u00c7in ve T\u00fcrkiye aras\u0131ndaki normal ticaret d\u00fczenine zarar verecektir&#8221; de\u011ferlendirmesinde bulunuldu.<\/p>\n<p>A\u00e7\u0131klama \u015fu ifadelerle devam etti: <\/p>\n<p>&#8220;Salg\u0131n patlak verdikten sonra, T\u00fcrk taraf\u0131 hep \u00c7in&#8217;in m\u00fccadelesine destek vermi\u015ftir. Taraflar\u0131m\u0131z m\u00fc\u015ftereken salg\u0131n\u0131n \u00fcstesinden gelmek i\u00e7in g\u00fczel bir \u015fekilde i\u015f birli\u011fi y\u00fcr\u00fctmektedir. \u00dcstelik T\u00fcrk taraf\u0131n\u0131n s\u00f6z konusu s\u0131n\u0131rlamalar\u0131 almas\u0131, daha \u00f6nceki kendi tutumu ile de \u00e7eli\u015fmektedir.<\/p>\n<p>T\u00fcrk taraf\u0131n\u0131 objektif ve makul bir \u015fekilde salg\u0131na yakla\u015fmaya, bilimsel ve uygun bir \u015fekilde riski de\u011ferlendirmeye, Uluslararas\u0131 Sa\u011fl\u0131k T\u00fcz\u00fc\u011f\u00fc&#8217;n\u00fcn ilgili kurallar\u0131 ve DS\u00d6&#8217;n\u00fcn profesyonel ve otoriter tavsiyesine uyumlu olarak, a\u015f\u0131r\u0131 yanl\u0131\u015f tepkiden ka\u00e7\u0131nmaya, somut ad\u0131mlar atarak ayn\u0131 gemide salg\u0131na kar\u015f\u0131 m\u00fccadele vermeye ve ikili ili\u015fkilerimizin iyi gidi\u015fat\u0131n\u0131 korumaya \u00e7a\u011f\u0131r\u0131yoruz.&#8221;<\/p>\n<!-- Error, Advert is not available at this time due to schedule\/geolocation restrictions! -->\n","protected":false},"excerpt":{"rendered":"<p>\u00c7in, T\u00fcrkiye&#8217;nin d\u00fcn ald\u0131\u011f\u0131 yeni tip koronavir\u00fcs salg\u0131n\u0131n\u0131n ba\u015flad\u0131\u011f\u0131 Asya \u00fclkesinden &#8216;canl\u0131, cans\u0131z hayvan, hayvansal \u00fcr\u00fcnler ve yan \u00fcr\u00fcnlerinin ithalat\u0131n\u0131n ge\u00e7ici s\u00fcreyle durdurma&#8217; karar\u0131na tepki g\u00f6sterdi. \u00c7in Halk Cumhuriyeti Ankara B\u00fcy\u00fckel\u00e7ili\u011fi&#8217;nden yap\u0131lan a\u00e7\u0131klamada, &#8220;Bu karar\u0131 b\u00fcy\u00fck \u015fa\u015fk\u0131nl\u0131kla kar\u015f\u0131l\u0131yoruz. Ciddi endi\u015fe duymakta ve \u015fiddetle kar\u015f\u0131 \u00e7\u0131kmaktay\u0131z. D\u00fcnya Sa\u011fl\u0131k \u00d6rg\u00fct\u00fc a\u00e7\u0131k bir \u015fekilde \u00c7in&#8217;e kar\u015f\u0131 ticaret s\u0131n\u0131rlamalar\u0131n\u0131 &hellip;<\/p>\n","protected":false},"author":4,"featured_media":285987,"comment_status":"open","ping_status":"closed","sticky":false,"template":"","format":"standard","meta":{"_acf_changed":false,"footnotes":""},"categories":[6769,6155,5005,349],"tags":[],"class_list":["post-285986","post","type-post","status-publish","format-standard","has-post-thumbnail","hentry","category-asya","category-gundem","category-manset","category-son-dakika"],"acf":[],"_links":{"self":[{"href":"https:\/\/www.nationalturk.com\/tr\/wp-json\/wp\/v2\/posts\/285986","targetHints":{"allow":["GET"]}}],"collection":[{"href":"https:\/\/www.nationalturk.com\/tr\/wp-json\/wp\/v2\/posts"}],"about":[{"href":"https:\/\/www.nationalturk.com\/tr\/wp-json\/wp\/v2\/types\/post"}],"author":[{"embeddable":true,"href":"https:\/\/www.nationalturk.com\/tr\/wp-json\/wp\/v2\/users\/4"}],"replies":[{"embeddable":true,"href":"https:\/\/www.nationalturk.com\/tr\/wp-json\/wp\/v2\/comments?post=285986"}],"version-history":[{"count":0,"href":"https:\/\/www.nationalturk.com\/tr\/wp-json\/wp\/v2\/posts\/285986\/revisions"}],"wp:featuredmedia":[{"embeddable":true,"href":"https:\/\/www.nationalturk.com\/tr\/wp-json\/wp\/v2\/media\/285987"}],"wp:attachment":[{"href":"https:\/\/www.nationalturk.com\/tr\/wp-json\/wp\/v2\/media?parent=285986"}],"wp:term":[{"taxonomy":"category","embeddable":true,"href":"https:\/\/www.nationalturk.com\/tr\/wp-json\/wp\/v2\/categories?post=285986"},{"taxonomy":"post_tag","embeddable":true,"href":"https:\/\/www.nationalturk.com\/tr\/wp-json\/wp\/v2\/tags?post=285986"}],"curies":[{"name":"wp","href":"https:\/\/api.w.org\/{rel}","templated":true}]}}