{"id":285989,"date":"2020-02-08T13:59:30","date_gmt":"2020-02-08T10:59:30","guid":{"rendered":"https:\/\/www.nationalturk.com\/?p=285989"},"modified":"2020-02-08T13:59:30","modified_gmt":"2020-02-08T10:59:30","slug":"ali-koc-mustafa-cengizin-aciklamalarini-gulerek-takip-ediyoruz","status":"publish","type":"post","link":"https:\/\/www.nationalturk.com\/tr\/ali-koc-mustafa-cengizin-aciklamalarini-gulerek-takip-ediyoruz\/","title":{"rendered":"Ali Ko\u00e7: Mustafa Cengiz&#8217;in a\u00e7\u0131klamalar\u0131n\u0131 g\u00fclerek takip ediyoruz"},"content":{"rendered":"<h3>Fenerbah\u00e7e Ba\u015fkan\u0131 Ali Ko\u00e7, Galatasaray Ba\u015fkan\u0131 Mustafa Cengiz i\u00e7in, &#8220;A\u00e7\u0131klamalar\u0131n\u0131 ilgiyle ve g\u00fclerek takip ediyoruz. Ya\u015f\u0131na h\u00fcrmetten de camiaya sayg\u0131mdan da bunlar\u0131 s\u00f6ylemek istemiyorum ama insan\u0131 mecbur b\u0131rak\u0131yorlar&#8221; dedi.<\/h3>\n<p>Ali Ko\u00e7, Y\u00fcksek Divan Kurulu\u2019nda a\u00e7\u0131klamalarda bulundu. Ko\u00e7, Galatasaray Ba\u015fkan\u0131 Mustafa Cengiz\u2019e cevap verdi. Cengiz\u2019in sar\u0131-lacivertli kul\u00fcple ilgili olan s\u00f6zleri i\u00e7in g\u00fcld\u00fcklerini belirten Ko\u00e7, \u201cMustafa Cengiz\u2019in ne dedi\u011fini \u00e7o\u011fu zaman anlam\u0131yoruz\u201d dedi. \u0130\u015fte Ali Ko\u00e7\u2019un Diva Kurulu\u2019nda Mustafa Cengiz hakk\u0131ndaki a\u00e7\u0131klamalar\u0131;<\/p>\n<p>\u201cEbedi dostumuz ezeli rakibimize gelelim, ba\u015fkan\u0131na\u2026 Vallahi nereden ba\u015flayay\u0131m bilmiyorum. Galatasaray Ba\u015fkan\u0131\u2019n\u0131n a\u00e7\u0131klamalar\u0131n\u0131 ilgiyle ve g\u00fclerek takip ediyoruz. Ya\u015f\u0131na h\u00fcrmetten de camiaya sayg\u0131mdan da bunlar\u0131 s\u00f6ylemek istemiyorum ama insan\u0131 mecbur b\u0131rak\u0131yorlar. Mustafa Bey bizim puan\u0131m\u0131z\u0131n silinmesini kafas\u0131na takm\u0131\u015f. \u00d6yle bir \u015fey zaten yok da\u2026 Merak etmeyin Mustafa Bey, \u00f6yle bir \u015fey olsa federasyon size b\u0131rakmaz \u00e7oktan silerdi. Mustafa Cengiz\u2019in ne dedi\u011fini \u00e7o\u011fu zaman anlam\u0131yoruz. De\u015fifreye muhta\u00e7. Bazen kendisi de \u015faka yapt\u0131m, yanl\u0131\u015f anla\u015f\u0131ld\u0131m diyor. Teklifim ge\u00e7erli TV\u2019ye \u00e7\u0131kal\u0131m hep birlikte. Hem kul\u00fcplerimiz biraz da olsa para kazan\u0131r. \u2018Oyun oynan\u0131rken kurallar de\u011fi\u015fmez\u2019 diyor. Ba\u015fkan s\u0131rf sizin i\u00e7in ge\u00e7en sene kural de\u011fi\u015fti. Hak mahrumiyeti cezas\u0131 alan ki\u015filer m\u00fcsabakalara i\u015ftirak edemez. Say\u0131n Cengiz 150 g\u00fcn ceza al\u0131yor. Federasyondan mektupla yard\u0131m istiyorlar ve bu madde de\u011fi\u015fiyor. Mustafa Cengiz, \u2018Fenerbah\u00e7e\u2019den 6 yedik ama o sene \u015fampiyon olduk\u2019 diyor ama o sene Be\u015fikta\u015f \u015fampiyon oldu. \u015eimdi hangi birine cevap verelim \u015fa\u015f\u0131rd\u0131k. \u015eeffafl\u0131k\u2026 Yok efendim biz \u015f\u00f6yle vergi \u00f6demi\u015fiz, oyuncular\u0131m\u0131z\u0131n \u00fccretlerini \u015f\u00f6yle a\u00e7\u0131klam\u0131\u015f\u0131z. Say\u0131n Cengiz, biz de sizin gibi SPK\u2019ya \u00fcye bir kul\u00fcb\u00fcz. Biz diyor muyuz siz ge\u00e7en 10 bin Euro menajerlik \u00fccreti \u00f6dediniz.\u201d<\/p>\n<!-- Error, Advert is not available at this time due to schedule\/geolocation restrictions! -->\n","protected":false},"excerpt":{"rendered":"<p>Fenerbah\u00e7e Ba\u015fkan\u0131 Ali Ko\u00e7, Galatasaray Ba\u015fkan\u0131 Mustafa Cengiz i\u00e7in, &#8220;A\u00e7\u0131klamalar\u0131n\u0131 ilgiyle ve g\u00fclerek takip ediyoruz. Ya\u015f\u0131na h\u00fcrmetten de camiaya sayg\u0131mdan da bunlar\u0131 s\u00f6ylemek istemiyorum ama insan\u0131 mecbur b\u0131rak\u0131yorlar&#8221; dedi. Ali Ko\u00e7, Y\u00fcksek Divan Kurulu\u2019nda a\u00e7\u0131klamalarda bulundu. Ko\u00e7, Galatasaray Ba\u015fkan\u0131 Mustafa Cengiz\u2019e cevap verdi. Cengiz\u2019in sar\u0131-lacivertli kul\u00fcple ilgili olan s\u00f6zleri i\u00e7in g\u00fcld\u00fcklerini belirten Ko\u00e7, \u201cMustafa Cengiz\u2019in &hellip;<\/p>\n","protected":false},"author":4,"featured_media":285990,"comment_status":"open","ping_status":"closed","sticky":false,"template":"","format":"standard","meta":{"_acf_changed":false,"footnotes":""},"categories":[6155,6774,5005,349],"tags":[],"class_list":["post-285989","post","type-post","status-publish","format-standard","has-post-thumbnail","hentry","category-gundem","category-futbol","category-manset","category-son-dakika"],"acf":[],"_links":{"self":[{"href":"https:\/\/www.nationalturk.com\/tr\/wp-json\/wp\/v2\/posts\/285989","targetHints":{"allow":["GET"]}}],"collection":[{"href":"https:\/\/www.nationalturk.com\/tr\/wp-json\/wp\/v2\/posts"}],"about":[{"href":"https:\/\/www.nationalturk.com\/tr\/wp-json\/wp\/v2\/types\/post"}],"author":[{"embeddable":true,"href":"https:\/\/www.nationalturk.com\/tr\/wp-json\/wp\/v2\/users\/4"}],"replies":[{"embeddable":true,"href":"https:\/\/www.nationalturk.com\/tr\/wp-json\/wp\/v2\/comments?post=285989"}],"version-history":[{"count":0,"href":"https:\/\/www.nationalturk.com\/tr\/wp-json\/wp\/v2\/posts\/285989\/revisions"}],"wp:featuredmedia":[{"embeddable":true,"href":"https:\/\/www.nationalturk.com\/tr\/wp-json\/wp\/v2\/media\/285990"}],"wp:attachment":[{"href":"https:\/\/www.nationalturk.com\/tr\/wp-json\/wp\/v2\/media?parent=285989"}],"wp:term":[{"taxonomy":"category","embeddable":true,"href":"https:\/\/www.nationalturk.com\/tr\/wp-json\/wp\/v2\/categories?post=285989"},{"taxonomy":"post_tag","embeddable":true,"href":"https:\/\/www.nationalturk.com\/tr\/wp-json\/wp\/v2\/tags?post=285989"}],"curies":[{"name":"wp","href":"https:\/\/api.w.org\/{rel}","templated":true}]}}