{"id":286075,"date":"2020-02-11T11:59:58","date_gmt":"2020-02-11T08:59:58","guid":{"rendered":"https:\/\/www.nationalturk.com\/?p=286075"},"modified":"2022-09-29T21:24:20","modified_gmt":"2022-09-29T18:24:20","slug":"devlet-bahceli-turk-milleti-sama-girmeyi-simdiden-planlamalidir-yansin-suriye","status":"publish","type":"post","link":"https:\/\/www.nationalturk.com\/tr\/devlet-bahceli-turk-milleti-sama-girmeyi-simdiden-planlamalidir-yansin-suriye\/","title":{"rendered":"Devlet Bah\u00e7eli: T\u00fcrk milleti \u015eam&#8217;a girmeyi \u015fimdiden planlamal\u0131d\u0131r, yans\u0131n Suriye"},"content":{"rendered":"<h2>Meclis Grup toplant\u0131s\u0131nda g\u00fcndeme ili\u015fkin de\u011ferlendirmelerde bulunan MHP Genel Ba\u015fkan\u0131 Devlet Bah\u00e7eli, &#8220;T\u00fcrk milleti gerekirse, ba\u015fka da se\u00e7enek g\u00f6r\u00fclmezse, \u015eam&#8217;a girmeyi \u015fimdiden planlamal\u0131d\u0131r. Yans\u0131n Suriye, y\u0131k\u0131ls\u0131n \u0130dlib, kahrolsun Esad&#8221; ifadelerini kulland\u0131.<\/h2>\n<p>Bah\u00e7eli&#8217;nin konu\u015fmas\u0131ndan \u00f6ne \u00e7\u0131kan ba\u015fl\u0131klar \u015fu \u015fekilde:<\/p>\n<p>&#8211; T\u00fcrkiye son zamanlarda afetlerle ve vehim kazalarla k\u0131yas\u0131ya bo\u011fu\u015fmaktad\u0131r. Felaketler 2020 y\u0131l\u0131nda adeta otomati\u011fe ba\u011flayarak \u00fclkemize tesiri alt\u0131na alm\u0131\u015ft\u0131r.<\/p>\n<p>&#8211; T\u00fcrkiye, tek y\u00fcrek olarak Elaz\u0131\u011f depremzedelerine sahip \u00e7\u0131km\u0131\u015ft\u0131r. Bu memnuniyet vericidir. Depremin enkaz\u0131 kald\u0131r\u0131l\u0131rken Van&#8217;da \u00e7\u0131\u011f d\u00fc\u015fmesi sonucu 41 karde\u015fimiz \u015fehit olmu\u015ftur. Deprem oldu \u00e7\u0131\u011f d\u00fc\u015ft\u00fc derken \u0130stanbul&#8217;da yolcu u\u00e7a\u011f\u0131 kaza k\u0131r\u0131ma u\u011fram\u0131\u015f, 3 ki\u015fi hayat\u0131n\u0131 kaybetmi\u015ftir. T\u00fcrk milleti tarihi boyunca felaketlere meydan okuya okuya bug\u00fcnlere gelmi\u015ftir. Felaketler kar\u015f\u0131s\u0131nda so\u011fukkanl\u0131 tav\u0131r, akl\u0131selim sab\u0131r yegane dayana\u011f\u0131m\u0131z olmal\u0131d\u0131r. K\u00f6t\u00fc g\u00fcnler Allah&#8217;\u0131n izniyle ge\u00e7ecektir. Korku salmaya \u00e7al\u0131\u015fanlara ka\u015fr\u0131 duru\u015f da milli duru\u015funun gere\u011fidir.<\/p>\n<p>&#8211; 1999 depremi ile Elaz\u0131\u011f depremini kar\u015f\u0131la\u015ft\u0131r\u0131p siyasi \u00e7\u0131kar kovalayanlar var. 1999&#8217;da devletin \u00e7\u00f6k\u00fcp bug\u00fcn ayakta old\u0131\u011funu s\u00f6yleyenler ortada. \u00c7\u00f6ken devlet de\u011fil binalard\u0131r. Devlet ayn\u0131d\u0131r, ruh ayn\u0131d\u0131r, f\u0131trat ay\u0131n\u0131d\u0131r, d\u00fcn ile bug\u00fcn aras\u0131nda ayr\u0131mc\u0131l\u0131k yapanlar da kalle\u015ftir. 1999 depremi ile Elaz\u0131\u011f depremini teraziye koymak ahlaks\u0131zl\u0131k de\u011fil midir. Ac\u0131n\u0131n k\u00fc\u00e7\u00fc\u011f\u00fc b\u00fcy\u00fc\u011f\u00fc olmaz.<\/p>\n<p>&#8211; MHP&#8217;nin oldu\u011fu yerde T\u00fcrk devleti \u00e7\u00f6kmez, \u00e7\u00f6kemez. Felaketler kar\u015f\u0131s\u0131nda bir kez daha y\u00fckseklere ta\u015f\u0131r\u0131z. Biz varsak \u00e7\u00f6k\u00fc\u015f yoktur, \u00e7\u00fcr\u00fcme imkans\u0131zd\u0131r. Depremler aras\u0131nda siyasi k\u0131yas yapmak birlik ve berabreli\u011fe han\u00e7er sallamakt\u0131r. T\u00fcrk devleti ve h\u00fck\u00fcmeti d\u00fcn gere\u011fini yapm\u0131\u015ft\u0131r, bug\u00fcn de ayn\u0131s\u0131d\u0131r. G\u00f6lc\u00fck bizimdir Elaz\u0131\u011f da bizimdir. 1999&#8217;daki ac\u0131 neyse 2020&#8217;deki ac\u0131 da odur. Biz al\u0131nganl\u0131 yapm\u0131utoruz, sadece 3-5 \u00e7\u00fcr\u00fck yumurta ayna tutuyoruz. Hi\u00e7 kimse karanl\u0131\u011fa saklan\u0131p ta\u015f atmas\u0131n. D\u00fcn de bug\u00fcn de T\u00fcrk devleti g\u00fc\u00e7l\u00fcd\u00fcr.<\/p>\n<p>&#8211; T\u00fcrk milleti do\u011fal felaketlerle m\u00fccadele ederken \u0130dlib&#8217;de kahredici geli\u015fmelere \u015fahitlik edilmi\u015ftir. Kanl\u0131 Suriye rejimi T\u00fcrk askerini hedef alm\u0131\u015ft\u0131r. Art\u0131k buna tahamm\u00fcl edecek halimiz kalmam\u0131\u015ft\u0131r. Katil Esad defolup gidesiye kadar y\u00fcre\u011fimiz so\u011fumayacakt\u0131r.<\/p>\n<p>&#8211; Hem Suriye&#8217;yi hem de T\u00fcrkiye&#8217;yi e\u015fzamanl\u0131 kontrol etmeye \u00e7al\u0131\u015fan Rusya iyi niyetli de\u011fildir. H\u00fck\u00fcmetin, Rusya ile ili\u015fkileri yeniden g\u00f6zden ge\u00e7irmesi temennimizdir. Ne Astan&#8217;dan ne So\u00e7i&#8217;den ne Cenevre&#8217;den ne de diplomatik temaslardan herhangi bir sonu\u00e7 bug\u00fcne kadar \u00e7\u0131kmam\u0131\u015ft\u0131r, \u00e7\u0131kmas\u0131 da beklenmemelidir. \u015eehitlerimiz vebali sald\u0131rgan Suriye kadar buna ortam haz\u0131rlayan Rusya&#8217;n\u0131n omuzlar\u0131ndad\u0131r. Bununla y\u00fczle\u015fmek \u015fartt\u0131r.<\/p>\n<p>&#8211; T\u00fcrk milleti gerekirse, ba\u015fka da se\u00e7enek g\u00f6r\u00fclmezse, \u015eam&#8217;a girmeyi \u015fimdiden planlamal\u0131d\u0131r. Yans\u0131n Suriye, y\u0131k\u0131ls\u0131n \u0130dlib, kahrolsun Esad. Mehmetlerimizi \u015fehit eden al\u00e7aklara ses \u00e7\u0131karmay\u0131p T\u00fcrk devletini su\u00e7layanlar ortadad\u0131r. Esad devrilmelidir, zul\u00fcm \u015fatolar\u0131 y\u0131k\u0131lmal\u0131d\u0131r. <\/p>\n<p>&#8211; K\u0131l\u0131\u00e7daro\u011flu bug\u00fcn FET\u00d6&#8217;n\u00fcn siyasi aya\u011f\u0131n\u0131 a\u00e7\u0131klayacakm\u0131\u015f, aynaya baksa aya\u011f\u0131n\u0131 da boyunu da g\u00f6recek.<\/p>\n<!-- Error, Advert is not available at this time due to schedule\/geolocation restrictions! -->\n","protected":false},"excerpt":{"rendered":"<p>Meclis Grup toplant\u0131s\u0131nda g\u00fcndeme ili\u015fkin de\u011ferlendirmelerde bulunan MHP Genel Ba\u015fkan\u0131 Devlet Bah\u00e7eli, &#8220;T\u00fcrk milleti gerekirse, ba\u015fka da se\u00e7enek g\u00f6r\u00fclmezse, \u015eam&#8217;a girmeyi \u015fimdiden planlamal\u0131d\u0131r. Yans\u0131n Suriye, y\u0131k\u0131ls\u0131n \u0130dlib, kahrolsun Esad&#8221; ifadelerini kulland\u0131. Bah\u00e7eli&#8217;nin konu\u015fmas\u0131ndan \u00f6ne \u00e7\u0131kan ba\u015fl\u0131klar \u015fu \u015fekilde: &#8211; T\u00fcrkiye son zamanlarda afetlerle ve vehim kazalarla k\u0131yas\u0131ya bo\u011fu\u015fmaktad\u0131r. Felaketler 2020 y\u0131l\u0131nda adeta otomati\u011fe ba\u011flayarak \u00fclkemize &hellip;<\/p>\n","protected":false},"author":4,"featured_media":286076,"comment_status":"open","ping_status":"closed","sticky":false,"template":"","format":"standard","meta":{"_acf_changed":false,"footnotes":""},"categories":[6155,5005,6772,6202,349],"tags":[8469,806,57372],"class_list":["post-286075","post","type-post","status-publish","format-standard","has-post-thumbnail","hentry","category-gundem","category-manset","category-ortadogu","category-politika","category-son-dakika","tag-devlet-bahceli","tag-suriye","tag-turkiye-suriye"],"acf":[],"_links":{"self":[{"href":"https:\/\/www.nationalturk.com\/tr\/wp-json\/wp\/v2\/posts\/286075","targetHints":{"allow":["GET"]}}],"collection":[{"href":"https:\/\/www.nationalturk.com\/tr\/wp-json\/wp\/v2\/posts"}],"about":[{"href":"https:\/\/www.nationalturk.com\/tr\/wp-json\/wp\/v2\/types\/post"}],"author":[{"embeddable":true,"href":"https:\/\/www.nationalturk.com\/tr\/wp-json\/wp\/v2\/users\/4"}],"replies":[{"embeddable":true,"href":"https:\/\/www.nationalturk.com\/tr\/wp-json\/wp\/v2\/comments?post=286075"}],"version-history":[{"count":0,"href":"https:\/\/www.nationalturk.com\/tr\/wp-json\/wp\/v2\/posts\/286075\/revisions"}],"wp:featuredmedia":[{"embeddable":true,"href":"https:\/\/www.nationalturk.com\/tr\/wp-json\/wp\/v2\/media\/286076"}],"wp:attachment":[{"href":"https:\/\/www.nationalturk.com\/tr\/wp-json\/wp\/v2\/media?parent=286075"}],"wp:term":[{"taxonomy":"category","embeddable":true,"href":"https:\/\/www.nationalturk.com\/tr\/wp-json\/wp\/v2\/categories?post=286075"},{"taxonomy":"post_tag","embeddable":true,"href":"https:\/\/www.nationalturk.com\/tr\/wp-json\/wp\/v2\/tags?post=286075"}],"curies":[{"name":"wp","href":"https:\/\/api.w.org\/{rel}","templated":true}]}}