{"id":286274,"date":"2020-02-17T11:53:34","date_gmt":"2020-02-17T08:53:34","guid":{"rendered":"https:\/\/www.nationalturk.com\/?p=286274"},"modified":"2020-02-17T11:53:34","modified_gmt":"2020-02-17T08:53:34","slug":"ali-senden-erdogana-destek-spora-mudahale-etmez","status":"publish","type":"post","link":"https:\/\/www.nationalturk.com\/tr\/ali-senden-erdogana-destek-spora-mudahale-etmez\/","title":{"rendered":"Ali \u015een&#8217;den Erdo\u011fan&#8217;a destek: Spora m\u00fcdahale etmez"},"content":{"rendered":"<h2>Fenerbah\u00e7e\u2019nin esi ba\u015fkanlar\u0131ndan Ali \u015een, Ali Ko\u00e7&#8217;un &#8220;Trabzonspor s\u0131rt\u0131n\u0131 devlete dayam\u0131\u015f&#8221; a\u00e7\u0131klamas\u0131na ili\u015fkin olarak, &#8220;Hi\u00e7 kimse tuttu\u011fu tak\u0131m\u0131 \u015fampiyon yapamaz. Her \u015feyden \u00f6nce Cumhurba\u015fkan\u0131 Recep Tayyip Erdo\u011fan siyasetin spora bula\u015fmas\u0131na zaten izin vermez. Cumhurba\u015fkan\u0131 Erdo\u011fan sporun i\u00e7 i\u015flerine asla m\u00fcdahale etmez&#8221; diye konu\u015ftu.<\/h2>\n<p>Sabah&#8217;tan Tuba Kal\u00e7\u0131k&#8217;a konu\u015fan Ali \u015een, T\u00fcrkiye Futbol Federasyonu Ba\u015fkan\u0131 Nihat \u00d6zdemir&#8217;in spor d\u00fcnyas\u0131na alan ki\u015fi oldu\u011funu belirterek, &#8220;Nihat&#8217;\u0131 \u00e7ok eskiden tan\u0131r\u0131m. \u00c7ok d\u00fczg\u00fcn ve iyi bir insand\u0131r, asla yanl\u0131\u015f bir i\u015f yapmaz. Bunu Ali&#8217;ye de s\u00f6yledim. Ali de &#8220;\u00d6zdemir verdi\u011fi s\u00f6zleri tutmad\u0131&#8221; dedi. Mali ve transfer konusuyla ilgili destek olmad\u0131\u011f\u0131n\u0131 s\u00f6yledi. Ben Nihat&#8217;\u0131n verdi\u011fi s\u00f6zleri tutaca\u011f\u0131na inan\u0131yorum&#8221; ifadelerini kulland\u0131. <\/p>\n<h3>Ali \u015een&#8217;in a\u00e7\u0131klamalar\u0131ndan \u00f6ne \u00e7\u0131kan ba\u015fl\u0131klar \u015fu \u015fekilde:<\/h3>\n<p>&#8220;Ali&#8217;nin &#8216;Trabzonspor s\u0131rt\u0131n\u0131 devlete dayad\u0131&#8217; s\u00f6zlerine gelince&#8230; Ben i\u015fin i\u00e7 y\u00fcz\u00fcn\u00fc bilmiyorum. Bu s\u00f6z\u00fcn\u00fc a\u00e7\u0131klamal\u0131. Ama devlet her kul\u00fcbe destek olur, olmal\u0131 da. Eski h\u00fck\u00fbmetler destek falan olmuyordu. \u015eimdi devletin her kul\u00fcbe destek olmas\u0131n\u0131 \u00e7ok \u00f6nemli buluyorum. Kul\u00fcplere stat da yapmal\u0131, yard\u0131m da etmeli. Bir kul\u00fcbe y\u00f6nelik b\u00f6yle \u015feyler s\u00f6ylenmesini de do\u011fru bulmuyorum. Cumhurba\u015fkan\u0131 Erdo\u011fan sporun daha iyi olmas\u0131 i\u00e7in u\u011fra\u015f\u0131yor, bunu yak\u0131ndan biliyorum.<\/p>\n<p>Siyaset\u00e7iler bir tak\u0131m\u0131 tutabilir ve \u015fampiyon olmas\u0131n\u0131 g\u00f6nl\u00fcnden ge\u00e7irebilir, bu normal bir \u015fey. Kimse bir tak\u0131m\u0131 tutuyor diye onu \u015fampiyon falan yapamaz. Her \u015feyden \u00f6nce Cumhurba\u015fkan\u0131 siyasetin spora bula\u015fmas\u0131na asla izin vermez. Spor d\u00fcnyas\u0131nda kimse Cumhurba\u015fkan\u0131&#8217;n\u0131n ad\u0131n\u0131 kullanmas\u0131n, kar\u0131\u015ft\u0131rmas\u0131n da. Erdo\u011fan, sporun i\u00e7 i\u015flerine hi\u00e7bir zaman m\u00fcdahale etmiyor.<\/p>\n<p>Ali Ko\u00e7&#8217;un s\u00f6ylemlerini do\u011fru bulmad\u0131\u011f\u0131n\u0131 belirten Ali \u015een, &#8220;Ali ba\u015fkan olmadan \u00f6nce kul\u00fcpten mali dosyay\u0131 istemi\u015f ama ona vermemi\u015fler. Bana b\u00f6yle s\u00f6yledi. Bu a\u00e7\u0131klamay\u0131 yapmak yerine Aziz Y\u0131ld\u0131r\u0131m&#8217;la yan yana gelerek kul\u00fcb\u00fcn bor\u00e7lar\u0131 i\u00e7in konu\u015fsa daha iyi olurdu. Y\u0131ld\u0131r\u0131m bize kongrelerde &#8220;Fenerbah\u00e7e&#8217;nin borcu yok&#8221; diyordu. Sonra Ali&#8217;nin b\u00f6yle konu\u015fmas\u0131 herkesi \u015fa\u015f\u0131rtt\u0131. Ali Ko\u00e7 se\u00e7ildikten sonra ba\u015fta taraftar olmak \u00fczere herkes ondan \u00e7ok b\u00fcy\u00fck ba\u015far\u0131lar bekliyordu. Ama \u00f6yle olmad\u0131. Tak\u0131m k\u00fcme d\u00fc\u015fme durumuna kadar geldi.<\/p>\n<p>Taraftar Ali&#8217;yi \u00e7ok seviyordu ve Fener&#8217;in bu k\u00f6t\u00fc gidi\u015fi b\u00fcy\u00fck hayal k\u0131r\u0131kl\u0131\u011f\u0131 yaratt\u0131. Ali&#8217;ye destek verdi\u011fim i\u00e7in kongre \u00fcyeleri beni aray\u0131p &#8220;Sen &#8216;Ali Ko\u00e7&#8217;a oy ver&#8217; dedin verdik. Aziz Y\u0131ld\u0131r\u0131m&#8217;la konu\u015fmak zordu ama Ali Ko\u00e7 ile konu\u015fmak \u00e7ok daha zor. Ne yapaca\u011f\u0131z?&#8221; diyorlard\u0131. Ali ilk ba\u015fkan oldu\u011fu zaman y\u0131ld\u0131zlar alaca\u011f\u0131n\u0131 s\u00f6yledi taraftara. Yapamad\u0131. Taraftar\u0131n ona b\u00fcy\u00fck bir ba\u011fl\u0131l\u0131\u011f\u0131 var, bunu g\u00f6r\u00fcyorum. Ama ge\u00e7en sezon herkeste hayal k\u0131r\u0131kl\u0131\u011f\u0131 yaratt\u0131 Ali Ko\u00e7. Fener bu sene \u015fampiyon olmal\u0131. E\u011fer \u015fampiyon olmazsa Ali Ko\u00e7&#8217;un ba\u015f\u0131 a\u011fr\u0131r.&#8221;<\/p>\n<p>&#8216;Galatasaray&#8217;\u0131 farkl\u0131 yenece\u011fiz&#8217;<br \/>\nHafta sonu oynanacak Galatasaray derbisini de\u011ferlendiren Ali \u015een, &#8220;Fenerbah\u00e7e e\u011fer \u015fampiyon olmak istiyorsa mutlaka bu ma\u00e7\u0131 almal\u0131. T\u00fcrkiye&#8217;deki en iyi kadroya sahibiz. Galatasaray&#8217;\u0131 yendi\u011fimiz takdirde \u00f6n\u00fcm\u00fczde kimse duramaz. Bu ma\u00e7ta Galatasaray&#8217;\u0131 farkl\u0131 yenece\u011fimizi d\u00fc\u015f\u00fcn\u00fcyorum. Fatih Terim \u00e7ok iyi bir spor adam\u0131, Galatasaray&#8217;\u0131n kadrosu da iyi ama bizim psikolojik olarak \u00fcst\u00fcnl\u00fc\u011f\u00fcm\u00fcz var. Galatasaray \u00e7ok uzun y\u0131llard\u0131r Fenerbah\u00e7e&#8217;yi yenemedi Kad\u0131k\u00f6y&#8217;de. Bir kere Galatasarayl\u0131 futbolcular\u0131n \u00fcst\u00fcnde bunun bask\u0131s\u0131 da var. Futbolcular\u0131n ayaklar\u0131 titrer bu bask\u0131dan. Taraftar\u0131m\u0131z\u0131n tak\u0131ma inanc\u0131 tam. Biz her a\u00e7\u0131dan avantajl\u0131y\u0131z ve bu ma\u00e7\u0131 alaca\u011f\u0131z&#8221; ifadelerini kulland\u0131.<\/p>\n<!-- Error, Advert is not available at this time due to schedule\/geolocation restrictions! -->\n","protected":false},"excerpt":{"rendered":"<p>Fenerbah\u00e7e\u2019nin esi ba\u015fkanlar\u0131ndan Ali \u015een, Ali Ko\u00e7&#8217;un &#8220;Trabzonspor s\u0131rt\u0131n\u0131 devlete dayam\u0131\u015f&#8221; a\u00e7\u0131klamas\u0131na ili\u015fkin olarak, &#8220;Hi\u00e7 kimse tuttu\u011fu tak\u0131m\u0131 \u015fampiyon yapamaz. Her \u015feyden \u00f6nce Cumhurba\u015fkan\u0131 Recep Tayyip Erdo\u011fan siyasetin spora bula\u015fmas\u0131na zaten izin vermez. Cumhurba\u015fkan\u0131 Erdo\u011fan sporun i\u00e7 i\u015flerine asla m\u00fcdahale etmez&#8221; diye konu\u015ftu. Sabah&#8217;tan Tuba Kal\u00e7\u0131k&#8217;a konu\u015fan Ali \u015een, T\u00fcrkiye Futbol Federasyonu Ba\u015fkan\u0131 Nihat \u00d6zdemir&#8217;in &hellip;<\/p>\n","protected":false},"author":4,"featured_media":286275,"comment_status":"open","ping_status":"closed","sticky":false,"template":"","format":"standard","meta":{"_acf_changed":false,"footnotes":""},"categories":[6155,6774,5005],"tags":[2522,849,4114],"class_list":["post-286274","post","type-post","status-publish","format-standard","has-post-thumbnail","hentry","category-gundem","category-futbol","category-manset","tag-ali-koc","tag-fenerbahce","tag-galatasaray"],"acf":[],"_links":{"self":[{"href":"https:\/\/www.nationalturk.com\/tr\/wp-json\/wp\/v2\/posts\/286274","targetHints":{"allow":["GET"]}}],"collection":[{"href":"https:\/\/www.nationalturk.com\/tr\/wp-json\/wp\/v2\/posts"}],"about":[{"href":"https:\/\/www.nationalturk.com\/tr\/wp-json\/wp\/v2\/types\/post"}],"author":[{"embeddable":true,"href":"https:\/\/www.nationalturk.com\/tr\/wp-json\/wp\/v2\/users\/4"}],"replies":[{"embeddable":true,"href":"https:\/\/www.nationalturk.com\/tr\/wp-json\/wp\/v2\/comments?post=286274"}],"version-history":[{"count":0,"href":"https:\/\/www.nationalturk.com\/tr\/wp-json\/wp\/v2\/posts\/286274\/revisions"}],"wp:featuredmedia":[{"embeddable":true,"href":"https:\/\/www.nationalturk.com\/tr\/wp-json\/wp\/v2\/media\/286275"}],"wp:attachment":[{"href":"https:\/\/www.nationalturk.com\/tr\/wp-json\/wp\/v2\/media?parent=286274"}],"wp:term":[{"taxonomy":"category","embeddable":true,"href":"https:\/\/www.nationalturk.com\/tr\/wp-json\/wp\/v2\/categories?post=286274"},{"taxonomy":"post_tag","embeddable":true,"href":"https:\/\/www.nationalturk.com\/tr\/wp-json\/wp\/v2\/tags?post=286274"}],"curies":[{"name":"wp","href":"https:\/\/api.w.org\/{rel}","templated":true}]}}