{"id":286304,"date":"2020-02-17T18:13:39","date_gmt":"2020-02-17T15:13:39","guid":{"rendered":"https:\/\/www.nationalturk.com\/?p=286304"},"modified":"2020-02-17T18:13:39","modified_gmt":"2020-02-17T15:13:39","slug":"unlu-kaleci-federasyon-baskanligina-aday","status":"publish","type":"post","link":"https:\/\/www.nationalturk.com\/tr\/unlu-kaleci-federasyon-baskanligina-aday\/","title":{"rendered":"\u00dcnl\u00fc kaleci federasyon ba\u015fkanl\u0131\u011f\u0131na aday"},"content":{"rendered":"<h2>\u0130spanya Milli Tak\u0131m\u0131 ve Real Madrid&#8217;in tarihe ge\u00e7en isimlerinden olan kaleci Casillas son birka\u00e7 ayd\u0131r ortaya at\u0131lan iddialar\u0131 do\u011frulad\u0131 ve \u0130spanya Futbol Federasyonu ba\u015fkanl\u0131\u011f\u0131 i\u00e7in adayl\u0131\u011f\u0131n\u0131 duyurdu.<\/h2>\n<p>\u0130spanyol futbolunun en \u00f6nemli isimlerinden eski kaleci Iker Casillas, \u0130spanya Futbol Federasyonu (RFEF) ba\u015fkanl\u0131\u011f\u0131 i\u00e7in aday olaca\u011f\u0131n\u0131 resmen a\u00e7\u0131klad\u0131.<br \/>\nA\u00e7\u0131klamay\u0131 Twitter hesab\u0131 \u00fczerinden yapan 38 ya\u015f\u0131ndaki Casillas, &#8220;Evet, se\u00e7im karar\u0131 a\u00e7\u0131kland\u0131\u011f\u0131nda RFEF Ba\u015fkanl\u0131\u011f\u0131 i\u00e7in adayl\u0131\u011f\u0131m\u0131 sunaca\u011f\u0131m. Birlikte, federasyonumuzu d\u00fcnyan\u0131n en iyi futbol seviyesine \u00e7\u0131karaca\u011f\u0131z&#8221; ifadelerini kulland\u0131. Casillas, d\u00fcnyan\u0131n en iyi futbol seviyesi olarak da \u0130spanyol futbolunu g\u00f6sterdi. <\/p>\n<p>Hen\u00fcz resmi tarihi a\u00e7\u0131klanmayan RFEF Ba\u015fkanl\u0131\u011f\u0131 se\u00e7imi i\u00e7in kararl\u0131 bir \u015fekilde ve b\u00fcy\u00fck bir sayg\u0131yla \u00e7al\u0131\u015fmalar\u0131n\u0131 devam ettirdiklerini belirten Casillas, &#8220;\u015eeffaf ve adil bir se\u00e7imde, 23 binden fazla se\u00e7men bizi bekliyor. Bize kar\u015f\u0131 g\u00f6sterdikleri ilgi ve sevgiden dolay\u0131 herkese te\u015fekk\u00fcrler&#8221; diye yazd\u0131.<\/p>\n<!-- Error, Advert is not available at this time due to schedule\/geolocation restrictions! -->\n","protected":false},"excerpt":{"rendered":"<p>\u0130spanya Milli Tak\u0131m\u0131 ve Real Madrid&#8217;in tarihe ge\u00e7en isimlerinden olan kaleci Casillas son birka\u00e7 ayd\u0131r ortaya at\u0131lan iddialar\u0131 do\u011frulad\u0131 ve \u0130spanya Futbol Federasyonu ba\u015fkanl\u0131\u011f\u0131 i\u00e7in adayl\u0131\u011f\u0131n\u0131 duyurdu. \u0130spanyol futbolunun en \u00f6nemli isimlerinden eski kaleci Iker Casillas, \u0130spanya Futbol Federasyonu (RFEF) ba\u015fkanl\u0131\u011f\u0131 i\u00e7in aday olaca\u011f\u0131n\u0131 resmen a\u00e7\u0131klad\u0131. A\u00e7\u0131klamay\u0131 Twitter hesab\u0131 \u00fczerinden yapan 38 ya\u015f\u0131ndaki Casillas, &#8220;Evet, &hellip;<\/p>\n","protected":false},"author":4,"featured_media":252631,"comment_status":"open","ping_status":"closed","sticky":false,"template":"","format":"standard","meta":{"_acf_changed":false,"footnotes":""},"categories":[6155,6774,5005],"tags":[32043,15,21033],"class_list":["post-286304","post","type-post","status-publish","format-standard","has-post-thumbnail","hentry","category-gundem","category-futbol","category-manset","tag-iker-casillas","tag-ispanya","tag-la-liga"],"acf":[],"_links":{"self":[{"href":"https:\/\/www.nationalturk.com\/tr\/wp-json\/wp\/v2\/posts\/286304","targetHints":{"allow":["GET"]}}],"collection":[{"href":"https:\/\/www.nationalturk.com\/tr\/wp-json\/wp\/v2\/posts"}],"about":[{"href":"https:\/\/www.nationalturk.com\/tr\/wp-json\/wp\/v2\/types\/post"}],"author":[{"embeddable":true,"href":"https:\/\/www.nationalturk.com\/tr\/wp-json\/wp\/v2\/users\/4"}],"replies":[{"embeddable":true,"href":"https:\/\/www.nationalturk.com\/tr\/wp-json\/wp\/v2\/comments?post=286304"}],"version-history":[{"count":0,"href":"https:\/\/www.nationalturk.com\/tr\/wp-json\/wp\/v2\/posts\/286304\/revisions"}],"wp:featuredmedia":[{"embeddable":true,"href":"https:\/\/www.nationalturk.com\/tr\/wp-json\/wp\/v2\/media\/252631"}],"wp:attachment":[{"href":"https:\/\/www.nationalturk.com\/tr\/wp-json\/wp\/v2\/media?parent=286304"}],"wp:term":[{"taxonomy":"category","embeddable":true,"href":"https:\/\/www.nationalturk.com\/tr\/wp-json\/wp\/v2\/categories?post=286304"},{"taxonomy":"post_tag","embeddable":true,"href":"https:\/\/www.nationalturk.com\/tr\/wp-json\/wp\/v2\/tags?post=286304"}],"curies":[{"name":"wp","href":"https:\/\/api.w.org\/{rel}","templated":true}]}}