{"id":286347,"date":"2020-02-19T10:38:04","date_gmt":"2020-02-19T07:38:04","guid":{"rendered":"https:\/\/www.nationalturk.com\/?p=286347"},"modified":"2020-02-19T10:38:04","modified_gmt":"2020-02-19T07:38:04","slug":"cezaevinden-cikti-polisler-tarafindan-yeniden-gozaltina-alindi","status":"publish","type":"post","link":"https:\/\/www.nationalturk.com\/tr\/cezaevinden-cikti-polisler-tarafindan-yeniden-gozaltina-alindi\/","title":{"rendered":"Cezaevinden \u00e7\u0131kt\u0131, polisler taraf\u0131ndan yeniden g\u00f6zalt\u0131na al\u0131nd\u0131"},"content":{"rendered":"<h2>Gezi Park\u0131 direni\u015fi davas\u0131nda beraat ettikten sonra Silivri Cezaevinden tahliye olan Osman Kavala i\u00e7in \u0130stanbul Cumhuriyet Ba\u015fsavc\u0131l\u0131\u011f\u0131nca 15 Temmuz darbe giri\u015fimi soru\u015fturmas\u0131 kapsam\u0131nda g\u00f6zalt\u0131 karar\u0131 verildi.<\/h2>\n<p>\u0130stanbul Cumhuriyet Ba\u015fsavc\u0131l\u0131\u011f\u0131 taraf\u0131ndan yap\u0131lan a\u00e7\u0131klamada, kamuoyunda &#8220;Gezi Olaylar\u0131&#8221; olarak bilinen ve T\u00fcrkiye Cumhuriyeti h\u00fck\u00fcmetini hedef alan kalk\u0131\u015fma giri\u015fiminin soru\u015fturulmas\u0131 kapsam\u0131nda, eylemleri planlayan, y\u00f6neten ve y\u00f6nlendiren bir k\u0131s\u0131m \u015f\u00fcpheliler hakk\u0131nda Ba\u015fsavc\u0131l\u0131k\u00e7a 19 \u015eubat 2019 tarihinde iddianameyle kamu davas\u0131 a\u00e7\u0131ld\u0131\u011f\u0131 hat\u0131rlat\u0131ld\u0131.<\/p>\n<p>\u0130stanbul 30. A\u011f\u0131r Ceza Mahkemesinin 18 \u015eubat tarihli karar\u0131yla, hakk\u0131nda kamu davas\u0131 a\u00e7\u0131lan san\u0131klar\u0131n beraatine ve tutuklu san\u0131k Osman Kavala&#8217;n\u0131n tahliyesine karar verildi\u011fi an\u0131msat\u0131lan a\u00e7\u0131klamada, \u015funlar kaydedildi:<\/p>\n<p>&#8220;An\u0131lan karar\u0131n bozulmas\u0131 talebiyle ilgili mahkemeye s\u00fcre tutum dilek\u00e7esi verilmi\u015f olup, karar\u0131n gerek\u00e7esinin yaz\u0131lmas\u0131n\u0131 m\u00fcteakip, Cumhuriyet Ba\u015fsavc\u0131l\u0131\u011f\u0131m\u0131zca istinaf kanun yoluna ba\u015fvurulacakt\u0131r. Yarg\u0131lama sonucunda tahliyesine karar verilen san\u0131k Kavala hakk\u0131nda, 15 Temmuz darbe giri\u015fimine ili\u015fkin Ba\u015fsavc\u0131l\u0131\u011f\u0131m\u0131zca y\u00fcr\u00fct\u00fclen bir ba\u015fka soru\u015fturma kapsam\u0131nda, TCK&#8217;n\u0131n 309. maddesi uyar\u0131nca Anayasal D\u00fczeni Bozmaya Te\u015febb\u00fcs su\u00e7undan ayr\u0131ca g\u00f6zalt\u0131 karar\u0131 verilmi\u015ftir.&#8221;<\/p>\n<h3>Osman Kavala g\u00f6zalt\u0131na al\u0131nd\u0131<\/h3>\n<p>\u0130stanbul 30. A\u011f\u0131r Ceza Mahkemesinde g\u00f6r\u00fclen Gezi Park\u0131 odakl\u0131 olaylara ili\u015fkin davada beraat eden Osman Kavala, Silivri Kapal\u0131 Ceza \u0130nfaz Kurumunda tahliyesinin ard\u0131ndan polis ekiplerince teslim al\u0131nd\u0131.<\/p>\n<p>Sa\u011fl\u0131k kontrol\u00fcnden ge\u00e7ilerek Vatan Caddesi&#8217;ndeki \u0130stanbul Emniyet M\u00fcd\u00fcrl\u00fc\u011f\u00fc yerle\u015fkesine g\u00f6t\u00fcr\u00fclen Kavala&#8217;n\u0131n i\u015flemleri s\u00fcr\u00fcyor.<\/p>\n<!-- Error, Advert is not available at this time due to schedule\/geolocation restrictions! -->\n","protected":false},"excerpt":{"rendered":"<p>Gezi Park\u0131 direni\u015fi davas\u0131nda beraat ettikten sonra Silivri Cezaevinden tahliye olan Osman Kavala i\u00e7in \u0130stanbul Cumhuriyet Ba\u015fsavc\u0131l\u0131\u011f\u0131nca 15 Temmuz darbe giri\u015fimi soru\u015fturmas\u0131 kapsam\u0131nda g\u00f6zalt\u0131 karar\u0131 verildi. \u0130stanbul Cumhuriyet Ba\u015fsavc\u0131l\u0131\u011f\u0131 taraf\u0131ndan yap\u0131lan a\u00e7\u0131klamada, kamuoyunda &#8220;Gezi Olaylar\u0131&#8221; olarak bilinen ve T\u00fcrkiye Cumhuriyeti h\u00fck\u00fcmetini hedef alan kalk\u0131\u015fma giri\u015fiminin soru\u015fturulmas\u0131 kapsam\u0131nda, eylemleri planlayan, y\u00f6neten ve y\u00f6nlendiren bir k\u0131s\u0131m \u015f\u00fcpheliler &hellip;<\/p>\n","protected":false},"author":4,"featured_media":284563,"comment_status":"open","ping_status":"closed","sticky":false,"template":"","format":"standard","meta":{"_acf_changed":false,"footnotes":""},"categories":[6155,5005,349,6805],"tags":[207515,92829,213941],"class_list":["post-286347","post","type-post","status-publish","format-standard","has-post-thumbnail","hentry","category-gundem","category-manset","category-son-dakika","category-turkiye","tag-15-temmuz","tag-gezi-parki","tag-osman-kavala"],"acf":[],"_links":{"self":[{"href":"https:\/\/www.nationalturk.com\/tr\/wp-json\/wp\/v2\/posts\/286347","targetHints":{"allow":["GET"]}}],"collection":[{"href":"https:\/\/www.nationalturk.com\/tr\/wp-json\/wp\/v2\/posts"}],"about":[{"href":"https:\/\/www.nationalturk.com\/tr\/wp-json\/wp\/v2\/types\/post"}],"author":[{"embeddable":true,"href":"https:\/\/www.nationalturk.com\/tr\/wp-json\/wp\/v2\/users\/4"}],"replies":[{"embeddable":true,"href":"https:\/\/www.nationalturk.com\/tr\/wp-json\/wp\/v2\/comments?post=286347"}],"version-history":[{"count":0,"href":"https:\/\/www.nationalturk.com\/tr\/wp-json\/wp\/v2\/posts\/286347\/revisions"}],"wp:featuredmedia":[{"embeddable":true,"href":"https:\/\/www.nationalturk.com\/tr\/wp-json\/wp\/v2\/media\/284563"}],"wp:attachment":[{"href":"https:\/\/www.nationalturk.com\/tr\/wp-json\/wp\/v2\/media?parent=286347"}],"wp:term":[{"taxonomy":"category","embeddable":true,"href":"https:\/\/www.nationalturk.com\/tr\/wp-json\/wp\/v2\/categories?post=286347"},{"taxonomy":"post_tag","embeddable":true,"href":"https:\/\/www.nationalturk.com\/tr\/wp-json\/wp\/v2\/tags?post=286347"}],"curies":[{"name":"wp","href":"https:\/\/api.w.org\/{rel}","templated":true}]}}