{"id":286368,"date":"2020-02-19T12:31:11","date_gmt":"2020-02-19T09:31:11","guid":{"rendered":"https:\/\/www.nationalturk.com\/?p=286368"},"modified":"2020-02-19T12:31:11","modified_gmt":"2020-02-19T09:31:11","slug":"borsa-endeksinden-2-sifir-atilacak","status":"publish","type":"post","link":"https:\/\/www.nationalturk.com\/tr\/borsa-endeksinden-2-sifir-atilacak\/","title":{"rendered":"Borsa endeksinden 2 s\u0131f\u0131r at\u0131lacak"},"content":{"rendered":"<h2>Borsa \u0130stanbul Genel M\u00fcd\u00fcr\u00fc Hakan Atilla, borsan\u0131n halka arz\u0131 i\u00e7in y\u0131l bitmeden haz\u0131r olacaklar\u0131n\u0131 s\u00f6yledi, Atilla May\u0131s&#8217;ta endeksten iki s\u0131f\u0131r atmay\u0131 planlad\u0131klar\u0131n\u0131 ifade etti.<\/h2>\n<p>Sohbet toplant\u0131s\u0131nda konu\u015fan Atilla, borsan\u0131n halka arz\u0131 i\u00e7in y\u0131l bitmeden haz\u0131r hale geleceklerini ve g\u00fcndeme alacaklar\u0131n\u0131 s\u00f6yledi. Atilla, May\u0131s ay\u0131nda Borsa \u0130stanbul&#8217;da 2 s\u0131f\u0131r atmay\u0131 planlad\u0131klar\u0131n\u0131 ifade etti.<\/p>\n<p>Ak\u015fam seans\u0131nda ortalama 200 milyon TL i\u015flem ge\u00e7ti\u011fini, gidi\u015fattan memnun olduklar\u0131n\u0131 belirten Atilla, Borsa \u0130stanbul&#8217;u Finans Merkezi&#8217;ne ta\u015f\u0131ma niyetleri oldu\u011funu ve ta\u015f\u0131nman\u0131n 2022, 2023&#8217;\u00fc bulaca\u011f\u0131n\u0131 s\u00f6yledi. <\/p>\n<h3>Atilla&#8217;n\u0131n a\u00e7\u0131klamas\u0131nda \u00f6ne \u00e7\u0131kanlar \u015f\u00f6yle;<\/h3>\n<p>&#8211; \u0130\u015flem hacimlerimiz ge\u00e7en seneye g\u00f6re ikiye katland\u0131.<\/p>\n<p>&#8211; Daha fazla yerli yat\u0131r\u0131mc\u0131n\u0131n gelmesi i\u00e7in \u00e7al\u0131\u015fmalar var ancak olgunla\u015fmad\u0131.<\/p>\n<p>&#8211; A\u00e7\u0131\u011fa sat\u0131\u015f yasa\u011f\u0131n\u0131n kalkmas\u0131n\u0131 takipteyiz.<\/p>\n<p>&#8211; Kapal\u0131 tahtalar ile ilgili bizim taraf\u0131m\u0131zda yap\u0131labilecek bir \u015fey yok.<\/p>\n<p>&#8211; Halka a\u00e7\u0131kl\u0131k oran\u0131 \u00e7ok d\u00fc\u015f\u00fck hisselerde d\u00fczenleme olacak.<\/p>\n<p>&#8211; Temett\u00fcn\u00fcn vergilendirilmesi konusunu di\u011fer kurumlarla ortak \u00e7al\u0131\u015f\u0131yoruz, sade hale gelmeli.<\/p>\n<p>&#8211; Borsada y\u00fcksek frekansl\u0131 i\u015flem pay\u0131 y\u00fczde 16-17 seviyesinde. Endi\u015fe edecek durum yok.<\/p>\n<p>&#8211; \u00d6d\u00fcn\u00e7 piyasas\u0131n\u0131 daha aktif hale getirmek i\u00e7in \u00e7al\u0131\u015fma ba\u015flatt\u0131k.<\/p>\n<p>&#8211; Bitcoin&#8217;in borsada al\u0131n\u0131p sat\u0131lmas\u0131 yak\u0131n zamanda zor. Vadeli i\u015flemlerde d\u00fc\u015f\u00fcn\u00fclebilir.<\/p>\n<!-- Error, Advert is not available at this time due to schedule\/geolocation restrictions! -->\n","protected":false},"excerpt":{"rendered":"<p>Borsa \u0130stanbul Genel M\u00fcd\u00fcr\u00fc Hakan Atilla, borsan\u0131n halka arz\u0131 i\u00e7in y\u0131l bitmeden haz\u0131r olacaklar\u0131n\u0131 s\u00f6yledi, Atilla May\u0131s&#8217;ta endeksten iki s\u0131f\u0131r atmay\u0131 planlad\u0131klar\u0131n\u0131 ifade etti. Sohbet toplant\u0131s\u0131nda konu\u015fan Atilla, borsan\u0131n halka arz\u0131 i\u00e7in y\u0131l bitmeden haz\u0131r hale geleceklerini ve g\u00fcndeme alacaklar\u0131n\u0131 s\u00f6yledi. Atilla, May\u0131s ay\u0131nda Borsa \u0130stanbul&#8217;da 2 s\u0131f\u0131r atmay\u0131 planlad\u0131klar\u0131n\u0131 ifade etti. Ak\u015fam seans\u0131nda ortalama &hellip;<\/p>\n","protected":false},"author":4,"featured_media":283064,"comment_status":"open","ping_status":"closed","sticky":false,"template":"","format":"standard","meta":{"_acf_changed":false,"footnotes":""},"categories":[6199,6155,5005,349],"tags":[131737,214854],"class_list":["post-286368","post","type-post","status-publish","format-standard","has-post-thumbnail","hentry","category-ekonomi","category-gundem","category-manset","category-son-dakika","tag-borsa-istanbul","tag-hakan-atilla"],"acf":[],"_links":{"self":[{"href":"https:\/\/www.nationalturk.com\/tr\/wp-json\/wp\/v2\/posts\/286368","targetHints":{"allow":["GET"]}}],"collection":[{"href":"https:\/\/www.nationalturk.com\/tr\/wp-json\/wp\/v2\/posts"}],"about":[{"href":"https:\/\/www.nationalturk.com\/tr\/wp-json\/wp\/v2\/types\/post"}],"author":[{"embeddable":true,"href":"https:\/\/www.nationalturk.com\/tr\/wp-json\/wp\/v2\/users\/4"}],"replies":[{"embeddable":true,"href":"https:\/\/www.nationalturk.com\/tr\/wp-json\/wp\/v2\/comments?post=286368"}],"version-history":[{"count":0,"href":"https:\/\/www.nationalturk.com\/tr\/wp-json\/wp\/v2\/posts\/286368\/revisions"}],"wp:featuredmedia":[{"embeddable":true,"href":"https:\/\/www.nationalturk.com\/tr\/wp-json\/wp\/v2\/media\/283064"}],"wp:attachment":[{"href":"https:\/\/www.nationalturk.com\/tr\/wp-json\/wp\/v2\/media?parent=286368"}],"wp:term":[{"taxonomy":"category","embeddable":true,"href":"https:\/\/www.nationalturk.com\/tr\/wp-json\/wp\/v2\/categories?post=286368"},{"taxonomy":"post_tag","embeddable":true,"href":"https:\/\/www.nationalturk.com\/tr\/wp-json\/wp\/v2\/tags?post=286368"}],"curies":[{"name":"wp","href":"https:\/\/api.w.org\/{rel}","templated":true}]}}