{"id":286511,"date":"2020-02-24T13:26:15","date_gmt":"2020-02-24T10:26:15","guid":{"rendered":"https:\/\/www.nationalturk.com\/?p=286511"},"modified":"2020-02-24T13:26:15","modified_gmt":"2020-02-24T10:26:15","slug":"kaptan-pilot-tedavi-altinda-ifade-veriyor","status":"publish","type":"post","link":"https:\/\/www.nationalturk.com\/tr\/kaptan-pilot-tedavi-altinda-ifade-veriyor\/","title":{"rendered":"Kaptan pilot tedavi alt\u0131nda ifade veriyor"},"content":{"rendered":"<p>Anadolu Cumhuriyet Ba\u015fsavc\u0131l\u0131\u011f\u0131nca, 5 \u015eubat&#8217;ta 177 yolcu ile 6 m\u00fcrettebat\u0131n bulundu\u011fu \u0130zmir-\u0130stanbul seferini yapan Pegasus Havayollar\u0131na ait yolcu u\u00e7a\u011f\u0131n\u0131n pistten \u00e7\u0131kmas\u0131 sonucu 3 ki\u015finin hayat\u0131n\u0131 kaybetti\u011fi kazaya ili\u015fkin y\u00fcr\u00fct\u00fclen soru\u015fturma s\u00fcr\u00fcyor.<\/p>\n<p>Soru\u015fturma kapsam\u0131nda polis ekipleri, kaptan pilot M.A&#8217;n\u0131n tedavi g\u00f6rd\u00fc\u011f\u00fc hastanede ifadesini almaya ba\u015flad\u0131.<\/p>\n<p>\u00d6te yandan Kaptan pilot M.A&#8217;n\u0131n, ifadesinin al\u0131nmas\u0131n\u0131n ard\u0131ndan taburcu i\u015flemlerinin de yap\u0131laca\u011f\u0131 ve Anadolu Adalet Saray\u0131&#8217;na g\u00f6t\u00fcr\u00fclece\u011fi \u00f6\u011frenildi.<\/p>\n<p>Kazaya ili\u015fkin kaptan pilot M.A. ve yabanc\u0131 uyruklu yard\u0131mc\u0131 pilot F.P. hakk\u0131nda &#8220;taksirle birden fazla ki\u015finin \u00f6l\u00fcm\u00fcne ve yaralanmas\u0131na neden olmak&#8221; su\u00e7undan soru\u015fturma ba\u015flat\u0131lm\u0131\u015ft\u0131. Yard\u0131mc\u0131 pilotun ifadesi daha \u00f6nce polis taraf\u0131ndan tedavi g\u00f6rd\u00fc\u011f\u00fc hastanede al\u0131nm\u0131\u015ft\u0131.<\/p>\n<!-- Error, Advert is not available at this time due to schedule\/geolocation restrictions! -->\n","protected":false},"excerpt":{"rendered":"<p>Anadolu Cumhuriyet Ba\u015fsavc\u0131l\u0131\u011f\u0131nca, 5 \u015eubat&#8217;ta 177 yolcu ile 6 m\u00fcrettebat\u0131n bulundu\u011fu \u0130zmir-\u0130stanbul seferini yapan Pegasus Havayollar\u0131na ait yolcu u\u00e7a\u011f\u0131n\u0131n pistten \u00e7\u0131kmas\u0131 sonucu 3 ki\u015finin hayat\u0131n\u0131 kaybetti\u011fi kazaya ili\u015fkin y\u00fcr\u00fct\u00fclen soru\u015fturma s\u00fcr\u00fcyor. Soru\u015fturma kapsam\u0131nda polis ekipleri, kaptan pilot M.A&#8217;n\u0131n tedavi g\u00f6rd\u00fc\u011f\u00fc hastanede ifadesini almaya ba\u015flad\u0131. \u00d6te yandan Kaptan pilot M.A&#8217;n\u0131n, ifadesinin al\u0131nmas\u0131n\u0131n ard\u0131ndan taburcu i\u015flemlerinin de &hellip;<\/p>\n","protected":false},"author":4,"featured_media":286512,"comment_status":"open","ping_status":"closed","sticky":false,"template":"","format":"standard","meta":{"_acf_changed":false,"footnotes":""},"categories":[6155,5005,349,6805],"tags":[1115],"class_list":["post-286511","post","type-post","status-publish","format-standard","has-post-thumbnail","hentry","category-gundem","category-manset","category-son-dakika","category-turkiye","tag-pegasus"],"acf":[],"_links":{"self":[{"href":"https:\/\/www.nationalturk.com\/tr\/wp-json\/wp\/v2\/posts\/286511","targetHints":{"allow":["GET"]}}],"collection":[{"href":"https:\/\/www.nationalturk.com\/tr\/wp-json\/wp\/v2\/posts"}],"about":[{"href":"https:\/\/www.nationalturk.com\/tr\/wp-json\/wp\/v2\/types\/post"}],"author":[{"embeddable":true,"href":"https:\/\/www.nationalturk.com\/tr\/wp-json\/wp\/v2\/users\/4"}],"replies":[{"embeddable":true,"href":"https:\/\/www.nationalturk.com\/tr\/wp-json\/wp\/v2\/comments?post=286511"}],"version-history":[{"count":0,"href":"https:\/\/www.nationalturk.com\/tr\/wp-json\/wp\/v2\/posts\/286511\/revisions"}],"wp:featuredmedia":[{"embeddable":true,"href":"https:\/\/www.nationalturk.com\/tr\/wp-json\/wp\/v2\/media\/286512"}],"wp:attachment":[{"href":"https:\/\/www.nationalturk.com\/tr\/wp-json\/wp\/v2\/media?parent=286511"}],"wp:term":[{"taxonomy":"category","embeddable":true,"href":"https:\/\/www.nationalturk.com\/tr\/wp-json\/wp\/v2\/categories?post=286511"},{"taxonomy":"post_tag","embeddable":true,"href":"https:\/\/www.nationalturk.com\/tr\/wp-json\/wp\/v2\/tags?post=286511"}],"curies":[{"name":"wp","href":"https:\/\/api.w.org\/{rel}","templated":true}]}}