{"id":286677,"date":"2020-02-27T16:43:35","date_gmt":"2020-02-27T13:43:35","guid":{"rendered":"https:\/\/www.nationalturk.com\/?p=286677"},"modified":"2020-02-27T16:43:35","modified_gmt":"2020-02-27T13:43:35","slug":"thy-ucagi-istanbula-iniste-kaza-atlatti","status":"publish","type":"post","link":"https:\/\/www.nationalturk.com\/tr\/thy-ucagi-istanbula-iniste-kaza-atlatti\/","title":{"rendered":"THY u\u00e7a\u011f\u0131 \u0130stanbul&#8217;a ini\u015fte kaza atlatt\u0131"},"content":{"rendered":"<p><a href=\"https:\/\/www.airporthaber.com\/thy-haberleri\/thy-ucaginin-inis-takimlari-kirildi-ucak-pistte-kaldi.html\" rel=\"noopener noreferrer\" target=\"_blank\">Airporthaber sitesinde yer alan habere g\u00f6re<\/a> TK1598 sefer say\u0131l\u0131 TC-JSH kuyruk tescili Airbus A321 tipi yolcu u\u00e7a\u011f\u0131 \u0130stanbul Havaliman\u0131&#8217;na sert ini\u015f yapt\u0131. \u0130ni\u015fin ard\u0131ndan u\u00e7a\u011f\u0131n \u00f6n ini\u015f tak\u0131mlar\u0131ndaki lastikleri koptu. Olay sonras\u0131 pistte kalan u\u00e7ak i\u00e7in hemen \u00e7al\u0131\u015fma ba\u015flat\u0131ld\u0131.<\/p>\n<p>\u0130lk gelen bilgilere g\u00f6re 7&#8217;si m\u00fcrettebat, 146 yolcudan yaralanan olmad\u0131.<\/p>\n<p>U\u00e7a\u011f\u0131n pistte kalmas\u0131n\u0131n ard\u0131ndan \u0130stanbul Havaliman\u0131&#8217;na inecek u\u00e7aklar havada tur atmak zorunda kald\u0131.<\/p>\n<!-- Error, Advert is not available at this time due to schedule\/geolocation restrictions! -->\n","protected":false},"excerpt":{"rendered":"<p>Airporthaber sitesinde yer alan habere g\u00f6re TK1598 sefer say\u0131l\u0131 TC-JSH kuyruk tescili Airbus A321 tipi yolcu u\u00e7a\u011f\u0131 \u0130stanbul Havaliman\u0131&#8217;na sert ini\u015f yapt\u0131. \u0130ni\u015fin ard\u0131ndan u\u00e7a\u011f\u0131n \u00f6n ini\u015f tak\u0131mlar\u0131ndaki lastikleri koptu. Olay sonras\u0131 pistte kalan u\u00e7ak i\u00e7in hemen \u00e7al\u0131\u015fma ba\u015flat\u0131ld\u0131. \u0130lk gelen bilgilere g\u00f6re 7&#8217;si m\u00fcrettebat, 146 yolcudan yaralanan olmad\u0131. U\u00e7a\u011f\u0131n pistte kalmas\u0131n\u0131n ard\u0131ndan \u0130stanbul Havaliman\u0131&#8217;na &hellip;<\/p>\n","protected":false},"author":4,"featured_media":286678,"comment_status":"open","ping_status":"closed","sticky":false,"template":"","format":"standard","meta":{"_acf_changed":false,"footnotes":""},"categories":[6155,5005,349,6805],"tags":[219185,1862],"class_list":["post-286677","post","type-post","status-publish","format-standard","has-post-thumbnail","hentry","category-gundem","category-manset","category-son-dakika","category-turkiye","tag-istanbul-havalimani","tag-thy"],"acf":[],"_links":{"self":[{"href":"https:\/\/www.nationalturk.com\/tr\/wp-json\/wp\/v2\/posts\/286677","targetHints":{"allow":["GET"]}}],"collection":[{"href":"https:\/\/www.nationalturk.com\/tr\/wp-json\/wp\/v2\/posts"}],"about":[{"href":"https:\/\/www.nationalturk.com\/tr\/wp-json\/wp\/v2\/types\/post"}],"author":[{"embeddable":true,"href":"https:\/\/www.nationalturk.com\/tr\/wp-json\/wp\/v2\/users\/4"}],"replies":[{"embeddable":true,"href":"https:\/\/www.nationalturk.com\/tr\/wp-json\/wp\/v2\/comments?post=286677"}],"version-history":[{"count":0,"href":"https:\/\/www.nationalturk.com\/tr\/wp-json\/wp\/v2\/posts\/286677\/revisions"}],"wp:featuredmedia":[{"embeddable":true,"href":"https:\/\/www.nationalturk.com\/tr\/wp-json\/wp\/v2\/media\/286678"}],"wp:attachment":[{"href":"https:\/\/www.nationalturk.com\/tr\/wp-json\/wp\/v2\/media?parent=286677"}],"wp:term":[{"taxonomy":"category","embeddable":true,"href":"https:\/\/www.nationalturk.com\/tr\/wp-json\/wp\/v2\/categories?post=286677"},{"taxonomy":"post_tag","embeddable":true,"href":"https:\/\/www.nationalturk.com\/tr\/wp-json\/wp\/v2\/tags?post=286677"}],"curies":[{"name":"wp","href":"https:\/\/api.w.org\/{rel}","templated":true}]}}