{"id":286703,"date":"2020-02-28T11:00:15","date_gmt":"2020-02-28T08:00:15","guid":{"rendered":"https:\/\/www.nationalturk.com\/?p=286703"},"modified":"2020-02-28T11:00:15","modified_gmt":"2020-02-28T08:00:15","slug":"bahceli-hukumetin-yanindayiz-dusman-goruldugu-yerde-ezilmelidir","status":"publish","type":"post","link":"https:\/\/www.nationalturk.com\/tr\/bahceli-hukumetin-yanindayiz-dusman-goruldugu-yerde-ezilmelidir\/","title":{"rendered":"Bah\u00e7eli: H\u00fck\u00fcmetin yan\u0131nday\u0131z, d\u00fc\u015fman g\u00f6r\u00fcld\u00fc\u011f\u00fc yerde ezilmelidir"},"content":{"rendered":"<p>Bah\u00e7eli, partisinin, h\u00fckumetin alaca\u011f\u0131 siyasi ve askeri her karar\u0131n bedeli ne olursa olsun yan\u0131nda duraca\u011f\u0131n\u0131 ve destek\u00e7isi olaca\u011f\u0131n\u0131 belirterek, &#8220;D\u00fc\u015fman g\u00f6r\u00fcld\u00fc\u011f\u00fc yerde ezilmelidir. \u0130dlib&#8217;e kara ve hava operasyonu s\u00fcratle icra edilmelidir.&#8221; ifadelerini kulland\u0131.<\/p>\n<p>\u0130dlib&#8217;de T\u00fcrk askerlerine y\u00f6nelik rejim taraf\u0131ndan d\u00fczenlenen sald\u0131r\u0131ya ili\u015fkin yapt\u0131\u011f\u0131 yaz\u0131l\u0131 a\u00e7\u0131klamada, Bah\u00e7eli, T\u00fcrkiye&#8217;nin \u0130dlib k\u0131rsal\u0131nda &#8220;Katil Esad unsurlar\u0131yla zalim i\u015fbirlik\u00e7ileri taraf\u0131ndan alenen ve al\u00e7ak bir hava sald\u0131r\u0131s\u0131na maruz kald\u0131\u011f\u0131n\u0131&#8221; belirtti.<\/p>\n<p>Bah\u00e7eli, &#8220;Allah korkusu ta\u015f\u0131mayan, insan sevgisi tan\u0131mayan caniler Regaib Kandili&#8217;mizi kana bulam\u0131\u015flard\u0131r. Derinle\u015fen \u0130dlib krizi milli bekam\u0131z\u0131 en \u00fcst d\u00fczeyde tehdit eden bir h\u00fcviyete b\u00fcr\u00fcnm\u00fc\u015ft\u00fcr.&#8221; de\u011ferlendirmesinde bulundu.<\/p>\n<p>Sald\u0131r\u0131da 33 askerin \u015fehit oldu\u011funu, 32 askerin de yaraland\u0131\u011f\u0131n\u0131 an\u0131msatan Bah\u00e7eli, &#8220;Elbette ac\u0131m\u0131z \u00e7ok b\u00fcy\u00fckt\u00fcr. Bundan sonra hi\u00e7bir bahanenin, hi\u00e7bir s\u00f6z\u00fcn itibar\u0131, iradesi ve inand\u0131r\u0131c\u0131l\u0131\u011f\u0131 kalmam\u0131\u015f, b\u00fct\u00fcn ezberler bitmi\u015f ve t\u00fckenmi\u015ftir.&#8221; g\u00f6r\u00fc\u015f\u00fcn\u00fc savundu.<\/p>\n<p>Devlet Bah\u00e7eli, a\u00e7\u0131klamas\u0131nda \u015funlar\u0131 bildirdi:<\/p>\n<p>&#8220;Rusya Federasyonu bizim taraf\u0131m\u0131zdan malum olan menfur ve me\u015fum y\u00fcz\u00fcn\u00fc bir kez daha g\u00f6stermi\u015f, T\u00fcrkiye&#8217;ye kar\u015f\u0131 besledi\u011fi gizli husumeti a\u00e7\u0131k\u00e7a if\u015fa etmi\u015ftir. Katil Esad cinayet ve rezaletleriyle resmen d\u00fc\u015fman kampa yerle\u015fmi\u015f, nefretin ve \u015fiddetin yegane failine d\u00f6n\u00fc\u015fm\u00fc\u015ft\u00fcr. Milliyet\u00e7i Hareket Partisi, T\u00fcrkiye Cumhuriyeti&#8217;nin her t\u00fcrl\u00fc askeri m\u00fcdahale hakk\u0131n\u0131 ve m\u00fccadele karar\u0131n\u0131 hakl\u0131 ve me\u015fru g\u00f6rmektedir. Suriye hava sahas\u0131n\u0131n Rusya taraf\u0131ndan a\u00e7\u0131l\u0131p a\u00e7\u0131lmamas\u0131 h\u00fckm\u00fcn\u00fc t\u00fcmden kaybetmi\u015f, art\u0131k g\u00fc\u00e7 ve zor kullanmak ka\u00e7\u0131n\u0131lmaz bir mecburiyet haline gelmi\u015ftir. Milliyet\u00e7i Hareket Partisi, h\u00fckumetin alaca\u011f\u0131 siyasi ve askeri her karar, her uygulama, her tasarrufun bedeli ne olursa olsun yan\u0131nda duracak, destek\u00e7isi olacakt\u0131r. D\u00fc\u015fman g\u00f6r\u00fcld\u00fc\u011f\u00fc yerde ezilmelidir. \u0130dlib&#8217;e kara ve hava operasyonu s\u00fcratle icra edilmelidir. S\u0131n\u0131r kap\u0131lar\u0131n\u0131n a\u00e7\u0131lmas\u0131 da isabetli bir hamledir.&#8221;<\/p>\n<p>Geli\u015fmelerin silahl\u0131 \u00e7at\u0131\u015fmadan s\u0131cak sava\u015fa d\u00f6n\u00fc\u015fme konusunun T\u00fcrkiye&#8217;nin meselesi olmaktan \u00e7\u0131kt\u0131\u011f\u0131na i\u015faret eden Bah\u00e7eli, &#8220;Kan d\u00f6ken rejim unsurlar\u0131n\u0131n bulunduklar\u0131 her yerde cezaland\u0131r\u0131lmalar\u0131 T\u00fcrk tarihine ve ma\u015feri vicdana kar\u015f\u0131 ertelenemez bir sorumluluk halini alm\u0131\u015ft\u0131r. Sonunu haz\u0131rlayan \u015ferefsiz Esad hain ve hunhar sald\u0131r\u0131lar\u0131n\u0131n kar\u015f\u0131l\u0131\u011f\u0131n\u0131 en a\u011f\u0131r \u015fekilde almal\u0131, T\u00fcrk milletine silah \u00e7evirmenin, bomba atman\u0131n sonu\u00e7lar\u0131na ac\u0131 \u015fekilde muhatap olmal\u0131d\u0131r. Milli g\u00fcvenli\u011fimizi temin maksad\u0131yla bulundu\u011fumuz alanlarda kar\u015f\u0131m\u0131za kim \u00e7\u0131karsa \u00e7\u0131ks\u0131n do\u011fdu\u011funa pi\u015fman edilmeli, bunun gere\u011fi can pahas\u0131na yap\u0131lmal\u0131d\u0131r. Bug\u00fcnk\u00fc olduk\u00e7a hassas ve nazik d\u00f6nemde, siyasi polemiklerle oyalanmak, ahlaken sorunlu tart\u0131\u015fmalarla me\u015fgul olmak vatanseverlikle, T\u00fcrkiye sevgisiyle asla tavzih ve tevil edilemeyecektir.&#8221; ifadelerini kulland\u0131.<\/p>\n<p>Bah\u00e7eli, g\u00fcn\u00fcn bir ve beraber olma, birlikte ayn\u0131 cephede, ayn\u0131 \u015fuur ve ruhta bulu\u015fma g\u00fcn\u00fc oldu\u011funu belirterek, &#8220;Kimin hangi siyaset anlay\u0131\u015f\u0131n\u0131n, hangi fikri ve ideolojik ak\u0131m\u0131n mensubu oldu\u011funun bir \u00f6nemi elbette kalmam\u0131\u015ft\u0131r. &#8216;\u00d6nce \u00fclkem ve milletim, sonra partim ve ben&#8217; ilkesinde cesaretle kucakla\u015fmak m\u00fchim ve m\u00fcessir bir zorunluluktur. B\u00fct\u00fcn T\u00fcrk vatanda\u015flar\u0131n\u0131n seferberlik ruhuyla yeni bir Milli M\u00fccadele ortak paydas\u0131nda kenetlenmeleri mukadderat\u0131m\u0131za istikamet \u00e7izecek istiklal ve istikbal meselesidir. Esad ya pi\u015fman olup teslim bayra\u011f\u0131n\u0131 \u00e7ekecek ya da bombalad\u0131\u011f\u0131 topraklar ona ve \u00e7etesine mezar olacakt\u0131r.&#8221; ifadelerini kulland\u0131. <\/p>\n<p>T\u00fcrkiye&#8217;nin bir NATO m\u00fcttefiki oldu\u011funa i\u015faret eden Bah\u00e7eli, \u015funlar\u0131 kaydetti:<\/p>\n<p>&#8220;Yap\u0131lan sald\u0131r\u0131lar ayn\u0131 zamanda b\u00fct\u00fcn NATO \u00fcyelerine yap\u0131lm\u0131\u015ft\u0131r. \u0130\u00e7inden ge\u00e7ti\u011fimiz s\u00fcre\u00e7, herkes ve NATO \u00fcyesi her \u00fclke i\u00e7in samimiyet ve iyi niyet testidir. T\u00fcrkiye \u015fehitlerini sahip \u00e7\u0131karak d\u00f6k\u00fclen kanlar\u0131 yerde b\u0131rakmayacakt\u0131r. Muzaffer T\u00fcrk milleti, Allah&#8217;\u0131n izniyle melaneti devirecek, hainleri yerle yeksan edecektir. Milliyet\u00e7i Hareket Partisi, T\u00fcrkiye&#8217;nin egemenlik haklar\u0131n\u0131n muhafazas\u0131yla birlikte g\u00fcvenlik ihtiya\u00e7lar\u0131n\u0131n fedakarl\u0131kla kar\u015f\u0131lanaca\u011f\u0131na inanmakta, h\u00fckumete ve kahraman T\u00fcrk Silahl\u0131 Kuvvetlerine sonuna kadar g\u00fcvenmektedir. Biriz, diriyiz, hep birlikte g\u00fc\u00e7l\u00fcy\u00fcz, a\u015f\u0131lmaz son kaleyiz. Y\u0131lg\u0131nl\u0131k yoktur, umutsuzluk yoktur, taviz ve teslimiyet s\u00f6z konusu bile edilemeyecektir.&#8221;<\/p>\n<p>Bah\u00e7eli, \u015fehitlere Allah&#8217;tan rahmet ve yaral\u0131lara \u015fifa dileyerek, &#8220;\u015eehitler hepimizindir, al\u0131nacak intikam hepimizin namusuna emanettir. Ba\u015f\u0131m\u0131z sa\u011folsun, vatan sa\u011folsun, zalimlere, hainlere lanet olsun.&#8221; a\u00e7\u0131klamas\u0131nda bulundu.<\/p>\n<!-- Error, Advert is not available at this time due to schedule\/geolocation restrictions! -->\n","protected":false},"excerpt":{"rendered":"<p>Bah\u00e7eli, partisinin, h\u00fckumetin alaca\u011f\u0131 siyasi ve askeri her karar\u0131n bedeli ne olursa olsun yan\u0131nda duraca\u011f\u0131n\u0131 ve destek\u00e7isi olaca\u011f\u0131n\u0131 belirterek, &#8220;D\u00fc\u015fman g\u00f6r\u00fcld\u00fc\u011f\u00fc yerde ezilmelidir. \u0130dlib&#8217;e kara ve hava operasyonu s\u00fcratle icra edilmelidir.&#8221; ifadelerini kulland\u0131. \u0130dlib&#8217;de T\u00fcrk askerlerine y\u00f6nelik rejim taraf\u0131ndan d\u00fczenlenen sald\u0131r\u0131ya ili\u015fkin yapt\u0131\u011f\u0131 yaz\u0131l\u0131 a\u00e7\u0131klamada, Bah\u00e7eli, T\u00fcrkiye&#8217;nin \u0130dlib k\u0131rsal\u0131nda &#8220;Katil Esad unsurlar\u0131yla zalim i\u015fbirlik\u00e7ileri taraf\u0131ndan &hellip;<\/p>\n","protected":false},"author":4,"featured_media":286704,"comment_status":"open","ping_status":"closed","sticky":false,"template":"","format":"standard","meta":{"_acf_changed":false,"footnotes":""},"categories":[6155,5005,6202,349],"tags":[8469,10829],"class_list":["post-286703","post","type-post","status-publish","format-standard","has-post-thumbnail","hentry","category-gundem","category-manset","category-politika","category-son-dakika","tag-devlet-bahceli","tag-mhp"],"acf":[],"_links":{"self":[{"href":"https:\/\/www.nationalturk.com\/tr\/wp-json\/wp\/v2\/posts\/286703","targetHints":{"allow":["GET"]}}],"collection":[{"href":"https:\/\/www.nationalturk.com\/tr\/wp-json\/wp\/v2\/posts"}],"about":[{"href":"https:\/\/www.nationalturk.com\/tr\/wp-json\/wp\/v2\/types\/post"}],"author":[{"embeddable":true,"href":"https:\/\/www.nationalturk.com\/tr\/wp-json\/wp\/v2\/users\/4"}],"replies":[{"embeddable":true,"href":"https:\/\/www.nationalturk.com\/tr\/wp-json\/wp\/v2\/comments?post=286703"}],"version-history":[{"count":0,"href":"https:\/\/www.nationalturk.com\/tr\/wp-json\/wp\/v2\/posts\/286703\/revisions"}],"wp:featuredmedia":[{"embeddable":true,"href":"https:\/\/www.nationalturk.com\/tr\/wp-json\/wp\/v2\/media\/286704"}],"wp:attachment":[{"href":"https:\/\/www.nationalturk.com\/tr\/wp-json\/wp\/v2\/media?parent=286703"}],"wp:term":[{"taxonomy":"category","embeddable":true,"href":"https:\/\/www.nationalturk.com\/tr\/wp-json\/wp\/v2\/categories?post=286703"},{"taxonomy":"post_tag","embeddable":true,"href":"https:\/\/www.nationalturk.com\/tr\/wp-json\/wp\/v2\/tags?post=286703"}],"curies":[{"name":"wp","href":"https:\/\/api.w.org\/{rel}","templated":true}]}}