{"id":286850,"date":"2020-03-03T15:40:17","date_gmt":"2020-03-03T12:40:17","guid":{"rendered":"https:\/\/www.nationalturk.com\/?p=286850"},"modified":"2020-03-03T15:40:17","modified_gmt":"2020-03-03T12:40:17","slug":"emine-erdogan-ve-tansu-ciller-tbmmde-turk-kadini-ozel-oturumu","status":"publish","type":"post","link":"https:\/\/www.nationalturk.com\/tr\/emine-erdogan-ve-tansu-ciller-tbmmde-turk-kadini-ozel-oturumu\/","title":{"rendered":"Emine Erdo\u011fan ve Tansu \u00c7iller TBMM&#8217;de: &#8220;T\u00fcrk Kad\u0131n\u0131 \u00d6zel Oturumu&#8221;"},"content":{"rendered":"<p>Cumhurba\u015fkan\u0131 Recep Tayyip Erdo\u011fan&#8217;\u0131n e\u015fi Emine Erdo\u011fan, &#8220;T\u00fcrkiye, &#8216;benim iman dolu g\u00f6\u011fs\u00fcm gibi serhaddim var&#8217; diyen insanlar\u0131yla \u00e7ok b\u00fcy\u00fck bir \u00fclkedir. Tarih boyunca oldu\u011fu gibi, bug\u00fcn de aleyhimize oynanan t\u00fcm oyunlara ra\u011fmen, bulundu\u011fumuz co\u011frafyada dimdik ayakta kalmaya devam edece\u011fiz.&#8221; dedi. <\/p>\n<p>Program dolay\u0131s\u0131yla tarihi mekan\u0131nda bulunmaktan mutluluk duydu\u011funu vurgulayan Emine Erdo\u011fan, &#8220;Her \u015feyden \u00f6nce, \u0130dlib&#8217;de \u015fehitlik makam\u0131na eren Mehmet\u00e7i\u011fimize Allah&#8217;tan rahmet, yaral\u0131lar\u0131m\u0131za acil \u015fifalar diliyorum. Rabbim ailelerine sab\u0131rlar ihsan eylesin. Milletimizin ba\u015f\u0131 sa\u011f olsun. Aziz vatan\u0131m\u0131z ve \u015fanl\u0131 bayra\u011f\u0131m\u0131z u\u011fruna canlar\u0131n\u0131 feda eden t\u00fcm \u015fehitlerimizi ilelebet minnetle anaca\u011f\u0131z.&#8221; ifadelerini kulland\u0131. <\/p>\n<p>&#8220;Akif&#8217;in dedi\u011fi gibi, s\u0131ksak \u015f\u00fcheda f\u0131\u015fk\u0131racak bu topraklar\u0131n her bir kar\u0131\u015f\u0131nda, \u015fehitlerimizin kan\u0131 var.&#8221; diyen Emine Erdo\u011fan, \u0130stiklal M\u00fccadelesi&#8217;nin Ba\u015fkomutan\u0131, Cumhuriyetin kurucusu Gazi Mustafa Kemal Atat\u00fcrk&#8217;\u00fc, kahraman silah arkada\u015flar\u0131n\u0131 ve kad\u0131n\u0131yla erke\u011fiyle, vatan\u0131 can\u0131ndan \u00fcst\u00fcn tutmu\u015f t\u00fcm \u015fehitleri rahmetle yad etti\u011fini s\u00f6yledi.<\/p>\n<h3>&#8220;Bu Meclis, T\u00fcrk insan\u0131n\u0131n ba\u011f\u0131ms\u0131zl\u0131k a\u015fk\u0131n\u0131n abidesidir&#8221;<\/h3>\n<p>Emine Erdo\u011fan, 2. TBMM&#8217;nin insanda derin manevi hisler uyand\u0131rd\u0131\u011f\u0131na i\u015faret ederek, &#8220;100. y\u0131l\u0131nda dimdik ayakta duran bu Meclis, T\u00fcrk insan\u0131n\u0131n ba\u011f\u0131ms\u0131zl\u0131k a\u015fk\u0131n\u0131n bir abidesidir. Bildi\u011finiz gibi, milletimiz tarihin hi\u00e7bir d\u00f6neminde ba\u011f\u0131ms\u0131zl\u0131\u011f\u0131n\u0131 asla kaybetmemi\u015ftir.  &#8216;Ya istiklal ya \u00f6l\u00fcm&#8217;, ya\u015faman\u0131n ancak h\u00fcrriyetle m\u00fcmk\u00fcn oldu\u011funu bilen \u015ferefli ve haysiyetli bu milletin parolas\u0131 olmu\u015ftur.&#8221; diye konu\u015ftu. <\/p>\n<p>Bug\u00fcn son derece \u00f6zel bir karaktere sahip T\u00fcrk kad\u0131n\u0131n\u0131 konu\u015fmak i\u00e7in bir araya geldiklerine dikkati \u00e7eken Emine Erdo\u011fan, s\u00f6zlerini \u015f\u00f6yle s\u00fcrd\u00fcrd\u00fc:<\/p>\n<p>&#8220;Gazi Mustafa Kemal Atat\u00fcrk&#8217;\u00fcn, kad\u0131nlar\u0131m\u0131z\u0131n Milli M\u00fccadele&#8217;ye verdi\u011fi hizmetleri anlat\u0131rken kurdu\u011fu \u015fu c\u00fcmleler, bu karakterin en g\u00fczide tan\u0131m\u0131d\u0131r. &#8216;D\u00fcnyan\u0131n hi\u00e7bir yerinde, hi\u00e7bir milletinde Anadolu k\u00f6yl\u00fc kad\u0131n\u0131n\u0131n fevkinde kad\u0131n mesaisi zikretmek imkan\u0131 yoktur. Ve d\u00fcnyada hi\u00e7bir milletin kad\u0131n\u0131 &#8216;Ben Anadolu kad\u0131n\u0131ndan daha fazla \u00e7al\u0131\u015ft\u0131m, milletimi halasa ve zafere g\u00f6t\u00fcrmekte Anadolu kad\u0131n\u0131 kadar hizmet g\u00f6rd\u00fcm&#8217; diyemez. <\/p>\n<p>Evet, \u015f\u00fcphesiz ki Milli M\u00fccadele zaferine kad\u0131nlar\u0131m\u0131z\u0131n cesareti, dirayeti ve vatan sevgisi damgas\u0131n\u0131 vurmu\u015ftur. Onlar bir yandan tarlay\u0131 s\u00fcr\u00fcp ailelerine bakarken, bir yandan kundaktaki bebeklerini s\u0131rtlar\u0131na ba\u011flay\u0131p cepheye ka\u011fn\u0131larla malzeme ta\u015f\u0131d\u0131lar. Yaral\u0131lara bakt\u0131lar. Yeri geldi cephede sava\u015ft\u0131lar. \u00c7ocuklar\u0131na oldu\u011fu kadar, vatanlar\u0131na da ana oldular.&#8221; <\/p>\n<h3>&#8220;Ay y\u0131ld\u0131z hepimizin kalbine da\u011flanm\u0131\u015ft\u0131r&#8221;<\/h3>\n<p>Kad\u0131nlar\u0131n sadece cephede de\u011fil, fikir hayat\u0131nda da istiklal d\u00fc\u015f\u00fcncesinin bayra\u011f\u0131n\u0131 dalgaland\u0131rd\u0131\u011f\u0131n\u0131, Erzurumlu Kara Fatma, Halide Edip Ad\u0131var, Nene Hatun, Halime \u00c7avu\u015f, G\u00f6rdesli Makbule, Ay\u015fe \u00c7avu\u015f, Nazife Kad\u0131n gibi nice \u0130stiklal Harbi kahraman\u0131 kad\u0131n\u0131n bulundu\u011funu an\u0131msatan Emine Erdo\u011fan, \u015f\u00f6yle devam etti:<\/p>\n<p>&#8220;Hepsinin aziz hat\u0131ras\u0131n\u0131 minnetle yad ediyorum. Biz bu ruhu hala dipdiri i\u00e7imizde ta\u015f\u0131yoruz. \u00d6yle ki, 15 Temmuz&#8217;da, demokrasimize yap\u0131lan hain sald\u0131r\u0131da bu cesur ruh adeta y\u00fcre\u011fimizin derinliklerinden d\u0131\u015far\u0131 f\u0131\u015fk\u0131rm\u0131\u015ft\u0131r. Bir as\u0131r sonra yeniden, memleketin her bir k\u00f6\u015fesinde, T\u00fcrk kad\u0131n\u0131n\u0131n elinde bayra\u011f\u0131, kalbinde ba\u011f\u0131ms\u0131zl\u0131k sevdas\u0131yla direndi\u011fine \u015fahit olduk. <\/p>\n<p>Demokrasimize g\u00f6z dikenlerin hezimete u\u011frat\u0131lmas\u0131nda, Kara Fatmalar\u0131n ve Nene Hatunlar\u0131n \u00f6l\u00fcms\u00fcz oldu\u011funu, onlarla ayn\u0131 ruhu ta\u015f\u0131d\u0131\u011f\u0131m\u0131z\u0131 g\u00f6rd\u00fck. Yazd\u0131klar\u0131 destan, milletimizin onurlu tarihine yeni bir d\u00f6n\u00fcm olarak eklendi.<\/p>\n<p>Anlad\u0131k ki, ay y\u0131ld\u0131z hepimizin kalbine da\u011flanm\u0131\u015ft\u0131r. Vatan ve bayrak sevgisi, nesilden nesle \u00e7o\u011falarak ge\u00e7en en de\u011ferli miras\u0131m\u0131zd\u0131r. Bu miras, bekam\u0131z\u0131n da teminat\u0131d\u0131r.&#8221; <\/p>\n<p>&#8211; &#8220;Kad\u0131nlar\u0131m\u0131z\u0131n \u00fclkemizin ba\u015far\u0131 yoluna ekledikleri kilometreler ortada&#8221;  <\/p>\n<p>Emine Erdo\u011fan, T\u00fcrk kad\u0131n\u0131na d\u00fcnyan\u0131n bir\u00e7ok \u00fclkesinden \u00f6nce se\u00e7me ve se\u00e7ilme hakk\u0131n\u0131n 2. Meclis&#8217;te verildi\u011fine ve bunun T\u00fcrkiye i\u00e7in bir milat oldu\u011funa i\u015faret ederek, T\u00fcrk kad\u0131n\u0131n\u0131n da bu hakk\u0131n ne kadar \u00f6nemli oldu\u011funu kavrad\u0131\u011f\u0131n\u0131 ve vatan\u0131 i\u00e7in \u00e7al\u0131\u015fmaktan asla geri kalmad\u0131\u011f\u0131n\u0131 vurgulad\u0131.<\/p>\n<p>\u00dclkenin kurulmas\u0131nda oldu\u011fu gibi bug\u00fcnk\u00fc T\u00fcrkiye haline gelmesinde de kad\u0131nlar\u0131n bir\u00e7ok alanda \u00f6nemli i\u015flere imza att\u0131\u011f\u0131n\u0131 aktaran Emine Erdo\u011fan, \u015f\u00f6yle konu\u015ftu:<\/p>\n<p>&#8220;\u00c7\u00fcnk\u00fc toplumsal ilerleme, ancak kad\u0131nlar\u0131n sosyal, siyasi ve ekonomik hayatta yer almas\u0131yla ba\u015far\u0131labilir. Art\u0131k t\u00fcm kad\u0131nlar\u0131m\u0131z, k\u0131l\u0131k k\u0131yafetine, etnik aidiyetine bak\u0131lmaks\u0131z\u0131n, hi\u00e7bir ayr\u0131mc\u0131l\u0131\u011fa maruz kalmadan e\u011fitim ve i\u015f hayat\u0131na kat\u0131labilmektedir. Bak\u0131n bug\u00fcn aram\u0131zda farkl\u0131 etnik k\u00f6kenlere, de\u011fi\u015fik ya\u015fam tarzlar\u0131na sahip, siyasi tercihleri farkl\u0131 kad\u0131n Ba\u015fbakan, Bakan, milletvekillerimiz, muhtarlar\u0131m\u0131z, \u00f6\u011fretmenlerimiz, giri\u015fimcilerimiz ve belediye ba\u015fkanlar\u0131m\u0131z gibi, toplumun \u00f6nde gelen kad\u0131nlar\u0131 var.<\/p>\n<p>T\u00fcrkiye&#8217;nin ihtiya\u00e7lar\u0131n\u0131 kad\u0131n bak\u0131\u015f a\u00e7\u0131s\u0131yla g\u00f6r\u00fcyor, T\u00fcrkiye&#8217;yi hak etti\u011fi gelece\u011fe ta\u015f\u0131yacak icraatlar\u0131 ger\u00e7ekle\u015ftiriyorlar. Yapt\u0131klar\u0131 i\u015fler, \u00fclkemizin ba\u015far\u0131 yoluna ekledikleri kilometreler ortada.&#8221; <\/p>\n<h3>&#8220;Karar verici mekanizmalarda kad\u0131nlar\u0131m\u0131z\u0131n say\u0131s\u0131n\u0131n h\u0131zla artmas\u0131n\u0131 diliyorum&#8221; <\/h3>\n<p>Emine Erdo\u011fan, kad\u0131nlar\u0131n art\u0131k sadece birer \u00e7al\u0131\u015fan de\u011fil, ekonomiye y\u00f6n veren giri\u015fimciler de oldu\u011funun alt\u0131n\u0131 \u00e7izdi.<\/p>\n<p>Kad\u0131nlar\u0131n ihracatta elde ettikleri ba\u015far\u0131larla, ekonomik b\u00fcy\u00fcmenin lokomotifi oldu\u011funu, bilim alan\u0131nda yapt\u0131klar\u0131yla, milli teknoloji hamlesine ivme katt\u0131klar\u0131n\u0131 dile getiren Emine Erdo\u011fan, &#8220;Akademilerde, medeniyetimizin muhaf\u0131z\u0131 m\u00fcnevver kad\u0131nlar yeti\u015fiyor. Kad\u0131n sporcular\u0131m\u0131z\u0131n ba\u015far\u0131lar\u0131 sayesinde, \u0130stiklal Mar\u015f\u0131m\u0131z\u0131 t\u00fcm d\u00fcnya dinliyor. Kad\u0131n sanat\u00e7\u0131lar\u0131m\u0131z, do\u011fudan y\u00fckselen \u0131\u015f\u0131\u011f\u0131 parlat\u0131yor. Sivil toplum g\u00f6n\u00fcll\u00fcs\u00fc kad\u0131nlar\u0131m\u0131z, toplumuzu g\u00fc\u00e7lendirmek yan\u0131nda, d\u00f6rt k\u0131tada d\u00f6k\u00fclen g\u00f6zya\u015flar\u0131n\u0131 siliyorlar. Ne kadar gurur duysak az.&#8221; ifadesini kulland\u0131. <\/p>\n<p>Emine Erdo\u011fan, t\u00fcm bu kad\u0131nlar\u0131n binlerce y\u0131ll\u0131k tecr\u00fcbenin, irfan\u0131n ve Anadolu ruhunun ta\u015f\u0131y\u0131c\u0131lar\u0131 oldu\u011funa dikkati \u00e7ekerek, \u015fu de\u011ferlendirmede bulundu:<\/p>\n<p>&#8220;Bizi bir araya getiren, d\u00fcn oldu\u011fu gibi bug\u00fcn de tart\u0131\u015f\u0131lmaz ortak noktam\u0131z olan vatan\u0131m\u0131z\u0131n birli\u011fi, devletimizin bekas\u0131, milletimizi muas\u0131r medeniyetler seviyesine ta\u015f\u0131ma \u00fclk\u00fc ve heyecan\u0131d\u0131r. D\u00fcnyan\u0131n en b\u00fcy\u00fck 10 ekonomisinden biri olma hedefimizi, birbirimize omuz vererek yakalayabilece\u011fimize inan\u0131yorum. O nedenle bilhassa karar verici mekanizmalarda kad\u0131nlar\u0131m\u0131z\u0131n say\u0131s\u0131n\u0131n h\u0131zla artmas\u0131n\u0131 diliyorum. Kad\u0131n akl\u0131n\u0131n co\u011frafyas\u0131, engindir. Gelece\u011fin d\u00fcnyas\u0131, bu co\u011frafyan\u0131n fikriyat\u0131yla \u015fekillenecektir.&#8221; <\/p>\n<h3>&#8220;Dimdik ayakta kalmaya devam edece\u011fiz&#8221;<\/h3>\n<p>Emine Erdo\u011fan, &#8220;T\u00fcrkiye, &#8216;benim iman dolu g\u00f6\u011fs\u00fcm gibi serhaddim var&#8217; diyen insanlar\u0131yla \u00e7ok b\u00fcy\u00fck bir \u00fclkedir. Tarih boyunca oldu\u011fu gibi, bug\u00fcn de aleyhimize oynanan t\u00fcm oyunlara ra\u011fmen, bulundu\u011fumuz co\u011frafyada dimdik ayakta kalmaya devam edece\u011fiz. Bundan y\u00fcz y\u0131l \u00f6nce oldu\u011fu gibi, bug\u00fcn de inanc\u0131m\u0131zdan ve medeniyet de\u011ferlerimizden ald\u0131\u011f\u0131m\u0131z g\u00fc\u00e7le, gelece\u011fe milli \u015fuurla y\u00fcr\u00fcyece\u011fiz. Ve bu y\u00fcr\u00fcy\u00fc\u015fte, g\u00fc\u00e7l\u00fc T\u00fcrk kad\u0131nlar\u0131, \u00fclkemizi 21. y\u00fczy\u0131l\u0131n parlayan y\u0131ld\u0131z\u0131 yapacak \u00f6nc\u00fcler olacaklar.&#8221; ifadelerini kulland\u0131.<\/p>\n<p>Bu vesileyle 8 Mart D\u00fcnya Kad\u0131nlar G\u00fcn\u00fc&#8217;n\u00fc de kutlayan Emine Erdo\u011fan, konu\u015fmas\u0131n\u0131, &#8220;T\u00fcm milletimizi, \u00f6zellikle gen\u00e7lerimizi, bu tarihi mekan\u0131, Cumhuriyet M\u00fczesini ziyaret etmeye davet ediyorum. Eminim ki, \u015fu duvarlar hepimize \u00e7ok \u015fey f\u0131s\u0131ldayacak, millet olman\u0131n \u015fuurunu bizlere yeniden hat\u0131rlatacakt\u0131r.&#8221; s\u00f6zleriyle sonland\u0131rd\u0131. <\/p>\n<p>Emine Erdo\u011fan ve kat\u0131l\u0131mc\u0131lar t\u00fcm \u015fehitlerin ruhu i\u00e7in Fatiha okudu.  <\/p>\n<p>Konu\u015fmalar\u0131n ard\u0131ndan K\u00fclt\u00fcr ve Turizm Bakan\u0131 Mehmet Nuri Ersoy, Emine Erdo\u011fan&#8217;a T\u00fcrk kad\u0131n\u0131na se\u00e7me ve se\u00e7ilme hakk\u0131n\u0131 elde etti\u011fi g\u00fcn\u00fcn Resmi Gazete&#8217;sinin bir n\u00fcshas\u0131n\u0131n replikas\u0131n\u0131 hediye etti. <\/p>\n<p>Bakan Ersoy ile T\u00fcrkiye&#8217;nin ilk kad\u0131n Ba\u015fbakan\u0131 Tansu \u00c7iller&#8217;in de konu\u015fma yapt\u0131\u011f\u0131 oturumda, Aile, \u00c7al\u0131\u015fma ve Sosyal Hizmetler Bakan\u0131 Zehra Z\u00fcmr\u00fct Sel\u00e7uk, AK Parti Genel Ba\u015fkan Yard\u0131mc\u0131lar\u0131 J\u00fclide Sar\u0131ero\u011flu ve \u00c7i\u011fdem Karaaslan, eski Bakanlar Fatma G\u00fcldemet Sar\u0131, G\u00fcldal Ak\u015fit ile AK Parti Genel Merkez Kad\u0131n Kollar\u0131 Ba\u015fkan\u0131 L\u00fctfiye Selva \u00c7am da yer ald\u0131. <\/p>\n<p>Oturuma ayr\u0131ca alan\u0131nda ilklere imza atan kad\u0131nlar ile kad\u0131n muhtarlar da kat\u0131ld\u0131. <\/p>\n<h3>Z\u00fcbeyde Han\u0131m&#8217;\u0131n \u00f6zel e\u015fyalar\u0131 ilk kez g\u00fcn y\u00fcz\u00fcne \u00e7\u0131kt\u0131<\/h3>\n<p>Emine Erdo\u011fan ve kat\u0131l\u0131mc\u0131lar, program\u0131n ard\u0131ndan, Cumhuriyet M\u00fczesi&#8217;nde Gazi Mustafa Kemal Atat\u00fcrk&#8217;\u00fcn annesi Z\u00fcbeyde Han\u0131m ve karde\u015fi Makbule Han\u0131m&#8217;\u0131n \u00f6zel e\u015fyalar\u0131n\u0131n yer ald\u0131\u011f\u0131 ve ilk kez ziyaret\u00e7ilerle bulu\u015fturulan sergiyi ziyaret etti. <\/p>\n<p>Sergide, Z\u00fcbeyde Han\u0131m ve karde\u015fi Makbule Han\u0131m&#8217;\u0131n \u00f6zel e\u015fyalar\u0131n\u0131n yar\u0131 s\u0131ra 1925 y\u0131l\u0131nda Meclis Genel Kurul Salonu k\u00fcrs\u00fcs\u00fcnde konu\u015fmac\u0131n\u0131n arkas\u0131nda bulunan ve 1928 y\u0131l\u0131na kadar Meclis \u00e7al\u0131\u015fmalar\u0131na tan\u0131kl\u0131k eden Osmanl\u0131ca &#8220;Hakimiyet Milletindir&#8221; levhas\u0131, Gazi Mustafa Kemal Atat\u00fcrk&#8217;\u00fcn hi\u00e7 g\u00fcn y\u00fcz\u00fcne \u00e7\u0131kmam\u0131\u015f ki\u015fisel e\u015fyalar\u0131, kendi el yaz\u0131s\u0131 ile soyad\u0131 kanunu sonras\u0131 Yozgat Milletvekili S\u0131rr\u0131 Bey&#8217;e bizzat vermi\u015f oldu\u011fu &#8220;\u0130\u00e7\u00f6z&#8221; soyad\u0131 metni yer al\u0131yor. <\/p>\n<p>Mart ay\u0131 boyunca ziyaret edilebilecek sergide, Atat\u00fcrk&#8217;\u00fcn 1923 y\u0131l\u0131nda kendisine mektup g\u00f6nderen Amerikal\u0131 \u00e7ocuk Curtis LaFrance&#8217;a cevaben yazd\u0131\u011f\u0131 mektup da g\u00fcn y\u00fcz\u00fcne \u00e7\u0131kan yeni eserler aras\u0131nda bulunuyor. <\/p>\n<!-- Error, Advert is not available at this time due to schedule\/geolocation restrictions! -->\n","protected":false},"excerpt":{"rendered":"<p>Cumhurba\u015fkan\u0131 Recep Tayyip Erdo\u011fan&#8217;\u0131n e\u015fi Emine Erdo\u011fan, &#8220;T\u00fcrkiye, &#8216;benim iman dolu g\u00f6\u011fs\u00fcm gibi serhaddim var&#8217; diyen insanlar\u0131yla \u00e7ok b\u00fcy\u00fck bir \u00fclkedir. Tarih boyunca oldu\u011fu gibi, bug\u00fcn de aleyhimize oynanan t\u00fcm oyunlara ra\u011fmen, bulundu\u011fumuz co\u011frafyada dimdik ayakta kalmaya devam edece\u011fiz.&#8221; dedi. Program dolay\u0131s\u0131yla tarihi mekan\u0131nda bulunmaktan mutluluk duydu\u011funu vurgulayan Emine Erdo\u011fan, &#8220;Her \u015feyden \u00f6nce, \u0130dlib&#8217;de \u015fehitlik &hellip;<\/p>\n","protected":false},"author":4,"featured_media":286851,"comment_status":"open","ping_status":"closed","sticky":false,"template":"","format":"standard","meta":{"_acf_changed":false,"footnotes":""},"categories":[6155,5005,6202],"tags":[10710,19013,6871],"class_list":["post-286850","post","type-post","status-publish","format-standard","has-post-thumbnail","hentry","category-gundem","category-manset","category-politika","tag-emine-erdogan","tag-tansu-ciller","tag-tbmm"],"acf":[],"_links":{"self":[{"href":"https:\/\/www.nationalturk.com\/tr\/wp-json\/wp\/v2\/posts\/286850","targetHints":{"allow":["GET"]}}],"collection":[{"href":"https:\/\/www.nationalturk.com\/tr\/wp-json\/wp\/v2\/posts"}],"about":[{"href":"https:\/\/www.nationalturk.com\/tr\/wp-json\/wp\/v2\/types\/post"}],"author":[{"embeddable":true,"href":"https:\/\/www.nationalturk.com\/tr\/wp-json\/wp\/v2\/users\/4"}],"replies":[{"embeddable":true,"href":"https:\/\/www.nationalturk.com\/tr\/wp-json\/wp\/v2\/comments?post=286850"}],"version-history":[{"count":0,"href":"https:\/\/www.nationalturk.com\/tr\/wp-json\/wp\/v2\/posts\/286850\/revisions"}],"wp:featuredmedia":[{"embeddable":true,"href":"https:\/\/www.nationalturk.com\/tr\/wp-json\/wp\/v2\/media\/286851"}],"wp:attachment":[{"href":"https:\/\/www.nationalturk.com\/tr\/wp-json\/wp\/v2\/media?parent=286850"}],"wp:term":[{"taxonomy":"category","embeddable":true,"href":"https:\/\/www.nationalturk.com\/tr\/wp-json\/wp\/v2\/categories?post=286850"},{"taxonomy":"post_tag","embeddable":true,"href":"https:\/\/www.nationalturk.com\/tr\/wp-json\/wp\/v2\/tags?post=286850"}],"curies":[{"name":"wp","href":"https:\/\/api.w.org\/{rel}","templated":true}]}}