{"id":287080,"date":"2020-03-09T13:37:26","date_gmt":"2020-03-09T10:37:26","guid":{"rendered":"https:\/\/www.nationalturk.com\/?p=287080"},"modified":"2020-03-09T13:37:26","modified_gmt":"2020-03-09T10:37:26","slug":"alkol-koronaviruse-iyi-geliyor-soylentisinin-sonucu-27-olu","status":"publish","type":"post","link":"https:\/\/www.nationalturk.com\/tr\/alkol-koronaviruse-iyi-geliyor-soylentisinin-sonucu-27-olu\/","title":{"rendered":"&#8220;Alkol koronavir\u00fcse iyi geliyor&#8221; s\u00f6ylentisinin sonucu: 27 \u00f6l\u00fc"},"content":{"rendered":"<p>\u0130ran&#8217;\u0131n g\u00fcneyindeki Huzistan ve Elborz eyaletlerinde d\u00fcnden bu yana sahte i\u00e7ki nedeniyle hayat\u0131n\u0131 kaybedenlerin say\u0131s\u0131 27&#8217;ye y\u00fckseldi.<\/p>\n<p>Fars Haber Ajans\u0131&#8217;na konu\u015fan, Ahvaz Cundi \u015eahpur T\u0131p Bilimleri \u00dcniversitesi Rekt\u00f6r\u00fc Ferhad Ebul Nejadiyan, &#8220;Huzistan&#8217;a ba\u011fl\u0131 Ahvaz&#8217;da son birka\u00e7 g\u00fcn i\u00e7inde sahte i\u00e7kiden zehirlenerek hayat\u0131n\u0131 kaybedenlerin say\u0131s\u0131 20&#8217;ye ula\u015ft\u0131&#8221; dedi.<\/p>\n<p>\u0130ranl\u0131 \u00d6\u011frenciler Haber Ajans\u0131&#8217;na (ISNA) konu\u015fan, Kerec Ba\u015fsavc\u0131 Vekili Muhammed A\u011fayari de &#8220;Elborz eyaletinde sahte i\u00e7kiden zehirlenen ki\u015filerden 7&#8217;si \u00f6ld\u00fc&#8221; dedi.<\/p>\n<p>A\u011fayari, baz\u0131 vatanda\u015flar\u0131n &#8216;alkol\u00fcn yeni tip koronavir\u00fcse (Kovid-19) kar\u015f\u0131 iyi geldi\u011fi&#8217; s\u00f6ylentileri \u00fczerine sahte oldu\u011fu belirlenen i\u00e7kileri t\u00fcketti\u011fini s\u00f6yledi.<\/p>\n<p>Huzistan Ba\u015fsavc\u0131 Yard\u0131mc\u0131s\u0131 Ali Biranuvend, bu sabah yapt\u0131\u011f\u0131 a\u00e7\u0131klamada, eyalette sahte i\u00e7kiden \u00f6lenlerin say\u0131s\u0131n\u0131n 14&#8217;e y\u00fckseldi\u011fini, zehirlenen 100&#8217;den fazla ki\u015finin ise \u00e7e\u015fitli hastanelerde tedavi alt\u0131na al\u0131nd\u0131\u011f\u0131n\u0131 belirtmi\u015fti.<\/p>\n<!-- Error, Advert is not available at this time due to schedule\/geolocation restrictions! -->\n","protected":false},"excerpt":{"rendered":"<p>\u0130ran&#8217;\u0131n g\u00fcneyindeki Huzistan ve Elborz eyaletlerinde d\u00fcnden bu yana sahte i\u00e7ki nedeniyle hayat\u0131n\u0131 kaybedenlerin say\u0131s\u0131 27&#8217;ye y\u00fckseldi. Fars Haber Ajans\u0131&#8217;na konu\u015fan, Ahvaz Cundi \u015eahpur T\u0131p Bilimleri \u00dcniversitesi Rekt\u00f6r\u00fc Ferhad Ebul Nejadiyan, &#8220;Huzistan&#8217;a ba\u011fl\u0131 Ahvaz&#8217;da son birka\u00e7 g\u00fcn i\u00e7inde sahte i\u00e7kiden zehirlenerek hayat\u0131n\u0131 kaybedenlerin say\u0131s\u0131 20&#8217;ye ula\u015ft\u0131&#8221; dedi. \u0130ranl\u0131 \u00d6\u011frenciler Haber Ajans\u0131&#8217;na (ISNA) konu\u015fan, Kerec Ba\u015fsavc\u0131 &hellip;<\/p>\n","protected":false},"author":4,"featured_media":286842,"comment_status":"open","ping_status":"closed","sticky":false,"template":"","format":"standard","meta":{"_acf_changed":false,"footnotes":""},"categories":[6772,6155,5005,349],"tags":[1981,220418],"class_list":["post-287080","post","type-post","status-publish","format-standard","has-post-thumbnail","hentry","category-ortadogu","category-gundem","category-manset","category-son-dakika","tag-iran","tag-koronavirus"],"acf":[],"_links":{"self":[{"href":"https:\/\/www.nationalturk.com\/tr\/wp-json\/wp\/v2\/posts\/287080","targetHints":{"allow":["GET"]}}],"collection":[{"href":"https:\/\/www.nationalturk.com\/tr\/wp-json\/wp\/v2\/posts"}],"about":[{"href":"https:\/\/www.nationalturk.com\/tr\/wp-json\/wp\/v2\/types\/post"}],"author":[{"embeddable":true,"href":"https:\/\/www.nationalturk.com\/tr\/wp-json\/wp\/v2\/users\/4"}],"replies":[{"embeddable":true,"href":"https:\/\/www.nationalturk.com\/tr\/wp-json\/wp\/v2\/comments?post=287080"}],"version-history":[{"count":0,"href":"https:\/\/www.nationalturk.com\/tr\/wp-json\/wp\/v2\/posts\/287080\/revisions"}],"wp:featuredmedia":[{"embeddable":true,"href":"https:\/\/www.nationalturk.com\/tr\/wp-json\/wp\/v2\/media\/286842"}],"wp:attachment":[{"href":"https:\/\/www.nationalturk.com\/tr\/wp-json\/wp\/v2\/media?parent=287080"}],"wp:term":[{"taxonomy":"category","embeddable":true,"href":"https:\/\/www.nationalturk.com\/tr\/wp-json\/wp\/v2\/categories?post=287080"},{"taxonomy":"post_tag","embeddable":true,"href":"https:\/\/www.nationalturk.com\/tr\/wp-json\/wp\/v2\/tags?post=287080"}],"curies":[{"name":"wp","href":"https:\/\/api.w.org\/{rel}","templated":true}]}}