{"id":287118,"date":"2020-03-10T11:43:05","date_gmt":"2020-03-10T08:43:05","guid":{"rendered":"https:\/\/www.nationalturk.com\/?p=287118"},"modified":"2020-03-10T11:43:05","modified_gmt":"2020-03-10T08:43:05","slug":"ben-affleck-ana-de-armas-kuba-tatili","status":"publish","type":"post","link":"https:\/\/www.nationalturk.com\/tr\/ben-affleck-ana-de-armas-kuba-tatili\/","title":{"rendered":"Ben Affleck ve Ana De Armas K\u00fcba tatilinde g\u00f6r\u00fcnt\u00fclendi"},"content":{"rendered":"<p>Ben Affleck Ana De Armas \u00e7iftinin K\u00fcba ka\u00e7ama\u011f\u0131 d\u00fcnya magazin g\u00fcndemine bomba gibi d\u00fc\u015ft\u00fc.<\/p>\n<p>Bir kaynak People&#8217;a ikilinin Cumartesi g\u00fcn\u00fc K\u00fcba&#8217;n\u0131n ba\u015fkenti Havana&#8217;dan ayr\u0131ld\u0131\u011f\u0131n\u0131 ve \u00f6zel jetlerine binmeden \u00f6nce g\u00f6r\u00fcnt\u00fclendi\u011fini bildirdi. Kaynak ikili i\u00e7in &#8220;Kesinlikle birlikteler&#8221; derken \u00fcnl\u00fc \u00e7ift bir g\u00fcn \u00f6nce de al\u0131\u015fveri\u015f yaparken g\u00f6r\u00fcnt\u00fclenmi\u015fti. <\/p>\n<p>Havana&#8217;daki La Corte del Principe adl\u0131 bir K\u00fcba restoran\u0131nda da g\u00f6r\u00fcnt\u00fclenen \u00e7iftin hayranlar\u0131yla foto\u011fraflar \u00e7ekildi\u011fi de ortaya \u00e7\u0131kt\u0131. <\/p>\n<p>47 ya\u015f\u0131ndaki Ben Affleck ve 31 ya\u015f\u0131ndaki Ana de Armas&#8217;\u0131 g\u00f6ren kaynaklardan bir ba\u015fkas\u0131 da &#8220;Ana&#8217;n\u0131n birlikte y\u00fcr\u00fcrken Ben&#8217;in kolunu tuttu\u011funu g\u00f6rd\u00fcm, \u00e7ok mutlu g\u00f6r\u00fcn\u00fcyordu &#8211; kesinlikle \u00e7ok etkileyici! Ben tamamen \u00e7\u0131kt\u0131klar\u0131n\u0131 d\u00fc\u015f\u00fcn\u00fcyorum&#8221; dedi.<\/p>\n<!-- Error, Advert is not available at this time due to schedule\/geolocation restrictions! -->\n","protected":false},"excerpt":{"rendered":"<p>Ben Affleck Ana De Armas \u00e7iftinin K\u00fcba ka\u00e7ama\u011f\u0131 d\u00fcnya magazin g\u00fcndemine bomba gibi d\u00fc\u015ft\u00fc. Bir kaynak People&#8217;a ikilinin Cumartesi g\u00fcn\u00fc K\u00fcba&#8217;n\u0131n ba\u015fkenti Havana&#8217;dan ayr\u0131ld\u0131\u011f\u0131n\u0131 ve \u00f6zel jetlerine binmeden \u00f6nce g\u00f6r\u00fcnt\u00fclendi\u011fini bildirdi. Kaynak ikili i\u00e7in &#8220;Kesinlikle birlikteler&#8221; derken \u00fcnl\u00fc \u00e7ift bir g\u00fcn \u00f6nce de al\u0131\u015fveri\u015f yaparken g\u00f6r\u00fcnt\u00fclenmi\u015fti. Havana&#8217;daki La Corte del Principe adl\u0131 bir K\u00fcba restoran\u0131nda &hellip;<\/p>\n","protected":false},"author":4,"featured_media":287119,"comment_status":"open","ping_status":"closed","sticky":false,"template":"","format":"standard","meta":{"_acf_changed":false,"footnotes":""},"categories":[6155,5005,6671,67944],"tags":[66146,156,14],"class_list":["post-287118","post","type-post","status-publish","format-standard","has-post-thumbnail","hentry","category-gundem","category-manset","category-seyahat","category-yurtdisi-magazin-haberleri","tag-ben-affleck","tag-havana","tag-kuba"],"acf":[],"_links":{"self":[{"href":"https:\/\/www.nationalturk.com\/tr\/wp-json\/wp\/v2\/posts\/287118","targetHints":{"allow":["GET"]}}],"collection":[{"href":"https:\/\/www.nationalturk.com\/tr\/wp-json\/wp\/v2\/posts"}],"about":[{"href":"https:\/\/www.nationalturk.com\/tr\/wp-json\/wp\/v2\/types\/post"}],"author":[{"embeddable":true,"href":"https:\/\/www.nationalturk.com\/tr\/wp-json\/wp\/v2\/users\/4"}],"replies":[{"embeddable":true,"href":"https:\/\/www.nationalturk.com\/tr\/wp-json\/wp\/v2\/comments?post=287118"}],"version-history":[{"count":0,"href":"https:\/\/www.nationalturk.com\/tr\/wp-json\/wp\/v2\/posts\/287118\/revisions"}],"wp:featuredmedia":[{"embeddable":true,"href":"https:\/\/www.nationalturk.com\/tr\/wp-json\/wp\/v2\/media\/287119"}],"wp:attachment":[{"href":"https:\/\/www.nationalturk.com\/tr\/wp-json\/wp\/v2\/media?parent=287118"}],"wp:term":[{"taxonomy":"category","embeddable":true,"href":"https:\/\/www.nationalturk.com\/tr\/wp-json\/wp\/v2\/categories?post=287118"},{"taxonomy":"post_tag","embeddable":true,"href":"https:\/\/www.nationalturk.com\/tr\/wp-json\/wp\/v2\/tags?post=287118"}],"curies":[{"name":"wp","href":"https:\/\/api.w.org\/{rel}","templated":true}]}}