{"id":287333,"date":"2020-03-16T10:55:13","date_gmt":"2020-03-16T07:55:13","guid":{"rendered":"https:\/\/www.nationalturk.com\/?p=287333"},"modified":"2022-09-11T14:01:19","modified_gmt":"2022-09-11T11:01:19","slug":"fed-karari-sonrasi-piyasalar-haftaya-negatif-basladi","status":"publish","type":"post","link":"https:\/\/www.nationalturk.com\/tr\/fed-karari-sonrasi-piyasalar-haftaya-negatif-basladi\/","title":{"rendered":"Fed karar\u0131 sonras\u0131 piyasalar haftaya negatif ba\u015flad\u0131"},"content":{"rendered":"<p>D\u00fcnya genelinde yay\u0131lma h\u0131z\u0131 artarak devam eden yeni tip koronavir\u00fcs (Kovid-19) salg\u0131n\u0131na ili\u015fkin geli\u015fmeler piyasalarda oynakl\u0131\u011f\u0131 t\u00fcm zamanlar\u0131n en y\u00fcksek seviyesine ta\u015f\u0131rken, h\u00fck\u00fcmetlerin ve merkez bankalar\u0131n\u0131n ald\u0131\u011f\u0131 tedbirler g\u00fcndemin oda\u011f\u0131nda yer al\u0131yor.<\/p>\n<p>Ge\u00e7en hafta piyasalardaki panik havas\u0131n\u0131 hafifletmek i\u00e7in merkez bankalar\u0131 taraf\u0131ndan at\u0131lan ad\u0131mlara, son olarak ABD Merkez Bankas\u0131 (Fed) ve Japonya Merkez Bankas\u0131&#8217;n\u0131n (BoJ) geni\u015flemeci hamleleri de eklendi.<\/p>\n<p>D\u00fcnya Sa\u011fl\u0131k \u00d6rg\u00fct\u00fc&#8217;n\u00fcn (DS\u00d6) Kovid-19 pandemisinin merkez \u00fcss\u00fcn\u00fcn Avrupa oldu\u011funu a\u00e7\u0131klamas\u0131 ve d\u00fcnyada toplam vaka say\u0131s\u0131n\u0131n 150 bini a\u015fmas\u0131 sonras\u0131 \u0130talya&#8217;n\u0131n ard\u0131ndan Fransa ve \u0130spanya\u2019da da \u00fclke genelinde karantina uygulamas\u0131na ge\u00e7ildi. ABD&#8217;de ise Ba\u015fkan Donald Trump, salg\u0131n nedeniyle ulusal acil durum ilan etti.<\/p>\n<p>S\u00f6z konusu geli\u015fmelerin ard\u0131ndan Fed, d\u00fcn ak\u015fam Kovid-19 salg\u0131n\u0131n\u0131n ekonomik etkisini hafifletmek amac\u0131yla 17-18 Mart&#8217;taki A\u00e7\u0131k Piyasa Komitesi toplant\u0131s\u0131 \u00f6ncesi ikinci kez s\u00fcrpriz faiz indirimine gitti. Fed, politika faizini y\u00fczde 1,00-1,25 aral\u0131\u011f\u0131ndan y\u00fczde 0-0,25 aral\u0131\u011f\u0131na \u00e7ekerken, ayn\u0131 zamanda 500 milyar dolarl\u0131k k\u0131sm\u0131 hazine, 200 milyar dolarl\u0131k k\u0131sm\u0131 ipote\u011fe dayal\u0131 tahviller olmak \u00fczere toplam 700 milyar dolarl\u0131k parasal geni\u015fleme yapaca\u011f\u0131n\u0131 duyurdu.<\/p>\n<p>Fed&#8217;in yeni geni\u015flemeci ve finansal piyasalar\u0131 likidite a\u00e7\u0131s\u0131ndan destekleyen ad\u0131mlar\u0131na kar\u015f\u0131n cuma g\u00fcn\u00fc Trump&#8217;\u0131n a\u00e7\u0131klad\u0131\u011f\u0131 destek paketi sonras\u0131 y\u00fczde 9&#8217;un \u00fczerinde artan borsa endeksleri, bug\u00fcn vadeli i\u015flemlerde y\u00fczde 5&#8217;in \u00fczerinde de\u011fer kayb\u0131yla i\u015flem g\u00f6r\u00fcyor.<\/p>\n<p>Ge\u00e7en hafta s\u00fcresince hem tarihinin en h\u0131zl\u0131 g\u00fcnl\u00fck d\u00fc\u015f\u00fc\u015f\u00fcn\u00fc hem de 2008&#8217;den bu yana en y\u00fcksek g\u00fcnl\u00fck art\u0131\u015f\u0131n\u0131 ger\u00e7ekle\u015ftiren New York borsalar\u0131, haftal\u0131k bazda ortalama y\u00fczde 9,1 de\u011fer kaybetti.<\/p>\n<p>Avrupa&#8217;da karantina uygulamalar\u0131 tedirginli\u011fi art\u0131r\u0131yor<br \/>\nAvrupa taraf\u0131nda, Kovid-19 salg\u0131n\u0131nda vaka say\u0131s\u0131ndaki h\u0131zl\u0131 art\u0131\u015f nedeniyle \u0130talya&#8217;n\u0131n ard\u0131ndan karantina uygulamas\u0131n\u0131n di\u011fer \u00fclkelerde de ba\u015flamas\u0131 tedirginlikleri art\u0131r\u0131yor. Salg\u0131n\u0131n ekonomik ve finansal istikrara etkisini hafifletmek isteyen Avrupa Merkez Bankas\u0131 (ECB), ge\u00e7en hafta likidite konusunda geni\u015fleme ad\u0131m\u0131 atarken, \u0130ngiltere Merkez Bankas\u0131 (BoE) faiz indirimi yapm\u0131\u015ft\u0131.<\/p>\n<p>Bu gece yap\u0131lan a\u00e7\u0131klama ile de ECB, Fed, BoE, BoJ, Kanada Merkez Bankas\u0131 ve \u0130svi\u00e7re Merkez Bankas\u0131, k\u00fcresel \u00f6l\u00e7ekte dolar likiditesi sa\u011flanmas\u0131n\u0131 g\u00fcvence alt\u0131na almak i\u00e7in swap hatt\u0131n\u0131 geni\u015fletme karar\u0131 ald\u0131.<\/p>\n<p>ECB\u2019nin a\u00e7\u0131klamas\u0131nda, &#8220;Yeni fiyatland\u0131rman\u0131n ve vade s\u00fcresinin dolar fon piyasalar\u0131n\u0131n sorunsuz i\u015flemesini desteklemek i\u00e7in uygun oldu\u011fu s\u00fcrece devam edece\u011fi&#8221; belirtilerek, swap hatt\u0131n\u0131n k\u00fcresel fonlama piyasalar\u0131ndaki g\u00fc\u00e7l\u00fckleri hafifletmek i\u00e7in \u00f6nemli bir likidite g\u00f6revi g\u00f6rece\u011fi vurguland\u0131.<\/p>\n<p>Ge\u00e7en haftan\u0131n son i\u015flem g\u00fcn\u00fcnde Almanya&#8217;da DAX endeksi y\u00fczde 0,77, \u0130ngiltere&#8217;de FTSE 100 endeksi 2,46 ve Fransa&#8217;da CAC 40 endeksi y\u00fczde 1,83 de\u011fer kazand\u0131. Al\u0131nan karar ve a\u00e7\u0131klamalara kar\u015f\u0131n Avrupa borsalar\u0131n\u0131n yeni haftan\u0131n ilk i\u015flem g\u00fcn\u00fcnde vadeli i\u015flemlerde sert d\u00fc\u015f\u00fc\u015fler kaydetmesi dikkati \u00e7ekiyor.<\/p>\n<p>Bug\u00fcn merkez bankalar\u0131n\u0131n ald\u0131\u011f\u0131 tedbir ve destek ad\u0131mlar\u0131na BoJ&#8217;un da kat\u0131ld\u0131\u011f\u0131 g\u00f6r\u00fcld\u00fc. BoJ, bug\u00fcn ola\u011fan toplant\u0131 takvimi d\u0131\u015f\u0131nda ald\u0131\u011f\u0131 kararlarla Borsa Yat\u0131r\u0131m Fonu al\u0131m miktar\u0131n\u0131 y\u0131ll\u0131k 6 trilyon yenden 12 trilyon yene, gayrimenkul fonu al\u0131mlar\u0131n\u0131 da y\u0131ll\u0131k 90 milyar yenden 180 milyar yene \u00e7\u0131kard\u0131.<\/p>\n<p>Bu geli\u015fmelere kar\u015f\u0131n tedirginli\u011fin devam etti\u011fi borsalarda sat\u0131c\u0131l\u0131 bir seyir izleniyor. Kapan\u0131\u015fa yak\u0131n Japonya&#8217;da Nikkei 225 endeksi y\u00fczde 2,8, \u00c7in&#8217;de \u015eanghay bile\u015fik endeksi y\u00fczde 2,5 ve G\u00fcney Kore&#8217;de Kospi endeksi y\u00fczde 3 de\u011fer kaybetti.<\/p>\n<p>Yurt i\u00e7inde, Kovid-19 salg\u0131n\u0131nda vaka say\u0131s\u0131n\u0131n 18&#8217;e y\u00fckselmesinin ard\u0131ndan al\u0131nan tedbirler h\u0131zla uygulamaya konuldu. Salg\u0131nla m\u00fccadele kapsam\u0131nda en son al\u0131nan kararla 9 Avrupa \u00fclkesiyle u\u00e7u\u015flar durdurulurken, T\u00fcrkiye&#8217;nin kap\u0131lar\u0131n\u0131 kapatt\u0131\u011f\u0131 \u00fclke say\u0131s\u0131 15&#8217;e ula\u015ft\u0131.<\/p>\n<p>Cuma g\u00fcn\u00fc, d\u00fcnya borsalar\u0131na paralel al\u0131c\u0131l\u0131 seyreden Borsa \u0130stanbul&#8217;da, BIST 100 endeksi g\u00fcn\u00fc y\u00fczde 2,10 y\u00fckseli\u015fle 95.605,22 puandan tamamlad\u0131. Cuma g\u00fcn\u00fc 6,3337&#8217;den kapanan dolar\/TL ise bug\u00fcn bankalararas\u0131 piyasan\u0131n a\u00e7\u0131l\u0131\u015f\u0131nda 6,3370 seviyesinde i\u015flem g\u00f6r\u00fcyor.<\/p>\n<p>Analistler, bu hafta T\u00fcrkiye Cumhuriyet Merkez Bankas\u0131&#8217;n\u0131n (TCMB) per\u015fembe g\u00fcnk\u00fc Para Politikas\u0131 Kurulu Toplant\u0131s\u0131&#8217;ndan \u00e7\u0131kacak faiz karar\u0131, yurt d\u0131\u015f\u0131nda ise \u00c7in&#8217;de ve ABD&#8217;de sanayi \u00fcretimi ile Avro B\u00f6lgesi&#8217;nde enflasyon verilerinin yan\u0131 s\u0131ra merkez bankalar\u0131n\u0131n ataca\u011f\u0131 ad\u0131mlar\u0131n takip edilece\u011fini bildirdi.<\/p>\n<p>Kovid-19 salg\u0131n\u0131na ili\u015fkin haber ak\u0131\u015f\u0131n\u0131n piyasalar\u0131n y\u00f6n\u00fc \u00fczerinde belirleyici olmaya devam edece\u011fini aktaran analistler, teknik a\u00e7\u0131dan BIST 100 endeksinde 92.500 ve 90.000 seviyelerinin destek, 98.500 puan\u0131n diren\u00e7 konumunda oldu\u011funu kaydetti.<\/p>\n<p>Piyasalarda bug\u00fcn takip edilecek veriler \u015f\u00f6yle:<\/p>\n<p>10.00 T\u00fcrkiye, \u015fubat ay\u0131 konut sat\u0131\u015flar\u0131<\/p>\n<p>15.30 ABD, mart ay\u0131 New York Fed imalat endeksi<\/p>\n<!-- Error, Advert is not available at this time due to schedule\/geolocation restrictions! -->\n","protected":false},"excerpt":{"rendered":"<p>D\u00fcnya genelinde yay\u0131lma h\u0131z\u0131 artarak devam eden yeni tip koronavir\u00fcs (Kovid-19) salg\u0131n\u0131na ili\u015fkin geli\u015fmeler piyasalarda oynakl\u0131\u011f\u0131 t\u00fcm zamanlar\u0131n en y\u00fcksek seviyesine ta\u015f\u0131rken, h\u00fck\u00fcmetlerin ve merkez bankalar\u0131n\u0131n ald\u0131\u011f\u0131 tedbirler g\u00fcndemin oda\u011f\u0131nda yer al\u0131yor. Ge\u00e7en hafta piyasalardaki panik havas\u0131n\u0131 hafifletmek i\u00e7in merkez bankalar\u0131 taraf\u0131ndan at\u0131lan ad\u0131mlara, son olarak ABD Merkez Bankas\u0131 (Fed) ve Japonya Merkez Bankas\u0131&#8217;n\u0131n (BoJ) &hellip;<\/p>\n","protected":false},"author":4,"featured_media":287334,"comment_status":"open","ping_status":"closed","sticky":false,"template":"","format":"standard","meta":{"_acf_changed":false,"footnotes":""},"categories":[6155,6770,6199,5005,349,220816],"tags":[8595,10,863,220418,72700],"class_list":["post-287333","post","type-post","status-publish","format-standard","has-post-thumbnail","hentry","category-gundem","category-avrupa","category-ekonomi","category-manset","category-son-dakika","category-uzak-dogu","tag-fed","tag-italya","tag-japonya","tag-koronavirus","tag-piyasalar"],"acf":[],"_links":{"self":[{"href":"https:\/\/www.nationalturk.com\/tr\/wp-json\/wp\/v2\/posts\/287333","targetHints":{"allow":["GET"]}}],"collection":[{"href":"https:\/\/www.nationalturk.com\/tr\/wp-json\/wp\/v2\/posts"}],"about":[{"href":"https:\/\/www.nationalturk.com\/tr\/wp-json\/wp\/v2\/types\/post"}],"author":[{"embeddable":true,"href":"https:\/\/www.nationalturk.com\/tr\/wp-json\/wp\/v2\/users\/4"}],"replies":[{"embeddable":true,"href":"https:\/\/www.nationalturk.com\/tr\/wp-json\/wp\/v2\/comments?post=287333"}],"version-history":[{"count":0,"href":"https:\/\/www.nationalturk.com\/tr\/wp-json\/wp\/v2\/posts\/287333\/revisions"}],"wp:featuredmedia":[{"embeddable":true,"href":"https:\/\/www.nationalturk.com\/tr\/wp-json\/wp\/v2\/media\/287334"}],"wp:attachment":[{"href":"https:\/\/www.nationalturk.com\/tr\/wp-json\/wp\/v2\/media?parent=287333"}],"wp:term":[{"taxonomy":"category","embeddable":true,"href":"https:\/\/www.nationalturk.com\/tr\/wp-json\/wp\/v2\/categories?post=287333"},{"taxonomy":"post_tag","embeddable":true,"href":"https:\/\/www.nationalturk.com\/tr\/wp-json\/wp\/v2\/tags?post=287333"}],"curies":[{"name":"wp","href":"https:\/\/api.w.org\/{rel}","templated":true}]}}