{"id":287502,"date":"2020-03-18T11:13:35","date_gmt":"2020-03-18T08:13:35","guid":{"rendered":"https:\/\/www.nationalturk.com\/?p=287502"},"modified":"2020-03-18T11:13:35","modified_gmt":"2020-03-18T08:13:35","slug":"103-yasindaki-kadin-virusu-yendi-287502","status":"publish","type":"post","link":"https:\/\/www.nationalturk.com\/tr\/103-yasindaki-kadin-virusu-yendi-287502\/","title":{"rendered":"103 ya\u015f\u0131ndaki kad\u0131n vir\u00fcs\u00fc yendi, taburcu edildi"},"content":{"rendered":"<p>Simnan Sa\u011fl\u0131k Bilimleri \u00dcniversitesi Rekt\u00f6r\u00fc Nevid Danayi, yeni tip koronavir\u00fcs\u00fc (Kovid-19) yakalanan 103 ya\u015f\u0131ndaki bir kad\u0131n\u0131n tedavisi sonras\u0131 iyile\u015ferek taburcu edildi\u011fini duyurdu.<\/p>\n<p>Hastan\u0131n kimli\u011fini a\u00e7\u0131klamayan Danayi, &#8220;Koronavir\u00fcs nedeniyle yakla\u015f\u0131k bir haftad\u0131r Simnan Kevser Hastanesi&#8217;nde tedavi g\u00f6ren 103 ya\u015f\u0131ndaki bir kad\u0131n hasta tamamen iyile\u015ferek taburcu edildi.&#8221; dedi.<\/p>\n<p>\u00c7in&#8217;de koronavir\u00fcse yakalanan 103 ya\u015f\u0131ndaki bir kad\u0131n hastan\u0131n da 6 g\u00fcnl\u00fck tedavisinin ard\u0131ndan ge\u00e7en hafta koronavir\u00fcs\u00fc yenerek taburcu edildi\u011fi a\u00e7\u0131klanm\u0131\u015ft\u0131. \u00c7in&#8217;in Vuhan kentinde 100 ya\u015f\u0131ndaki bir hasta ile \u0130ran&#8217;\u0131n Bem \u015fehrinde 91 ya\u015f\u0131ndaki bir hasta da vir\u00fcs\u00fc yenerek iyile\u015fmi\u015fti. <\/p>\n","protected":false},"excerpt":{"rendered":"<p>Simnan Sa\u011fl\u0131k Bilimleri \u00dcniversitesi Rekt\u00f6r\u00fc Nevid Danayi, yeni tip koronavir\u00fcs\u00fc (Kovid-19) yakalanan 103 ya\u015f\u0131ndaki bir kad\u0131n\u0131n tedavisi sonras\u0131 iyile\u015ferek taburcu edildi\u011fini duyurdu. Hastan\u0131n kimli\u011fini a\u00e7\u0131klamayan Danayi, &#8220;Koronavir\u00fcs nedeniyle yakla\u015f\u0131k bir haftad\u0131r Simnan Kevser Hastanesi&#8217;nde tedavi g\u00f6ren 103 ya\u015f\u0131ndaki bir kad\u0131n hasta tamamen iyile\u015ferek taburcu edildi.&#8221; dedi. \u00c7in&#8217;de koronavir\u00fcse yakalanan 103 ya\u015f\u0131ndaki bir kad\u0131n hastan\u0131n da &hellip;<\/p>\n","protected":false},"author":4,"featured_media":287503,"comment_status":"open","ping_status":"closed","sticky":false,"template":"","format":"standard","meta":{"_acf_changed":false,"footnotes":""},"categories":[6772,6155,5005,6669],"tags":[1981,220418],"class_list":["post-287502","post","type-post","status-publish","format-standard","has-post-thumbnail","hentry","category-ortadogu","category-gundem","category-manset","category-saglik","tag-iran","tag-koronavirus"],"acf":[],"_links":{"self":[{"href":"https:\/\/www.nationalturk.com\/tr\/wp-json\/wp\/v2\/posts\/287502","targetHints":{"allow":["GET"]}}],"collection":[{"href":"https:\/\/www.nationalturk.com\/tr\/wp-json\/wp\/v2\/posts"}],"about":[{"href":"https:\/\/www.nationalturk.com\/tr\/wp-json\/wp\/v2\/types\/post"}],"author":[{"embeddable":true,"href":"https:\/\/www.nationalturk.com\/tr\/wp-json\/wp\/v2\/users\/4"}],"replies":[{"embeddable":true,"href":"https:\/\/www.nationalturk.com\/tr\/wp-json\/wp\/v2\/comments?post=287502"}],"version-history":[{"count":0,"href":"https:\/\/www.nationalturk.com\/tr\/wp-json\/wp\/v2\/posts\/287502\/revisions"}],"wp:featuredmedia":[{"embeddable":true,"href":"https:\/\/www.nationalturk.com\/tr\/wp-json\/wp\/v2\/media\/287503"}],"wp:attachment":[{"href":"https:\/\/www.nationalturk.com\/tr\/wp-json\/wp\/v2\/media?parent=287502"}],"wp:term":[{"taxonomy":"category","embeddable":true,"href":"https:\/\/www.nationalturk.com\/tr\/wp-json\/wp\/v2\/categories?post=287502"},{"taxonomy":"post_tag","embeddable":true,"href":"https:\/\/www.nationalturk.com\/tr\/wp-json\/wp\/v2\/tags?post=287502"}],"curies":[{"name":"wp","href":"https:\/\/api.w.org\/{rel}","templated":true}]}}