{"id":287740,"date":"2020-03-21T19:27:10","date_gmt":"2020-03-21T16:27:10","guid":{"rendered":"https:\/\/www.nationalturk.com\/?p=287740"},"modified":"2020-03-21T19:27:10","modified_gmt":"2020-03-21T16:27:10","slug":"son-dakika-ilk-sokaga-cikma-yasagi-yaslilara-287740","status":"publish","type":"post","link":"https:\/\/www.nationalturk.com\/tr\/son-dakika-ilk-sokaga-cikma-yasagi-yaslilara-287740\/","title":{"rendered":"Son Dakika: \u0130lk soka\u011fa \u00e7\u0131kma yasa\u011f\u0131 ya\u015fl\u0131lara"},"content":{"rendered":"<p>Koronavir\u00fcs \u00f6nlemleri kapsam\u0131nda ilk soka\u011fa \u00e7\u0131kma yasa\u011f\u0131 uygulamas\u0131 kronik hastal\u0131klar\u0131 olanlara ve 65 ya\u015f \u00fcst\u00fc vatanda\u015flara geldi.<\/p>\n<blockquote class=\"twitter-tweet\" data-width=\"500\" data-dnt=\"true\">\n<p lang=\"tr\" dir=\"ltr\">\u26a0\ufe0f DUYURU \u26a0\ufe0f <br \/>21 Mart Cumartesi saat 24.00 itibariyle 65 ya\u015f ve \u00fcst\u00fc, ayr\u0131ca kronik rahats\u0131zl\u0131\u011f\u0131 olan vatanda\u015flar\u0131m\u0131z\u0131n ikametlerinden d\u0131\u015far\u0131 \u00e7\u0131kmalar\u0131, park, bah\u00e7e gibi a\u00e7\u0131k alanlarda dola\u015fmalar\u0131 s\u0131n\u0131rland\u0131r\u0131ld\u0131. <\/p>\n<p>Ayr\u0131nt\u0131l\u0131 bilgi saat 19.30\u2019da vatanda\u015flar\u0131m\u0131za a\u00e7\u0131klanacakt\u0131r.<\/p>\n<p>&mdash; T.C. \u0130\u00e7i\u015fleri Bakanl\u0131\u011f\u0131 (@TC_icisleri) <a href=\"https:\/\/twitter.com\/TC_icisleri\/status\/1241397272728031233?ref_src=twsrc%5Etfw\" target=\"_blank\" rel=\"noopener\">March 21, 2020<\/a><\/p><\/blockquote>\n<p><script async src=\"https:\/\/platform.twitter.com\/widgets.js\" charset=\"utf-8\"><\/script><\/p>\n<!-- Error, Advert is not available at this time due to schedule\/geolocation restrictions! -->\n","protected":false},"excerpt":{"rendered":"<p>Koronavir\u00fcs \u00f6nlemleri kapsam\u0131nda ilk soka\u011fa \u00e7\u0131kma yasa\u011f\u0131 uygulamas\u0131 kronik hastal\u0131klar\u0131 olanlara ve 65 ya\u015f \u00fcst\u00fc vatanda\u015flara geldi. \u26a0\ufe0f DUYURU \u26a0\ufe0f 21 Mart Cumartesi saat 24.00 itibariyle 65 ya\u015f ve \u00fcst\u00fc, ayr\u0131ca kronik rahats\u0131zl\u0131\u011f\u0131 olan vatanda\u015flar\u0131m\u0131z\u0131n ikametlerinden d\u0131\u015far\u0131 \u00e7\u0131kmalar\u0131, park, bah\u00e7e gibi a\u00e7\u0131k alanlarda dola\u015fmalar\u0131 s\u0131n\u0131rland\u0131r\u0131ld\u0131. Ayr\u0131nt\u0131l\u0131 bilgi saat 19.30\u2019da vatanda\u015flar\u0131m\u0131za a\u00e7\u0131klanacakt\u0131r. &mdash; T.C. \u0130\u00e7i\u015fleri Bakanl\u0131\u011f\u0131 &hellip;<\/p>\n","protected":false},"author":4,"featured_media":252059,"comment_status":"open","ping_status":"closed","sticky":false,"template":"","format":"standard","meta":{"_acf_changed":false,"footnotes":""},"categories":[6155,5005,349,6805],"tags":[123116,15426,220418],"class_list":["post-287740","post","type-post","status-publish","format-standard","has-post-thumbnail","hentry","category-gundem","category-manset","category-son-dakika","category-turkiye","tag-65-yas-ustu","tag-icisleri-bakanligi","tag-koronavirus"],"acf":[],"_links":{"self":[{"href":"https:\/\/www.nationalturk.com\/tr\/wp-json\/wp\/v2\/posts\/287740","targetHints":{"allow":["GET"]}}],"collection":[{"href":"https:\/\/www.nationalturk.com\/tr\/wp-json\/wp\/v2\/posts"}],"about":[{"href":"https:\/\/www.nationalturk.com\/tr\/wp-json\/wp\/v2\/types\/post"}],"author":[{"embeddable":true,"href":"https:\/\/www.nationalturk.com\/tr\/wp-json\/wp\/v2\/users\/4"}],"replies":[{"embeddable":true,"href":"https:\/\/www.nationalturk.com\/tr\/wp-json\/wp\/v2\/comments?post=287740"}],"version-history":[{"count":0,"href":"https:\/\/www.nationalturk.com\/tr\/wp-json\/wp\/v2\/posts\/287740\/revisions"}],"wp:featuredmedia":[{"embeddable":true,"href":"https:\/\/www.nationalturk.com\/tr\/wp-json\/wp\/v2\/media\/252059"}],"wp:attachment":[{"href":"https:\/\/www.nationalturk.com\/tr\/wp-json\/wp\/v2\/media?parent=287740"}],"wp:term":[{"taxonomy":"category","embeddable":true,"href":"https:\/\/www.nationalturk.com\/tr\/wp-json\/wp\/v2\/categories?post=287740"},{"taxonomy":"post_tag","embeddable":true,"href":"https:\/\/www.nationalturk.com\/tr\/wp-json\/wp\/v2\/tags?post=287740"}],"curies":[{"name":"wp","href":"https:\/\/api.w.org\/{rel}","templated":true}]}}