{"id":28786,"date":"2010-06-17T08:54:20","date_gmt":"2010-06-17T06:54:20","guid":{"rendered":"http:\/\/www.nationalturk.com\/?p=28786"},"modified":"2010-06-17T08:54:20","modified_gmt":"2010-06-17T06:54:20","slug":"abd-temsilciler-meclisi-turkiye-uyari-israil-2801483","status":"publish","type":"post","link":"https:\/\/www.nationalturk.com\/tr\/abd-temsilciler-meclisi-turkiye-uyari-israil-2801483\/","title":{"rendered":"Ve ABD T\u00fcrkiye&#8217;yi uyard\u0131!"},"content":{"rendered":"<p><strong><img loading=\"lazy\" decoding=\"async\" class=\"alignleft size-full wp-image-28788\" title=\"ABD Temsilciler Meclisi\" src=\"http:\/\/www.nationalturk.com\/tr\/wp-content\/uploads\/2010\/06\/abd_temsilciler_meclisi.jpg\" alt=\"\" width=\"440\" height=\"286\" srcset=\"https:\/\/www.nationalturk.com\/tr\/wp-content\/uploads\/2010\/06\/abd_temsilciler_meclisi.jpg 550w, https:\/\/www.nationalturk.com\/tr\/wp-content\/uploads\/2010\/06\/abd_temsilciler_meclisi-279x182.jpg 279w\" sizes=\"auto, (max-width: 440px) 100vw, 440px\" \/>Amerika Birle\u015fik Devletleri (ABD) Temsilciler Meclisi \u00fcyeleri \u00c7ar\u015famba g\u00fcn\u00fc Ankara&#8217;n\u0131n \u0130srail kar\u015f\u0131t\u0131 \u00e7izgisini s\u00fcrd\u00fcrmesi durumunda Washington&#8217;la ba\u011flar\u0131n zarar g\u00f6rebilece\u011fini s\u00f6yledi. <\/strong><\/p>\n<h1><span style=\"font-size: 13px;\"><span style=\"font-weight: normal;\">Reuters&#8217;\u0131n haberine g\u00f6re <\/span><\/span><span style=\"font-weight: normal; font-size: 13px;\">Meclis Cumhuriyet\u00e7i Parti grubunun 3 numaral\u0131 \u00fcyesi Mike Pence, &#8220;E\u011fer T\u00fcrkiye \u0130ran&#8217;a yakla\u015f\u0131p \u0130srail devletiyle \u00e7at\u0131\u015fmaya devam ederse bunun bir maliyeti olacakt\u0131r dedi.<\/span><\/h1>\n<p>Temsilciler Meclisi \u00fcyeleri d\u00fczenledikleri bas\u0131n toplant\u0131s\u0131nda ayr\u0131ca T\u00fcrkiye&#8217;nin \u0130ran&#8217;a uygulanmas\u0131 planlanan yapt\u0131r\u0131mlarla ilgili BM G\u00fcvenlik Konseyi oylamas\u0131nda &#8220;hay\u0131r&#8221; oyu vermesini de ele\u015ftirdi.<\/p>\n<p>Demokrat Partili \u00fcye Eliot Engel, T\u00fcrkiye&#8217;nin eylemlerini &#8220;y\u00fcz k\u0131zart\u0131c\u0131&#8221; olarak nitelendirirken, Ankara&#8217;n\u0131n NATO \u00fcyesi olmas\u0131na ra\u011fmen Bat\u0131&#8217;ya bakmay\u0131 b\u0131rakt\u0131\u011f\u0131n\u0131 s\u00f6yledi.<\/p>\n<p>Pence, T\u00fcrkiye&#8217;nin duru\u015fuyla ilgili \u00f6deyebilece\u011fi bedellerden birinin 1915 olaylar\u0131yla ilgili deste\u011fi kaybetmek olaca\u011f\u0131n\u0131 s\u00f6yledi.<\/p>\n<p>Temsilciler ayr\u0131ca 126 \u00fcyenin Ba\u015fkan Obama&#8217;ya bir mektup yazarak kendisinden \u0130srail&#8217;in uluslararas\u0131 alanda k\u0131nanmas\u0131na engel olmas\u0131n\u0131 talep ettiklerini de belirtti.<\/p>\n<!-- Error, Advert is not available at this time due to schedule\/geolocation restrictions! -->\n<p><strong><br \/>\n<\/strong><\/p>\n","protected":false},"excerpt":{"rendered":"<p>Ve ABD T\u00fcrkiye&#8217;yi uyard\u0131!<\/p>\n","protected":false},"author":4,"featured_media":28788,"comment_status":"open","ping_status":"open","sticky":false,"template":"","format":"standard","meta":{"_acf_changed":false,"footnotes":""},"categories":[6768,6665,6155,6202,349],"tags":[1887,31776,17412,4763,2509,31777,31775,1555,31778,31346,195938],"class_list":["post-28786","post","type-post","status-publish","format-standard","has-post-thumbnail","hentry","category-amerika","category-dunya","category-gundem","category-politika","category-son-dakika","tag-abd","tag-abd-demokrat-partisi","tag-abd-temsilciler-meclisi","tag-amerika","tag-barack-obama","tag-cumhuriyetci-parti","tag-eliot-engel","tag-israil","tag-mike-pence","tag-nato","tag-turkiye"],"acf":[],"_links":{"self":[{"href":"https:\/\/www.nationalturk.com\/tr\/wp-json\/wp\/v2\/posts\/28786","targetHints":{"allow":["GET"]}}],"collection":[{"href":"https:\/\/www.nationalturk.com\/tr\/wp-json\/wp\/v2\/posts"}],"about":[{"href":"https:\/\/www.nationalturk.com\/tr\/wp-json\/wp\/v2\/types\/post"}],"author":[{"embeddable":true,"href":"https:\/\/www.nationalturk.com\/tr\/wp-json\/wp\/v2\/users\/4"}],"replies":[{"embeddable":true,"href":"https:\/\/www.nationalturk.com\/tr\/wp-json\/wp\/v2\/comments?post=28786"}],"version-history":[{"count":0,"href":"https:\/\/www.nationalturk.com\/tr\/wp-json\/wp\/v2\/posts\/28786\/revisions"}],"wp:featuredmedia":[{"embeddable":true,"href":"https:\/\/www.nationalturk.com\/tr\/wp-json\/wp\/v2\/media\/28788"}],"wp:attachment":[{"href":"https:\/\/www.nationalturk.com\/tr\/wp-json\/wp\/v2\/media?parent=28786"}],"wp:term":[{"taxonomy":"category","embeddable":true,"href":"https:\/\/www.nationalturk.com\/tr\/wp-json\/wp\/v2\/categories?post=28786"},{"taxonomy":"post_tag","embeddable":true,"href":"https:\/\/www.nationalturk.com\/tr\/wp-json\/wp\/v2\/tags?post=28786"}],"curies":[{"name":"wp","href":"https:\/\/api.w.org\/{rel}","templated":true}]}}