{"id":288012,"date":"2020-03-26T16:41:35","date_gmt":"2020-03-26T13:41:35","guid":{"rendered":"https:\/\/www.nationalturk.com\/?p=288012"},"modified":"2020-03-26T16:54:51","modified_gmt":"2020-03-26T13:54:51","slug":"son-dakika-lgsnin-kapsami-belli-oldu-288012","status":"publish","type":"post","link":"https:\/\/www.nationalturk.com\/tr\/son-dakika-lgsnin-kapsami-belli-oldu-288012\/","title":{"rendered":"Son Dakika: LGS&#8217;nin kapsam\u0131 belli oldu"},"content":{"rendered":"<p>Milli E\u011fitim Bakan Yard\u0131mc\u0131s\u0131 Mahmut \u00d6zer ba\u015fkanl\u0131\u011f\u0131nda toplanan \u00d6l\u00e7me ve De\u011ferlendirme S\u00fcre\u00e7lerinin \u0130yile\u015ftirilmesi Bilim Kurulu, t\u00fcm s\u00fcreci de\u011ferlendirdi ve tavsiye kararlar\u0131 ald\u0131. <\/p>\n<p>MEB, bu tavsiye kararlar\u0131 do\u011frultusunda LGS kapsam\u0131nda yap\u0131lacak merkezi s\u0131navda 2019-2020 e\u011fitim-\u00f6\u011fretim y\u0131l\u0131n\u0131n sadece birinci d\u00f6neminin sonuna kadarki m\u00fcfredatta yer alan sorular\u0131n sorulmas\u0131 karar\u0131n\u0131 verdi.<\/p>\n<p>Milli E\u011fitim Bakan\u0131 Ziya Sel\u00e7uk, konuya ili\u015fkin Anadolu Ajans\u0131 (AA) muhabirine yapt\u0131\u011f\u0131 a\u00e7\u0131klamada, yeni kararla okullar\u0131n tatil s\u00fcresinin 30 Nisan&#8217;a kadar uzat\u0131ld\u0131\u011f\u0131n\u0131 hat\u0131rlatt\u0131. Bu s\u00fcre\u00e7te uzaktan e\u011fitimle \u00f6\u011frencilere destek sa\u011flad\u0131klar\u0131n\u0131 vurgulayan Sel\u00e7uk, bu sene LGS kapsam\u0131nda yap\u0131lacak merkezi s\u0131nava girecek 8. s\u0131n\u0131f \u00f6\u011frencilerinin bu s\u0131navla ilgili kayg\u0131 d\u00fczeylerini en aza d\u00fc\u015f\u00fcrmek istediklerini s\u00f6yledi.<br \/>\n\u00d6l\u00e7me ve de\u011ferlendirme s\u00fcre\u00e7lerini iyile\u015ftirmek i\u00e7in dan\u0131\u015fmanl\u0131k yapan ve alan\u0131nda deneyimli akademisyenlerin yer ald\u0131\u011f\u0131, ayr\u0131ca genel m\u00fcd\u00fcrlerin de bulundu\u011fu bir bilimsel kurulun oldu\u011funu belirten Sel\u00e7uk, Bakan Yard\u0131mc\u0131s\u0131 Mahmut \u00d6zer&#8217;in ba\u015fkanl\u0131k etti\u011fi kurulun t\u00fcm s\u00fcreci de\u011ferlendirdi\u011fine i\u015faret etti.<\/p>\n<p>Bakan Sel\u00e7uk, \u015f\u00f6yle konu\u015ftu:<\/p>\n<p>&#8220;Y\u00fcz y\u00fcze e\u011fitimi yap\u0131lmayan konulardan LGS&#8217;de soru sorulmayaca\u011f\u0131n\u0131 daha \u00f6nce a\u00e7\u0131klam\u0131\u015ft\u0131m. \u0130kinci d\u00f6nemde malumunuz bir ay kadar bir s\u00fcre y\u00fcz y\u00fcze e\u011fitim imkan\u0131 oldu. Ancak \u015fubat ay\u0131nda Elaz\u0131\u011f ve Malatya depremlerinde de o b\u00f6lgedeki \u00f6\u011frencilerimiz okullara gidemediler. \u0130kinci d\u00f6nem derslerinin telafisi i\u00e7in gerekli s\u00fcrenin LGS s\u0131nav takviminde uzun gecikmelere yol a\u00e7abilece\u011fi de\u011ferlendirildi.&#8221;<\/p>\n<p>LGS s\u0131nav takviminde bir gecikme halinde \u00f6\u011frencilerin kayg\u0131lar\u0131n\u0131n daha da artmas\u0131n\u0131n muhtemel oldu\u011funa i\u015faret eden Sel\u00e7uk, \u015funlar\u0131 kaydetti:<\/p>\n<p>&#8220;Salg\u0131n dolay\u0131s\u0131yla zor g\u00fcnler ge\u00e7iren \u00f6\u011frencilerimizin kayg\u0131lar\u0131n\u0131 daha da art\u0131rmak istemiyoruz ve s\u0131nava haz\u0131rlanmak i\u00e7in yeterli zaman tan\u0131mak istiyoruz. \u015eu anki veriler \u0131\u015f\u0131\u011f\u0131nda, 7 Haziran 2020&#8217;de yap\u0131lacak LGS&#8217;yi ertelememizi gerektiren bir durum yok. Ancak, koronavir\u00fcs salg\u0131n\u0131n\u0131n seyrine ba\u011fl\u0131 olarak Sa\u011fl\u0131k Bakanl\u0131\u011f\u0131 Bilim Kurulu&#8217;nun tavsiyelerini takip edece\u011fiz. Gerekirse \u00f6n\u00fcm\u00fczdeki haftalarda durumu bir daha de\u011ferlendiririz. Ancak \u015fu an i\u00e7in s\u0131nav tarihinde bir de\u011fi\u015fiklik g\u00fcndemimizde yok. \u00d6zetle, \u00f6\u011frencilerimiz g\u00f6n\u00fcl rahatl\u0131\u011f\u0131yla bir yandan uzaktan e\u011fitim derslerini takip etsinler, bir yandan da \u015fimdiye kadar g\u00f6rd\u00fckleri konular\u0131 tekrar etsinler. LGS kapsam\u0131ndaki merkezi s\u0131nav, sadece birinci d\u00f6nem m\u00fcfredat\u0131ndan yap\u0131lacak.&#8221;<\/p>\n<!-- Error, Advert is not available at this time due to schedule\/geolocation restrictions! -->\n","protected":false},"excerpt":{"rendered":"<p>Milli E\u011fitim Bakan Yard\u0131mc\u0131s\u0131 Mahmut \u00d6zer ba\u015fkanl\u0131\u011f\u0131nda toplanan \u00d6l\u00e7me ve De\u011ferlendirme S\u00fcre\u00e7lerinin \u0130yile\u015ftirilmesi Bilim Kurulu, t\u00fcm s\u00fcreci de\u011ferlendirdi ve tavsiye kararlar\u0131 ald\u0131. MEB, bu tavsiye kararlar\u0131 do\u011frultusunda LGS kapsam\u0131nda yap\u0131lacak merkezi s\u0131navda 2019-2020 e\u011fitim-\u00f6\u011fretim y\u0131l\u0131n\u0131n sadece birinci d\u00f6neminin sonuna kadarki m\u00fcfredatta yer alan sorular\u0131n sorulmas\u0131 karar\u0131n\u0131 verdi. Milli E\u011fitim Bakan\u0131 Ziya Sel\u00e7uk, konuya ili\u015fkin Anadolu &hellip;<\/p>\n","protected":false},"author":4,"featured_media":282904,"comment_status":"open","ping_status":"closed","sticky":false,"template":"","format":"standard","meta":{"_acf_changed":false,"footnotes":""},"categories":[6663,6155,349],"tags":[217697,217919],"class_list":["post-288012","post","type-post","status-publish","format-standard","has-post-thumbnail","hentry","category-egitim","category-gundem","category-son-dakika","tag-lgs","tag-ziya-selcuk"],"acf":[],"_links":{"self":[{"href":"https:\/\/www.nationalturk.com\/tr\/wp-json\/wp\/v2\/posts\/288012","targetHints":{"allow":["GET"]}}],"collection":[{"href":"https:\/\/www.nationalturk.com\/tr\/wp-json\/wp\/v2\/posts"}],"about":[{"href":"https:\/\/www.nationalturk.com\/tr\/wp-json\/wp\/v2\/types\/post"}],"author":[{"embeddable":true,"href":"https:\/\/www.nationalturk.com\/tr\/wp-json\/wp\/v2\/users\/4"}],"replies":[{"embeddable":true,"href":"https:\/\/www.nationalturk.com\/tr\/wp-json\/wp\/v2\/comments?post=288012"}],"version-history":[{"count":0,"href":"https:\/\/www.nationalturk.com\/tr\/wp-json\/wp\/v2\/posts\/288012\/revisions"}],"wp:featuredmedia":[{"embeddable":true,"href":"https:\/\/www.nationalturk.com\/tr\/wp-json\/wp\/v2\/media\/282904"}],"wp:attachment":[{"href":"https:\/\/www.nationalturk.com\/tr\/wp-json\/wp\/v2\/media?parent=288012"}],"wp:term":[{"taxonomy":"category","embeddable":true,"href":"https:\/\/www.nationalturk.com\/tr\/wp-json\/wp\/v2\/categories?post=288012"},{"taxonomy":"post_tag","embeddable":true,"href":"https:\/\/www.nationalturk.com\/tr\/wp-json\/wp\/v2\/tags?post=288012"}],"curies":[{"name":"wp","href":"https:\/\/api.w.org\/{rel}","templated":true}]}}