{"id":288018,"date":"2020-03-26T17:31:31","date_gmt":"2020-03-26T14:31:31","guid":{"rendered":"https:\/\/www.nationalturk.com\/?p=288018"},"modified":"2020-03-26T17:31:31","modified_gmt":"2020-03-26T14:31:31","slug":"chpli-belediye-baskaninin-mazbatasi-iptal-288018","status":"publish","type":"post","link":"https:\/\/www.nationalturk.com\/tr\/chpli-belediye-baskaninin-mazbatasi-iptal-288018\/","title":{"rendered":"CHP&#8217;li belediye ba\u015fkan\u0131n\u0131n mazbatas\u0131 iptal!"},"content":{"rendered":"<p>Ceyhan Belediye Ba\u015fkan\u0131 Aydar &#8216;silahl\u0131 tehdit&#8217; ve &#8216;ruhsats\u0131z silah bulundurma&#8217; su\u00e7lar\u0131ndan yarg\u0131land\u0131\u011f\u0131 mahkemece 20 ay hapse mahkum edildi.<\/p>\n<p>Aydar&#8217;\u0131n 20 ay kesinle\u015fmi\u015f hapis cezas\u0131n\u0131n bulunmas\u0131 nedeniyle toplanan YSK, konuyu g\u00fcndemine ald\u0131.<\/p>\n<p>YSK, se\u00e7ilmeye engel sab\u0131ka kayd\u0131n\u0131n bulunmas\u0131 nedeniyle Aydar&#8217;\u0131n mazbatas\u0131n\u0131n iptaline karar verdi.<\/p>\n<p>Ceyhan Belediyesi&#8217;nin yeni ba\u015fkan\u0131 Belediye Meclisi&#8217;nde yap\u0131lacak se\u00e7imle belirlenecek.<\/p>\n<!-- Error, Advert is not available at this time due to schedule\/geolocation restrictions! -->\n","protected":false},"excerpt":{"rendered":"<p>Ceyhan Belediye Ba\u015fkan\u0131 Aydar &#8216;silahl\u0131 tehdit&#8217; ve &#8216;ruhsats\u0131z silah bulundurma&#8217; su\u00e7lar\u0131ndan yarg\u0131land\u0131\u011f\u0131 mahkemece 20 ay hapse mahkum edildi. Aydar&#8217;\u0131n 20 ay kesinle\u015fmi\u015f hapis cezas\u0131n\u0131n bulunmas\u0131 nedeniyle toplanan YSK, konuyu g\u00fcndemine ald\u0131. YSK, se\u00e7ilmeye engel sab\u0131ka kayd\u0131n\u0131n bulunmas\u0131 nedeniyle Aydar&#8217;\u0131n mazbatas\u0131n\u0131n iptaline karar verdi. Ceyhan Belediyesi&#8217;nin yeni ba\u015fkan\u0131 Belediye Meclisi&#8217;nde yap\u0131lacak se\u00e7imle belirlenecek.<\/p>\n","protected":false},"author":4,"featured_media":277478,"comment_status":"open","ping_status":"closed","sticky":false,"template":"","format":"standard","meta":{"_acf_changed":false,"footnotes":""},"categories":[6155,5005,6202,349],"tags":[2933,40746,8723,38299],"class_list":["post-288018","post","type-post","status-publish","format-standard","has-post-thumbnail","hentry","category-gundem","category-manset","category-politika","category-son-dakika","tag-adana","tag-ceyhan","tag-chp","tag-ysk"],"acf":[],"_links":{"self":[{"href":"https:\/\/www.nationalturk.com\/tr\/wp-json\/wp\/v2\/posts\/288018","targetHints":{"allow":["GET"]}}],"collection":[{"href":"https:\/\/www.nationalturk.com\/tr\/wp-json\/wp\/v2\/posts"}],"about":[{"href":"https:\/\/www.nationalturk.com\/tr\/wp-json\/wp\/v2\/types\/post"}],"author":[{"embeddable":true,"href":"https:\/\/www.nationalturk.com\/tr\/wp-json\/wp\/v2\/users\/4"}],"replies":[{"embeddable":true,"href":"https:\/\/www.nationalturk.com\/tr\/wp-json\/wp\/v2\/comments?post=288018"}],"version-history":[{"count":0,"href":"https:\/\/www.nationalturk.com\/tr\/wp-json\/wp\/v2\/posts\/288018\/revisions"}],"wp:featuredmedia":[{"embeddable":true,"href":"https:\/\/www.nationalturk.com\/tr\/wp-json\/wp\/v2\/media\/277478"}],"wp:attachment":[{"href":"https:\/\/www.nationalturk.com\/tr\/wp-json\/wp\/v2\/media?parent=288018"}],"wp:term":[{"taxonomy":"category","embeddable":true,"href":"https:\/\/www.nationalturk.com\/tr\/wp-json\/wp\/v2\/categories?post=288018"},{"taxonomy":"post_tag","embeddable":true,"href":"https:\/\/www.nationalturk.com\/tr\/wp-json\/wp\/v2\/tags?post=288018"}],"curies":[{"name":"wp","href":"https:\/\/api.w.org\/{rel}","templated":true}]}}