{"id":288058,"date":"2020-03-27T13:14:49","date_gmt":"2020-03-27T10:14:49","guid":{"rendered":"https:\/\/www.nationalturk.com\/?p=288058"},"modified":"2020-03-27T13:14:49","modified_gmt":"2020-03-27T10:14:49","slug":"benim-halkima-bir-sey-olmaz-vucutlarinda-antikorlar-var-288058","status":"publish","type":"post","link":"https:\/\/www.nationalturk.com\/tr\/benim-halkima-bir-sey-olmaz-vucutlarinda-antikorlar-var-288058\/","title":{"rendered":"&#8220;Benim halk\u0131ma bir \u015fey olmaz, v\u00fccutlar\u0131nda antikorlar var&#8221;"},"content":{"rendered":"<p>D\u00fcnyay\u0131 pani\u011fe ve s\u0131k\u0131 \u00f6nlemelere sevk eden koronavir\u00fcs salg\u0131n\u0131n\u0131 hafife almay\u0131 s\u00fcrd\u00fcren Brezilya\u2019n\u0131n a\u015f\u0131r\u0131 sa\u011fc\u0131 Devlet Ba\u015fkan\u0131 Jair Bolsonaro, Brezilyal\u0131lara hi\u00e7bir zaman hi\u00e7bir \u015fey olmayaca\u011f\u0131n\u0131 savundu.<\/p>\n<p>Ba\u015fkent Brasilia\u2019daki Ba\u015fkanl\u0131k Saray\u0131 \u00f6n\u00fcnde gazetecilere a\u00e7\u0131klama yapan Bolsonaro, Brezilyal\u0131lar\u0131n ara\u015ft\u0131r\u0131lmas\u0131 gerekti\u011fini belirtti ve \u201cAsla bir \u015fey kapmazlar. Kanalizasyona atlayan baz\u0131 adamlar g\u00f6r\u00fcyorsunuz, d\u0131\u015far\u0131 \u00e7\u0131k\u0131yor, dal\u0131\u015f yap\u0131yor, de\u011fil mi? Ve ona hi\u00e7bir \u015fey olmuyor\u201d s\u00f6zleriyle bunu a\u00e7\u0131klad\u0131.<\/p>\n<p>Herhangi bir bilimsel ara\u015ft\u0131rmaya at\u0131f yapmayan Bolsonaro, \u201cBence Brezilya\u2019da zaten \u00e7ok say\u0131da insana bula\u015fm\u0131\u015f olmas\u0131 bile m\u00fcmk\u00fcn, birka\u00e7 hafta ya da ay \u00f6nce, (Brezilyal\u0131larda) vir\u00fcs\u00fcn \u00e7o\u011falmas\u0131na engel olacak antikorlar zaten var\u201d dedi.<\/p>\n<p>Ancak veriler Bolsonaro\u2019nun a\u00e7\u0131klamalar\u0131n\u0131 desteklemiyor. Sa\u011fl\u0131k Bakanl\u0131\u011f\u0131\u2019n\u0131n verilerine g\u00f6re, \u00fclkedeki can kayb\u0131 77\u2019ye y\u00fckseldi, enfekte olan ki\u015fi say\u0131s\u0131 da 2 bin 985\u2019e ula\u015ft\u0131.<\/p>\n<p>\u015eubat ay\u0131nda ilk vakalar\u0131n tespit edilmesinden bu yana hastanelere ve sa\u011fl\u0131k kurumlar\u0131na koronavir\u00fcs \u015f\u00fcphesiyle ba\u015fvuranlar\u0131n say\u0131s\u0131nda ise \u2018ba\u015f d\u00f6nd\u00fcr\u00fcc\u00fc bir art\u0131\u015f\u2019 oldu\u011fu belirtiliyor.<\/p>\n<p>Salg\u0131nla m\u00fccadele y\u00f6ntemleri bir hayli ele\u015ftirilen Jair Bolsonaro, daha \u00f6nce vir\u00fcs\u00fc \u2018basit bir grip ve ufak bir so\u011fuk alg\u0131nl\u0131\u011f\u0131\u2019 olarak nitelemi\u015f, bununla da kalmayarak al\u0131nan \u00f6nlemleri \u2018histeri ve kuruntu\u2019 diye ele\u015ftirmi\u015fti.<\/p>\n<p>H\u00fck\u00fcmetin koronavir\u00fcs salg\u0131n\u0131na yakla\u015f\u0131m\u0131n\u0131 protesto eden milyonlarca Brezilyal\u0131 \u00f6zellikle Sao Paulo ve Rio de Janeiro&#8217;da ellerinde tencere ve tavalarla camlara \u00e7\u0131karak, Bolsonaro&#8217;nun istifas\u0131n\u0131 istemi\u015fti. Protesto, Bolsonaro&#8217;ya kar\u015f\u0131 en b\u00fcy\u00fck eylem olarak kayda ge\u00e7ti.<\/p>\n<!-- Error, Advert is not available at this time due to schedule\/geolocation restrictions! -->\n","protected":false},"excerpt":{"rendered":"<p>D\u00fcnyay\u0131 pani\u011fe ve s\u0131k\u0131 \u00f6nlemelere sevk eden koronavir\u00fcs salg\u0131n\u0131n\u0131 hafife almay\u0131 s\u00fcrd\u00fcren Brezilya\u2019n\u0131n a\u015f\u0131r\u0131 sa\u011fc\u0131 Devlet Ba\u015fkan\u0131 Jair Bolsonaro, Brezilyal\u0131lara hi\u00e7bir zaman hi\u00e7bir \u015fey olmayaca\u011f\u0131n\u0131 savundu. Ba\u015fkent Brasilia\u2019daki Ba\u015fkanl\u0131k Saray\u0131 \u00f6n\u00fcnde gazetecilere a\u00e7\u0131klama yapan Bolsonaro, Brezilyal\u0131lar\u0131n ara\u015ft\u0131r\u0131lmas\u0131 gerekti\u011fini belirtti ve \u201cAsla bir \u015fey kapmazlar. Kanalizasyona atlayan baz\u0131 adamlar g\u00f6r\u00fcyorsunuz, d\u0131\u015far\u0131 \u00e7\u0131k\u0131yor, dal\u0131\u015f yap\u0131yor, de\u011fil mi? &hellip;<\/p>\n","protected":false},"author":4,"featured_media":288059,"comment_status":"open","ping_status":"closed","sticky":false,"template":"","format":"standard","meta":{"_acf_changed":false,"footnotes":""},"categories":[6771,6155,5005,6202],"tags":[1178,218625,220418],"class_list":["post-288058","post","type-post","status-publish","format-standard","has-post-thumbnail","hentry","category-latin-amerika","category-gundem","category-manset","category-politika","tag-brezilya","tag-jair-bolsonaro","tag-koronavirus"],"acf":[],"_links":{"self":[{"href":"https:\/\/www.nationalturk.com\/tr\/wp-json\/wp\/v2\/posts\/288058","targetHints":{"allow":["GET"]}}],"collection":[{"href":"https:\/\/www.nationalturk.com\/tr\/wp-json\/wp\/v2\/posts"}],"about":[{"href":"https:\/\/www.nationalturk.com\/tr\/wp-json\/wp\/v2\/types\/post"}],"author":[{"embeddable":true,"href":"https:\/\/www.nationalturk.com\/tr\/wp-json\/wp\/v2\/users\/4"}],"replies":[{"embeddable":true,"href":"https:\/\/www.nationalturk.com\/tr\/wp-json\/wp\/v2\/comments?post=288058"}],"version-history":[{"count":0,"href":"https:\/\/www.nationalturk.com\/tr\/wp-json\/wp\/v2\/posts\/288058\/revisions"}],"wp:featuredmedia":[{"embeddable":true,"href":"https:\/\/www.nationalturk.com\/tr\/wp-json\/wp\/v2\/media\/288059"}],"wp:attachment":[{"href":"https:\/\/www.nationalturk.com\/tr\/wp-json\/wp\/v2\/media?parent=288058"}],"wp:term":[{"taxonomy":"category","embeddable":true,"href":"https:\/\/www.nationalturk.com\/tr\/wp-json\/wp\/v2\/categories?post=288058"},{"taxonomy":"post_tag","embeddable":true,"href":"https:\/\/www.nationalturk.com\/tr\/wp-json\/wp\/v2\/tags?post=288058"}],"curies":[{"name":"wp","href":"https:\/\/api.w.org\/{rel}","templated":true}]}}