{"id":288321,"date":"2020-03-31T14:51:50","date_gmt":"2020-03-31T11:51:50","guid":{"rendered":"https:\/\/www.nationalturk.com\/?p=288321"},"modified":"2020-03-31T14:51:50","modified_gmt":"2020-03-31T11:51:50","slug":"meslek-lisesinde-makine-uretildi-gunde-100-bin-maske-288321","status":"publish","type":"post","link":"https:\/\/www.nationalturk.com\/tr\/meslek-lisesinde-makine-uretildi-gunde-100-bin-maske-288321\/","title":{"rendered":"Meslek lisesinde makine \u00fcretildi! G\u00fcnde 100 bin maske"},"content":{"rendered":"<p>Milli E\u011fitim Bakanl\u0131\u011f\u0131nca (MEB) yeni tip koronavir\u00fcs (Kovid-19) \u00f6nlemleri kapsam\u0131nda mesleki ve teknik Anadolu liselerinin \u00fcretim kapasitesi harekete ge\u00e7irilirken, temizlik ve dezenfeksiyon \u00fcr\u00fcnlerinden maskeye, tek kullan\u0131ml\u0131k \u00f6nl\u00fck ve tulumdan y\u00fcz koruyucu sipere kadar \u00e7e\u015fitli \u00fcr\u00fcnlerin seri \u00fcretimine ge\u00e7ildi. <\/p>\n<p>MEB, bu a\u015famada \u00fcr\u00fcnleri \u00fcreten cihazlar\u0131n tasar\u0131m\u0131na ve Ar-Ge \u00e7al\u0131\u015fmalar\u0131na a\u011f\u0131rl\u0131k verdi. <\/p>\n<p>\u00c7al\u0131\u015fmalar sonucunda, Otomatik 3 Katl\u0131 Telli Ultrasonik Cerrahi Maske Makinesi \u00fcretilerek, bu makineyle g\u00fcnde yakla\u015f\u0131k 100 bin maskenin seri imalat\u0131na ba\u015fland\u0131.<\/p>\n<p>Milli E\u011fitim Bakan Yard\u0131mc\u0131s\u0131 Mahmut \u00d6zer, konuya ili\u015fkin AA muhabirine, meslek liselerinde temizlik ve dezenfeksiyon malzemelerinden cerrahi maske \u00fcretimine, tek kullan\u0131ml\u0131k \u00f6nl\u00fck ve tulum \u00fcretiminden y\u00fcz koruyucu sipere kadar altyap\u0131y\u0131 g\u00fc\u00e7lendirdiklerini ve t\u00fcm alanlarda yo\u011fun \u00fcretim yapt\u0131klar\u0131n\u0131 s\u00f6yledi.<\/p>\n<p>Se\u00e7ilen illerde ihtiya\u00e7 duyulan biyomedikal cihazlar\u0131n \u00fcretimi i\u00e7in de Ar-Ge \u00e7al\u0131\u015fmalar\u0131n\u0131 koordine ettiklerini anlatan \u00d6zer, \u015fu bilgileri verdi:<\/p>\n<p>&#8220;\u0130llerimize, ciddi Ar-Ge altyap\u0131 deste\u011fi verdik. \u0130stanbul&#8217;da Gaziosmanpa\u015fa il\u00e7esinde K\u00fc\u00e7\u00fckk\u00f6y Mesleki ve Teknik Anadolu Lisesinde Otomatik 3 Katl\u0131 Telli Ultrasonik Cerrahi Maske Makinesi \u00fcretildi ve \u00fcretime ba\u015flad\u0131. \u0130lk sevindirici haberi almaktan b\u00fcy\u00fck mutluluk duyuyoruz. K\u00fc\u00e7\u00fckk\u00f6y Mesleki ve Teknik Anadolu Lisesinde \u00fcretilen otomatik 3 katl\u0131 telli Ultrasonik Cerrahi Maske Makinesi ile art\u0131k sadece bu lisede g\u00fcnde 100 bin cerrahi maske \u00fcretilebilecek.&#8221;<\/p>\n<p>Makinenin \u00fcretim s\u00fcrecinde \u0130stanbul&#8217;daki y\u00f6neticilerin ve \u00f6\u011fretmenlerin fedakarca \u00e7al\u0131\u015fmalar\u0131n\u0131n her t\u00fcrl\u00fc takdirin \u00f6tesinde oldu\u011funu vurgulayan \u00d6zer, \u0130stanbul \u0130l Milli E\u011fitim M\u00fcd\u00fcr\u00fc Levent Yaz\u0131c\u0131, Mesleki ve Teknik E\u011fitimden sorumlu M\u00fcd\u00fcr Yard\u0131mc\u0131s\u0131 Serkan G\u00fcr ve Destek Hizmetleri \u015eubesinden sorumlu M\u00fcd\u00fcr Yard\u0131mc\u0131s\u0131 Zekine Day\u0131o\u011flu&#8217;na te\u015fekk\u00fcr etti. <\/p>\n<p>\u00d6zer, Nahit Mente\u015fe Mesleki ve Teknik Anadolu Lisesinde makine yap\u0131m\u0131 alan\u0131nda \u00f6nemli katk\u0131lar\u0131 bulunan Elektrik-Elektronik Teknolojisi alan \u00f6\u011fretmeni Hasan Ayhan ve Makine Teknolojisi alan \u00f6\u011fretmenlerine katk\u0131lar\u0131 ve fedakarca gayretleri, Mesleki ve Teknik E\u011fitim Genel M\u00fcd\u00fcrl\u00fc\u011f\u00fcne de s\u00fcreci ba\u015far\u0131yla koordine ettikleri i\u00e7in \u015f\u00fckranlar\u0131n\u0131 sundu.<\/p>\n<p>Bakan Yard\u0131mc\u0131s\u0131 \u00d6zer, &#8220;\u00dclkemizde t\u00fcm illerde fedakarca gayret g\u00f6steren t\u00fcm mesleki e\u011fitim \u00f6\u011fretmenlerimiz ve \u00f6\u011frencilerimiz, t\u00fcm y\u00f6neticilerimizin koordinasyon ve destekleriyle mesleki e\u011fitimin kara g\u00fcn dostu oldu\u011funu bir kez daha g\u00f6stermi\u015ftir.&#8221; dedi.<\/p>\n<!-- Error, Advert is not available at this time due to schedule\/geolocation restrictions! -->\n","protected":false},"excerpt":{"rendered":"<p>Milli E\u011fitim Bakanl\u0131\u011f\u0131nca (MEB) yeni tip koronavir\u00fcs (Kovid-19) \u00f6nlemleri kapsam\u0131nda mesleki ve teknik Anadolu liselerinin \u00fcretim kapasitesi harekete ge\u00e7irilirken, temizlik ve dezenfeksiyon \u00fcr\u00fcnlerinden maskeye, tek kullan\u0131ml\u0131k \u00f6nl\u00fck ve tulumdan y\u00fcz koruyucu sipere kadar \u00e7e\u015fitli \u00fcr\u00fcnlerin seri \u00fcretimine ge\u00e7ildi. MEB, bu a\u015famada \u00fcr\u00fcnleri \u00fcreten cihazlar\u0131n tasar\u0131m\u0131na ve Ar-Ge \u00e7al\u0131\u015fmalar\u0131na a\u011f\u0131rl\u0131k verdi. \u00c7al\u0131\u015fmalar sonucunda, Otomatik 3 Katl\u0131 &hellip;<\/p>\n","protected":false},"author":4,"featured_media":288322,"comment_status":"open","ping_status":"closed","sticky":false,"template":"","format":"standard","meta":{"_acf_changed":false,"footnotes":""},"categories":[6199,6155,5005],"tags":[220547,220418],"class_list":["post-288321","post","type-post","status-publish","format-standard","has-post-thumbnail","hentry","category-ekonomi","category-gundem","category-manset","tag-cerrahi-maske","tag-koronavirus"],"acf":[],"_links":{"self":[{"href":"https:\/\/www.nationalturk.com\/tr\/wp-json\/wp\/v2\/posts\/288321","targetHints":{"allow":["GET"]}}],"collection":[{"href":"https:\/\/www.nationalturk.com\/tr\/wp-json\/wp\/v2\/posts"}],"about":[{"href":"https:\/\/www.nationalturk.com\/tr\/wp-json\/wp\/v2\/types\/post"}],"author":[{"embeddable":true,"href":"https:\/\/www.nationalturk.com\/tr\/wp-json\/wp\/v2\/users\/4"}],"replies":[{"embeddable":true,"href":"https:\/\/www.nationalturk.com\/tr\/wp-json\/wp\/v2\/comments?post=288321"}],"version-history":[{"count":0,"href":"https:\/\/www.nationalturk.com\/tr\/wp-json\/wp\/v2\/posts\/288321\/revisions"}],"wp:featuredmedia":[{"embeddable":true,"href":"https:\/\/www.nationalturk.com\/tr\/wp-json\/wp\/v2\/media\/288322"}],"wp:attachment":[{"href":"https:\/\/www.nationalturk.com\/tr\/wp-json\/wp\/v2\/media?parent=288321"}],"wp:term":[{"taxonomy":"category","embeddable":true,"href":"https:\/\/www.nationalturk.com\/tr\/wp-json\/wp\/v2\/categories?post=288321"},{"taxonomy":"post_tag","embeddable":true,"href":"https:\/\/www.nationalturk.com\/tr\/wp-json\/wp\/v2\/tags?post=288321"}],"curies":[{"name":"wp","href":"https:\/\/api.w.org\/{rel}","templated":true}]}}