{"id":288381,"date":"2020-04-01T13:07:25","date_gmt":"2020-04-01T10:07:25","guid":{"rendered":"https:\/\/www.nationalturk.com\/?p=288381"},"modified":"2020-04-01T13:07:25","modified_gmt":"2020-04-01T10:07:25","slug":"flas-hastane-yolunu-kimin-yapacagi-belli-oldu-288381","status":"publish","type":"post","link":"https:\/\/www.nationalturk.com\/tr\/flas-hastane-yolunu-kimin-yapacagi-belli-oldu-288381\/","title":{"rendered":"Fla\u015f! Hastane yolunu kimin yapaca\u011f\u0131 belli oldu!"},"content":{"rendered":"<p>Yeni Ula\u015ft\u0131rma Bakan\u0131 Adil Karaismailo\u011flu: &#8220;Cumhurba\u015fkan\u0131&#8217;m\u0131z\u0131n talimat\u0131yla a\u00e7\u0131l\u0131\u015f\u0131 may\u0131sa \u00e7ekilen Ba\u015fak\u015fehir \u0130kitelli \u015eehir Hastanesinin yollar\u0131 Bakanl\u0131\u011f\u0131m\u0131zca yap\u0131lacak&#8221; dedi.<\/p>\n<p>Ayr\u0131nt\u0131lar birazdan.<\/p>\n<!-- Error, Advert is not available at this time due to schedule\/geolocation restrictions! -->\n","protected":false},"excerpt":{"rendered":"<p>Yeni Ula\u015ft\u0131rma Bakan\u0131 Adil Karaismailo\u011flu: &#8220;Cumhurba\u015fkan\u0131&#8217;m\u0131z\u0131n talimat\u0131yla a\u00e7\u0131l\u0131\u015f\u0131 may\u0131sa \u00e7ekilen Ba\u015fak\u015fehir \u0130kitelli \u015eehir Hastanesinin yollar\u0131 Bakanl\u0131\u011f\u0131m\u0131zca yap\u0131lacak&#8221; dedi. Ayr\u0131nt\u0131lar birazdan.<\/p>\n","protected":false},"author":4,"featured_media":252059,"comment_status":"open","ping_status":"closed","sticky":false,"template":"","format":"standard","meta":{"_acf_changed":false,"footnotes":""},"categories":[6155,5005,349,6805],"tags":[220526,18388],"class_list":["post-288381","post","type-post","status-publish","format-standard","has-post-thumbnail","hentry","category-gundem","category-manset","category-son-dakika","category-turkiye","tag-adil-karaismailoglu","tag-basaksehir"],"acf":[],"_links":{"self":[{"href":"https:\/\/www.nationalturk.com\/tr\/wp-json\/wp\/v2\/posts\/288381","targetHints":{"allow":["GET"]}}],"collection":[{"href":"https:\/\/www.nationalturk.com\/tr\/wp-json\/wp\/v2\/posts"}],"about":[{"href":"https:\/\/www.nationalturk.com\/tr\/wp-json\/wp\/v2\/types\/post"}],"author":[{"embeddable":true,"href":"https:\/\/www.nationalturk.com\/tr\/wp-json\/wp\/v2\/users\/4"}],"replies":[{"embeddable":true,"href":"https:\/\/www.nationalturk.com\/tr\/wp-json\/wp\/v2\/comments?post=288381"}],"version-history":[{"count":0,"href":"https:\/\/www.nationalturk.com\/tr\/wp-json\/wp\/v2\/posts\/288381\/revisions"}],"wp:featuredmedia":[{"embeddable":true,"href":"https:\/\/www.nationalturk.com\/tr\/wp-json\/wp\/v2\/media\/252059"}],"wp:attachment":[{"href":"https:\/\/www.nationalturk.com\/tr\/wp-json\/wp\/v2\/media?parent=288381"}],"wp:term":[{"taxonomy":"category","embeddable":true,"href":"https:\/\/www.nationalturk.com\/tr\/wp-json\/wp\/v2\/categories?post=288381"},{"taxonomy":"post_tag","embeddable":true,"href":"https:\/\/www.nationalturk.com\/tr\/wp-json\/wp\/v2\/tags?post=288381"}],"curies":[{"name":"wp","href":"https:\/\/api.w.org\/{rel}","templated":true}]}}