{"id":288469,"date":"2020-04-02T08:44:48","date_gmt":"2020-04-02T05:44:48","guid":{"rendered":"https:\/\/www.nationalturk.com\/?p=288469"},"modified":"2020-04-02T08:44:48","modified_gmt":"2020-04-02T05:44:48","slug":"saglik-bakani-ve-esinin-testleri-pozitif-cikti-288469","status":"publish","type":"post","link":"https:\/\/www.nationalturk.com\/tr\/saglik-bakani-ve-esinin-testleri-pozitif-cikti-288469\/","title":{"rendered":"Sa\u011fl\u0131k Bakan\u0131 ve e\u015finin testleri pozitif \u00e7\u0131kt\u0131"},"content":{"rendered":"<p>Bakanl\u0131ktan yap\u0131lan yaz\u0131l\u0131 a\u00e7\u0131klamda 71 ya\u015f\u0131ndaki Litzman ile e\u015fine Kovid-19 testi yap\u0131ld\u0131\u011f\u0131 hat\u0131rlat\u0131larak testlerin pozitif \u00e7\u0131kt\u0131\u011f\u0131 duyuruldu.<\/p>\n<p>Hastaneye kald\u0131r\u0131lmayan Litzman&#8217;\u0131n g\u00f6revini evinden y\u00fcr\u00fctmeye devam edece\u011fi vurguland\u0131. <\/p>\n<p>\u00d6te yandan \u0130srail&#8217;deki koalisyon h\u00fckumetinin orta\u011f\u0131 olan Ultra-Ortodoks (Haredi) Yahudi Birle\u015fik Tevrat Partisi (Yahudot HaTora) Ba\u015fkan\u0131 Litzman&#8217;\u0131n sa\u011fl\u0131k durumundan Ba\u015fbakan Binyamin Netanyahu&#8217;nun da haberdar edildi\u011fi bilgisine yer verildi.<\/p>\n<p>Sa\u011fl\u0131k Bakanl\u0131\u011f\u0131&#8217;n\u0131n verilerine g\u00f6re, \u0130srail&#8217;de vaka say\u0131s\u0131 6 bin 92&#8217;ye, hayat\u0131n\u0131 kaybedenlerin say\u0131s\u0131 26&#8217;ya y\u00fckselmi\u015fti.<\/p>\n<!-- Error, Advert is not available at this time due to schedule\/geolocation restrictions! -->\n","protected":false},"excerpt":{"rendered":"<p>Bakanl\u0131ktan yap\u0131lan yaz\u0131l\u0131 a\u00e7\u0131klamda 71 ya\u015f\u0131ndaki Litzman ile e\u015fine Kovid-19 testi yap\u0131ld\u0131\u011f\u0131 hat\u0131rlat\u0131larak testlerin pozitif \u00e7\u0131kt\u0131\u011f\u0131 duyuruldu. Hastaneye kald\u0131r\u0131lmayan Litzman&#8217;\u0131n g\u00f6revini evinden y\u00fcr\u00fctmeye devam edece\u011fi vurguland\u0131. \u00d6te yandan \u0130srail&#8217;deki koalisyon h\u00fckumetinin orta\u011f\u0131 olan Ultra-Ortodoks (Haredi) Yahudi Birle\u015fik Tevrat Partisi (Yahudot HaTora) Ba\u015fkan\u0131 Litzman&#8217;\u0131n sa\u011fl\u0131k durumundan Ba\u015fbakan Binyamin Netanyahu&#8217;nun da haberdar edildi\u011fi bilgisine yer verildi. Sa\u011fl\u0131k &hellip;<\/p>\n","protected":false},"author":4,"featured_media":287368,"comment_status":"open","ping_status":"closed","sticky":false,"template":"","format":"standard","meta":{"_acf_changed":false,"footnotes":""},"categories":[6772,6155,5005,349],"tags":[1555,220418],"class_list":["post-288469","post","type-post","status-publish","format-standard","has-post-thumbnail","hentry","category-ortadogu","category-gundem","category-manset","category-son-dakika","tag-israil","tag-koronavirus"],"acf":[],"_links":{"self":[{"href":"https:\/\/www.nationalturk.com\/tr\/wp-json\/wp\/v2\/posts\/288469","targetHints":{"allow":["GET"]}}],"collection":[{"href":"https:\/\/www.nationalturk.com\/tr\/wp-json\/wp\/v2\/posts"}],"about":[{"href":"https:\/\/www.nationalturk.com\/tr\/wp-json\/wp\/v2\/types\/post"}],"author":[{"embeddable":true,"href":"https:\/\/www.nationalturk.com\/tr\/wp-json\/wp\/v2\/users\/4"}],"replies":[{"embeddable":true,"href":"https:\/\/www.nationalturk.com\/tr\/wp-json\/wp\/v2\/comments?post=288469"}],"version-history":[{"count":0,"href":"https:\/\/www.nationalturk.com\/tr\/wp-json\/wp\/v2\/posts\/288469\/revisions"}],"wp:featuredmedia":[{"embeddable":true,"href":"https:\/\/www.nationalturk.com\/tr\/wp-json\/wp\/v2\/media\/287368"}],"wp:attachment":[{"href":"https:\/\/www.nationalturk.com\/tr\/wp-json\/wp\/v2\/media?parent=288469"}],"wp:term":[{"taxonomy":"category","embeddable":true,"href":"https:\/\/www.nationalturk.com\/tr\/wp-json\/wp\/v2\/categories?post=288469"},{"taxonomy":"post_tag","embeddable":true,"href":"https:\/\/www.nationalturk.com\/tr\/wp-json\/wp\/v2\/tags?post=288469"}],"curies":[{"name":"wp","href":"https:\/\/api.w.org\/{rel}","templated":true}]}}