{"id":288616,"date":"2020-04-03T12:29:09","date_gmt":"2020-04-03T09:29:09","guid":{"rendered":"https:\/\/www.nationalturk.com\/?p=288616"},"modified":"2020-04-03T17:55:25","modified_gmt":"2020-04-03T14:55:25","slug":"hisseleri-uctu-koronavirus-asisi-icin-faz-2-deneyleri-basliyor-288616","status":"publish","type":"post","link":"https:\/\/www.nationalturk.com\/tr\/hisseleri-uctu-koronavirus-asisi-icin-faz-2-deneyleri-basliyor-288616\/","title":{"rendered":"Hisseleri u\u00e7tu! Koronavir\u00fcs a\u015f\u0131s\u0131 i\u00e7in Faz 2 deneyleri ba\u015fl\u0131yor"},"content":{"rendered":"<p>Koronavir\u00fcs a\u015f\u0131 \u00e7al\u0131\u015fmalar\u0131nda de \u015firketlerin birbirleriyle yar\u0131\u015f\u0131 devam ediyor. Son haberlere g\u00f6re Koronavir\u00fcs a\u015f\u0131s\u0131 i\u00e7in ikinci a\u015fama deneyleri bu ilkbaharda ba\u015flayabilir.<\/p>\n<p>ABD&#8217;li Moderna \u015firketi COVID-19 koronavir\u00fcs a\u015f\u0131s\u0131 i\u00e7in yap\u0131lan insan denemelerinin bir sonraki ikinci a\u015famas\u0131na ba\u015flayabilece\u011fini duyurdu. A\u00e7\u0131klaman\u0131n ard\u0131ndan \u015firketin hisseleri %12 oran\u0131nda art\u0131\u015fla 33.20 dolara y\u00fckseldi. Faz 1 denemelerinin ba\u015flang\u0131c\u0131nda da \u015firketin hisseleri %24 de\u011fer kazanm\u0131\u015ft\u0131.<\/p>\n<p>Moderna&#8217;n\u0131n kurucu orta\u011f\u0131 ve ba\u015fkan\u0131 Noubar Afeyan, CNBC&#8217;ye yapt\u0131\u011f\u0131 a\u00e7\u0131klamada corona vir\u00fcs a\u015f\u0131s\u0131n\u0131n ilerleyi\u015fine dair bir zaman \u00e7izelgesi koyman\u0131n zor oldu\u011funu belirterek &#8220;\u0130lk iki a\u015faman\u0131n ilkbaharda, belki de en ge\u00e7 yaz ba\u015f\u0131nda ger\u00e7ekle\u015fmesini bekliyoruz&#8221; dedi.<\/p>\n<!-- Error, Advert is not available at this time due to schedule\/geolocation restrictions! -->\n<p>Beyaz Saray koronavir\u00fcs g\u00f6rev g\u00fcc\u00fc \u00fcyesi olan Dr. Anthony Fauci, Moderna&#8217;n\u0131n mRNA-1273 a\u015f\u0131s\u0131n\u0131n, birinci a\u015famada  klinik ara\u015ft\u0131rmaya girdi\u011fini s\u00f6yledi. <\/p>\n<p>\u0130kinci a\u015fama, ya\u015f ve fiziksel sa\u011fl\u0131k gibi belirli \u00f6zelliklere dayanarak farkl\u0131 gruplarda y\u00fczlerce ki\u015filik denemeleri kaps\u0131yor. \u00dc\u00e7\u00fcnc\u00fc a\u015famada ise a\u015f\u0131n\u0131n geni\u015f kesimler \u00fczerinde etkinli\u011fini \u00f6l\u00e7mek ve g\u00fcvenli\u011fini test etmek i\u00e7in binlerce ki\u015fiye a\u015f\u0131 yap\u0131l\u0131yor. <\/p>\n<p>Fauci&#8217;ye g\u00f6re, halk taraf\u0131ndan kullan\u0131lmak \u00fczere bir koronavir\u00fcs a\u015f\u0131s\u0131 olu\u015fturmak hala 12 ila 18 ay uzakl\u0131kta. Ancak bu s\u00fcrenin benzer a\u015f\u0131lar\u0131n geli\u015ftirilmesinde ge\u00e7en zamandan \u00e7ok daha k\u0131sa oldu\u011funu belirtiyor.<\/p>\n<p>\u00c7ar\u015famba g\u00fcn\u00fc Beyaz Saray brifinginde Fauci, &#8220;Hala birinci a\u015famaday\u0131z. Test etmemiz gereken \u00fc\u00e7 doz vard\u0131. \u0130lk iki dozdan ge\u00e7tik. \u015eu anda en y\u00fcksek dozday\u0131z&#8221; ifadelerini kulland\u0131.<\/p>\n<h3>Johnson &#038; Johnson Eyl\u00fcl ay\u0131nda koronavir\u00fcs a\u015f\u0131s\u0131nda yeni a\u015famaya ge\u00e7iyor<\/h3>\n<p>Moderna \u015firketi \u015fimdilik a\u015f\u0131 bulmak i\u00e7in m\u00fccadele eden di\u011fer sa\u011fl\u0131k \u015firketlerinin \u00f6n\u00fcnde. Johnson &#038; Johnson, 30 Mart&#8217;ta, mevcut molek\u00fcl k\u00fct\u00fcphanesini ve bir ebola a\u015f\u0131s\u0131 olu\u015fturmak i\u00e7in kullan\u0131lan teknolojiyi kullanarak yeni bir a\u015f\u0131 geli\u015ftirmek i\u00e7in federal h\u00fck\u00fcmetle 1 milyar dolarl\u0131k ortakl\u0131k yapaca\u011f\u0131n\u0131 a\u00e7\u0131klad\u0131. Eyl\u00fcl ay\u0131nda insan denemelerine ba\u015flamay\u0131 planl\u0131yor.<\/p>\n<!-- Error, Advert is not available at this time due to schedule\/geolocation restrictions! -->\n","protected":false},"excerpt":{"rendered":"<p>Koronavir\u00fcs a\u015f\u0131 \u00e7al\u0131\u015fmalar\u0131nda de \u015firketlerin birbirleriyle yar\u0131\u015f\u0131 devam ediyor. Son haberlere g\u00f6re Koronavir\u00fcs a\u015f\u0131s\u0131 i\u00e7in ikinci a\u015fama deneyleri bu ilkbaharda ba\u015flayabilir. ABD&#8217;li Moderna \u015firketi COVID-19 koronavir\u00fcs a\u015f\u0131s\u0131 i\u00e7in yap\u0131lan insan denemelerinin bir sonraki ikinci a\u015famas\u0131na ba\u015flayabilece\u011fini duyurdu. A\u00e7\u0131klaman\u0131n ard\u0131ndan \u015firketin hisseleri %12 oran\u0131nda art\u0131\u015fla 33.20 dolara y\u00fckseldi. Faz 1 denemelerinin ba\u015flang\u0131c\u0131nda da \u015firketin hisseleri %24 &hellip;<\/p>\n","protected":false},"author":4,"featured_media":288617,"comment_status":"open","ping_status":"closed","sticky":false,"template":"","format":"standard","meta":{"_acf_changed":false,"footnotes":""},"categories":[6768,220555,6155,5005,6669,349],"tags":[1887,219651,159776,220460,220580],"class_list":["post-288616","post","type-post","status-publish","format-standard","has-post-thumbnail","hentry","category-amerika","category-dunyada-covid-19","category-gundem","category-manset","category-saglik","category-son-dakika","tag-abd","tag-asi","tag-johnson-johnson","tag-koronavirus-asisi","tag-moderna"],"acf":[],"_links":{"self":[{"href":"https:\/\/www.nationalturk.com\/tr\/wp-json\/wp\/v2\/posts\/288616","targetHints":{"allow":["GET"]}}],"collection":[{"href":"https:\/\/www.nationalturk.com\/tr\/wp-json\/wp\/v2\/posts"}],"about":[{"href":"https:\/\/www.nationalturk.com\/tr\/wp-json\/wp\/v2\/types\/post"}],"author":[{"embeddable":true,"href":"https:\/\/www.nationalturk.com\/tr\/wp-json\/wp\/v2\/users\/4"}],"replies":[{"embeddable":true,"href":"https:\/\/www.nationalturk.com\/tr\/wp-json\/wp\/v2\/comments?post=288616"}],"version-history":[{"count":0,"href":"https:\/\/www.nationalturk.com\/tr\/wp-json\/wp\/v2\/posts\/288616\/revisions"}],"wp:featuredmedia":[{"embeddable":true,"href":"https:\/\/www.nationalturk.com\/tr\/wp-json\/wp\/v2\/media\/288617"}],"wp:attachment":[{"href":"https:\/\/www.nationalturk.com\/tr\/wp-json\/wp\/v2\/media?parent=288616"}],"wp:term":[{"taxonomy":"category","embeddable":true,"href":"https:\/\/www.nationalturk.com\/tr\/wp-json\/wp\/v2\/categories?post=288616"},{"taxonomy":"post_tag","embeddable":true,"href":"https:\/\/www.nationalturk.com\/tr\/wp-json\/wp\/v2\/tags?post=288616"}],"curies":[{"name":"wp","href":"https:\/\/api.w.org\/{rel}","templated":true}]}}