{"id":288729,"date":"2020-04-04T16:09:14","date_gmt":"2020-04-04T13:09:14","guid":{"rendered":"https:\/\/www.nationalturk.com\/?p=288729"},"modified":"2022-09-06T16:21:45","modified_gmt":"2022-09-06T13:21:45","slug":"basbakanin-yakin-korumasi-koronavirus-kurbani-288729","status":"publish","type":"post","link":"https:\/\/www.nationalturk.com\/tr\/basbakanin-yakin-korumasi-koronavirus-kurbani-288729\/","title":{"rendered":"Ba\u015fbakan\u0131n yak\u0131n korumas\u0131 koronavir\u00fcs kurban\u0131"},"content":{"rendered":"<p>\u00dclkede 6 haftad\u0131r devam eden ve \u015fu ana kadar 14 bin 681 ki\u015finin ya\u015fam\u0131n\u0131 yitirmesine yol a\u00e7an Kovid-19 salg\u0131n\u0131 nedeniyle kay\u0131plar devam ediyor.<\/p>\n<p>\u0130talyan bas\u0131n\u0131na yans\u0131yan bilgilere g\u00f6re, Ba\u015fbakan Conte&#8217;nin yak\u0131n korumal\u0131\u011f\u0131n\u0131 yapan ve ge\u00e7en ay ortas\u0131nda Kovid-19 te\u015fhisi konulan 52 ya\u015f\u0131ndaki Giorgio Guastamacchia, bu sabah saatlerinde hayat\u0131n\u0131 kaybetti.<\/p>\n<p>\u0130ki \u00e7ocuk babas\u0131 olan koruma memurunun tedavisi i\u00e7in g\u00f6revden ayr\u0131lmadan \u00f6nce Ba\u015fbakan Conte ile yak\u0131n temas\u0131 bulunmad\u0131\u011f\u0131 ve Ba\u015fbakan&#8217;\u0131n seyahatlerine e\u015flik etmedi\u011fi bilgisi payla\u015f\u0131ld\u0131.<\/p>\n<p>Eski ba\u015fbakanlardan AB Komisyonunun Ekonomi \u0130\u015flerinden Sorumlu Komiseri Paolo Gentiloni de Twitter&#8217;dan yapt\u0131\u011f\u0131 payla\u015f\u0131mda, &#8220;Giorgio Guastamacchia&#8217;y\u0131 \u00f6rnek polis memuru olarak hat\u0131rl\u0131yorum. Ailesinin ve \u00e7al\u0131\u015fma arkada\u015flar\u0131n\u0131n ac\u0131lar\u0131n\u0131 payla\u015f\u0131yorum.&#8221; ifadesini kulland\u0131.<\/p>\n<p>Bir s\u00fcredir Tor Vergata Klini\u011finde tedavi g\u00f6ren Guastamacchia&#8217;n\u0131n Kovid-19 testinin mart ortas\u0131nda pozitif \u00e7\u0131kmas\u0131n\u0131n ard\u0131ndan Ba\u015fbakan Conte\u2019ye de test yap\u0131lm\u0131\u015f ve test negatif \u00e7\u0131km\u0131\u015ft\u0131.<\/p>\n<!-- Error, Advert is not available at this time due to schedule\/geolocation restrictions! -->\n","protected":false},"excerpt":{"rendered":"<p>\u00dclkede 6 haftad\u0131r devam eden ve \u015fu ana kadar 14 bin 681 ki\u015finin ya\u015fam\u0131n\u0131 yitirmesine yol a\u00e7an Kovid-19 salg\u0131n\u0131 nedeniyle kay\u0131plar devam ediyor. \u0130talyan bas\u0131n\u0131na yans\u0131yan bilgilere g\u00f6re, Ba\u015fbakan Conte&#8217;nin yak\u0131n korumal\u0131\u011f\u0131n\u0131 yapan ve ge\u00e7en ay ortas\u0131nda Kovid-19 te\u015fhisi konulan 52 ya\u015f\u0131ndaki Giorgio Guastamacchia, bu sabah saatlerinde hayat\u0131n\u0131 kaybetti. \u0130ki \u00e7ocuk babas\u0131 olan koruma memurunun &hellip;<\/p>\n","protected":false},"author":4,"featured_media":288229,"comment_status":"open","ping_status":"closed","sticky":false,"template":"","format":"standard","meta":{"_acf_changed":false,"footnotes":""},"categories":[6770,6155,5005,349],"tags":[220055,10,220418,27382],"class_list":["post-288729","post","type-post","status-publish","format-standard","has-post-thumbnail","hentry","category-avrupa","category-gundem","category-manset","category-son-dakika","tag-giuseppe-conte","tag-italya","tag-koronavirus","tag-son-dakika"],"acf":[],"_links":{"self":[{"href":"https:\/\/www.nationalturk.com\/tr\/wp-json\/wp\/v2\/posts\/288729","targetHints":{"allow":["GET"]}}],"collection":[{"href":"https:\/\/www.nationalturk.com\/tr\/wp-json\/wp\/v2\/posts"}],"about":[{"href":"https:\/\/www.nationalturk.com\/tr\/wp-json\/wp\/v2\/types\/post"}],"author":[{"embeddable":true,"href":"https:\/\/www.nationalturk.com\/tr\/wp-json\/wp\/v2\/users\/4"}],"replies":[{"embeddable":true,"href":"https:\/\/www.nationalturk.com\/tr\/wp-json\/wp\/v2\/comments?post=288729"}],"version-history":[{"count":0,"href":"https:\/\/www.nationalturk.com\/tr\/wp-json\/wp\/v2\/posts\/288729\/revisions"}],"wp:featuredmedia":[{"embeddable":true,"href":"https:\/\/www.nationalturk.com\/tr\/wp-json\/wp\/v2\/media\/288229"}],"wp:attachment":[{"href":"https:\/\/www.nationalturk.com\/tr\/wp-json\/wp\/v2\/media?parent=288729"}],"wp:term":[{"taxonomy":"category","embeddable":true,"href":"https:\/\/www.nationalturk.com\/tr\/wp-json\/wp\/v2\/categories?post=288729"},{"taxonomy":"post_tag","embeddable":true,"href":"https:\/\/www.nationalturk.com\/tr\/wp-json\/wp\/v2\/tags?post=288729"}],"curies":[{"name":"wp","href":"https:\/\/api.w.org\/{rel}","templated":true}]}}