{"id":288991,"date":"2020-04-08T09:20:59","date_gmt":"2020-04-08T06:20:59","guid":{"rendered":"https:\/\/www.nationalturk.com\/?p=288991"},"modified":"2020-04-08T12:06:47","modified_gmt":"2020-04-08T09:06:47","slug":"son-dakika-pkk-koylulere-saldirdi-288991","status":"publish","type":"post","link":"https:\/\/www.nationalturk.com\/tr\/son-dakika-pkk-koylulere-saldirdi-288991\/","title":{"rendered":"Son Dakika! PKK k\u00f6yl\u00fclere sald\u0131rd\u0131: 5 sivil hayat\u0131n\u0131 kaybetti"},"content":{"rendered":"<p>Al\u0131nan bilgiye g\u00f6re, il\u00e7eye ba\u011fl\u0131 G\u00fcle\u00e7 Mahallesi k\u0131rsal\u0131nda orman i\u015f\u00e7ilerini ta\u015f\u0131yan arac\u0131n ge\u00e7i\u015fi s\u0131ras\u0131nda PKK&#8217;l\u0131 ter\u00f6ristlerin \u00f6nceden yerle\u015ftirdi\u011fi el yap\u0131m\u0131 patlay\u0131c\u0131 infilak etti. <\/p>\n<p>B\u00f6lgeye \u00e7ok say\u0131da jandarma ve sa\u011fl\u0131k ekibi sevk edildi. <\/p>\n<p>Diyarbak\u0131r&#8217;\u0131n Kulp il\u00e7esinde odun toplamaya giden k\u00f6yl\u00fclere PKK&#8217;l\u0131 ter\u00f6ristlerce sald\u0131r\u0131 d\u00fczenlendi. Diyarbak\u0131r Valili\u011fi, &#8220;Kulp&#8217;taki ter\u00f6r sald\u0131r\u0131s\u0131nda 5 sivil vatanda\u015f\u0131m\u0131z \u015fehit oldu.&#8221; a\u00e7\u0131klamas\u0131nda bulundu.<br \/>\nValilikten yap\u0131lan a\u00e7\u0131klamada, Kulp il\u00e7esinin G\u00fcle\u00e7 Mahallesi k\u0131rsal\u0131nda saat 06.30 s\u0131ralar\u0131nda, orman kesimine giden sivil vatanda\u015flar\u0131n bulundu\u011fu arac\u0131n ge\u00e7i\u015fi esnas\u0131nda, ter\u00f6r \u00f6rg\u00fct\u00fc PKK mensuplar\u0131nca el yap\u0131m\u0131 patlay\u0131c\u0131yla sald\u0131r\u0131 d\u00fczenlendi\u011fi belirtildi.<\/p>\n<p>&#8220;Kulp&#8217;taki ter\u00f6r sald\u0131r\u0131s\u0131nda 5 sivil vatanda\u015f\u0131m\u0131z \u015fehit oldu.&#8221; ifadesine yer verilen a\u00e7\u0131klamada, sald\u0131r\u0131n\u0131n faillerinin tespit edilmesi ve yakalanmas\u0131 i\u00e7in g\u00fcvenlik g\u00fc\u00e7lerince operasyon ba\u015flat\u0131ld\u0131\u011f\u0131 kaydedildi.<\/p>\n<p>A\u00e7\u0131klamada, \u015fehit olan vatanda\u015flara Allah&#8217;tan rahmet, ailelerine, yak\u0131nlar\u0131na ve T\u00fcrk milletine ba\u015fsa\u011fl\u0131\u011f\u0131 ve sab\u0131r dilendi.<\/p>\n<p>Cumhurba\u015fkanl\u0131\u011f\u0131 S\u00f6zc\u00fcs\u00fc \u0130brahim Kal\u0131n, Twitter hesab\u0131ndan, Diyarbak\u0131r&#8217;\u0131n Kulp il\u00e7esinde PKK&#8217;l\u0131 ter\u00f6ristlerce d\u00fczenlenen sald\u0131r\u0131ya ili\u015fkin a\u00e7\u0131klama yapt\u0131.<\/p>\n<p>Ter\u00f6r \u00f6rg\u00fct\u00fcn\u00fcn menfur sald\u0131r\u0131s\u0131nda hayat\u0131n\u0131 kaybeden vatanda\u015flara Allah&#8217;tan rahmet, yak\u0131nlar\u0131na ba\u015f sa\u011fl\u0131\u011f\u0131 dileyen Kal\u0131n, &#8220;Ter\u00f6r \u00f6rg\u00fct\u00fc, kalle\u015f ve vah\u015fi y\u00fcz\u00fcn\u00fc bir kez daha g\u00f6sterdi. Al\u00e7akl\u0131kta s\u0131n\u0131r tan\u0131mad\u0131\u011f\u0131n\u0131 korona g\u00fcnlerinde de g\u00f6sterdi.&#8221; de\u011ferlendirmesinde bulundu.<\/p>\n<p>Milli Savunma Bakan\u0131 Hulusi Akar, Kulp&#8217;taki ter\u00f6r sald\u0131r\u0131s\u0131 hakk\u0131nda, &#8220;M\u00fccadelemiz yurt i\u00e7inde, yurt d\u0131\u015f\u0131nda devam ediyor. Bunlar\u0131n hesab\u0131n\u0131 mutlaka verecekler.&#8221; dedi.<\/p>\n<!-- Error, Advert is not available at this time due to schedule\/geolocation restrictions! -->\n","protected":false},"excerpt":{"rendered":"<p>Al\u0131nan bilgiye g\u00f6re, il\u00e7eye ba\u011fl\u0131 G\u00fcle\u00e7 Mahallesi k\u0131rsal\u0131nda orman i\u015f\u00e7ilerini ta\u015f\u0131yan arac\u0131n ge\u00e7i\u015fi s\u0131ras\u0131nda PKK&#8217;l\u0131 ter\u00f6ristlerin \u00f6nceden yerle\u015ftirdi\u011fi el yap\u0131m\u0131 patlay\u0131c\u0131 infilak etti. B\u00f6lgeye \u00e7ok say\u0131da jandarma ve sa\u011fl\u0131k ekibi sevk edildi. Diyarbak\u0131r&#8217;\u0131n Kulp il\u00e7esinde odun toplamaya giden k\u00f6yl\u00fclere PKK&#8217;l\u0131 ter\u00f6ristlerce sald\u0131r\u0131 d\u00fczenlendi. Diyarbak\u0131r Valili\u011fi, &#8220;Kulp&#8217;taki ter\u00f6r sald\u0131r\u0131s\u0131nda 5 sivil vatanda\u015f\u0131m\u0131z \u015fehit oldu.&#8221; a\u00e7\u0131klamas\u0131nda bulundu. &hellip;<\/p>\n","protected":false},"author":4,"featured_media":289005,"comment_status":"open","ping_status":"closed","sticky":false,"template":"","format":"standard","meta":{"_acf_changed":false,"footnotes":""},"categories":[6155,5005,349,6805],"tags":[1470,98863,5592,27382],"class_list":["post-288991","post","type-post","status-publish","format-standard","has-post-thumbnail","hentry","category-gundem","category-manset","category-son-dakika","category-turkiye","tag-diyarbakir","tag-kulp","tag-pkk","tag-son-dakika"],"acf":[],"_links":{"self":[{"href":"https:\/\/www.nationalturk.com\/tr\/wp-json\/wp\/v2\/posts\/288991","targetHints":{"allow":["GET"]}}],"collection":[{"href":"https:\/\/www.nationalturk.com\/tr\/wp-json\/wp\/v2\/posts"}],"about":[{"href":"https:\/\/www.nationalturk.com\/tr\/wp-json\/wp\/v2\/types\/post"}],"author":[{"embeddable":true,"href":"https:\/\/www.nationalturk.com\/tr\/wp-json\/wp\/v2\/users\/4"}],"replies":[{"embeddable":true,"href":"https:\/\/www.nationalturk.com\/tr\/wp-json\/wp\/v2\/comments?post=288991"}],"version-history":[{"count":0,"href":"https:\/\/www.nationalturk.com\/tr\/wp-json\/wp\/v2\/posts\/288991\/revisions"}],"wp:featuredmedia":[{"embeddable":true,"href":"https:\/\/www.nationalturk.com\/tr\/wp-json\/wp\/v2\/media\/289005"}],"wp:attachment":[{"href":"https:\/\/www.nationalturk.com\/tr\/wp-json\/wp\/v2\/media?parent=288991"}],"wp:term":[{"taxonomy":"category","embeddable":true,"href":"https:\/\/www.nationalturk.com\/tr\/wp-json\/wp\/v2\/categories?post=288991"},{"taxonomy":"post_tag","embeddable":true,"href":"https:\/\/www.nationalturk.com\/tr\/wp-json\/wp\/v2\/tags?post=288991"}],"curies":[{"name":"wp","href":"https:\/\/api.w.org\/{rel}","templated":true}]}}