{"id":289216,"date":"2020-04-11T14:34:29","date_gmt":"2020-04-11T11:34:29","guid":{"rendered":"https:\/\/www.nationalturk.com\/?p=289216"},"modified":"2020-04-11T17:00:24","modified_gmt":"2020-04-11T14:00:24","slug":"dusus-devam-ediyor-289216","status":"publish","type":"post","link":"https:\/\/www.nationalturk.com\/tr\/dusus-devam-ediyor-289216\/","title":{"rendered":"D\u00fc\u015f\u00fc\u015f devam ediyor, baz\u0131 sekt\u00f6rlerde pazartesi i\u015fba\u015f\u0131 var"},"content":{"rendered":"<p>\u0130spanya Sa\u011fl\u0131k Bakanl\u0131\u011f\u0131, Kovid-19 ile ilgili bilgileri g\u00fcncelledi.<\/p>\n<p>Buna g\u00f6re, Kovid-19 nedeniyle d\u00fcn 605 olan g\u00fcnl\u00fck \u00f6l\u00fcm say\u0131s\u0131, bug\u00fcn 510&#8217;a geriledi. <\/p>\n<p>\u00dclkede Kovid-19 hastalar\u0131ndaki g\u00fcnl\u00fck \u00f6l\u00fcm say\u0131lar\u0131nda 23 Mart&#8217;tan bu yana en d\u00fc\u015f\u00fck art\u0131\u015f kaydedildi. Salg\u0131nda hayatlar\u0131n\u0131 kaybedenlerin toplam say\u0131s\u0131 ise bug\u00fcn itibariyle 16 bin 353&#8217;e ula\u015ft\u0131.<\/p>\n<p>Vir\u00fcsten kaynaklanan \u00f6l\u00fcm say\u0131lar\u0131ndaki art\u0131\u015f 23 Mart&#8217;ta 462, 24 Mart&#8217;ta 514, 25 Mart&#8217;ta 738, 26 Mart&#8217;ta 655, 27 Mart&#8217;ta 769, 28 Mart&#8217;ta 832, 29 Mart&#8217;ta 838, 30 Mart&#8217;ta 812, 31 Mart&#8217;ta 849, 1 Nisan&#8217;da 864, 2 Nisan&#8217;da 950, 3 Nisan&#8217;da 932, 4 Nisan&#8217;da 809, 5 Nisan&#8217;da 674, 6 Nisan&#8217;da 637, 7 Nisan&#8217;da 743, 8 Nisan&#8217;da 757, 9 Nisan&#8217;da 683, 10 Nisan&#8217;da 605 olarak a\u00e7\u0131klanm\u0131\u015ft\u0131.<\/p>\n<p>Di\u011fer yandan vaka say\u0131s\u0131 ise 4 bin 830 art\u0131\u015fla 161 bin 852 oldu.<\/p>\n<p>Ayr\u0131ca Kovid-19 hastalar\u0131ndan taburcu olanlar\u0131n toplam say\u0131s\u0131n\u0131n 3 bin 441 art\u0131\u015fla 59 bin 109&#8217;a \u00e7\u0131kt\u0131\u011f\u0131 bilgisi payla\u015f\u0131ld\u0131.<\/p>\n<p>Vir\u00fcsten en fazla etkilenen Madrid \u00f6zerk y\u00f6netiminde \u00f6l\u00fc say\u0131s\u0131 112 art\u0131\u015fla 6 bin 84&#8217;e \u00e7\u0131kt\u0131.<\/p>\n<p>Kentte vaka say\u0131s\u0131 da 1066 artarak 45 bin 849 oldu.<\/p>\n<p>Madrid&#8217;in ard\u0131ndan \u0130spanya&#8217;da Kovid-19 nedeniyle en fazla \u00f6l\u00fcm\u00fcn g\u00f6r\u00fcld\u00fc\u011f\u00fc Katalonya \u00f6zerk y\u00f6netiminde hayatlar\u0131n\u0131 kaybedenlerin say\u0131s\u0131n\u0131n da 3 bin 331 oldu\u011fu belirtildi.<\/p>\n<h3>Fransa ve Portekiz s\u0131n\u0131rlar\u0131nda kontrollere devam<\/h3>\n<p>Bu arada \u0130spanya h\u00fck\u00fcmeti, Kovid-19&#8217;a kar\u015f\u0131 m\u00fccadele kapsam\u0131nda 26 Nisan&#8217;a kadar uzatt\u0131\u011f\u0131 ola\u011fan\u00fcst\u00fc halden dolay\u0131 kara s\u0131n\u0131r\u0131n\u0131n oldu\u011fu Portekiz ve Fransa&#8217;daki s\u0131n\u0131r noktas\u0131 kontrollerin 14 g\u00fcn daha devam edece\u011fini duyurdu.<\/p>\n<p>\u0130\u00e7i\u015fleri Bakanl\u0131\u011f\u0131 taraf\u0131ndan yay\u0131mlanan genelgeye g\u00f6re, 17 Mart&#8217;ta ba\u015flanan Fransa ve Portekiz s\u0131n\u0131rlar\u0131ndaki kontroller kapsam\u0131nda sadece \u0130spanyol vatanda\u015flar\u0131n\u0131n, s\u0131n\u0131r b\u00f6lgesi \u00e7al\u0131\u015fanlar\u0131n\u0131n ve ikameti olanlar\u0131n \u00fclkeye giri\u015fe izin veriliyor.<\/p>\n<p>S\u0131n\u0131rdaki yasak, ekonomik faaliyetlerin s\u00fcreklili\u011fini sa\u011flamak ve tedarik zincirini korumak i\u00e7in ticari mallar\u0131n ta\u015f\u0131nmas\u0131n\u0131 kapsam\u0131yor.<\/p>\n<h3>\u0130spanya&#8217;da baz\u0131 i\u015f kollar\u0131nda pazartesi g\u00fcn\u00fc i\u015f ba\u015f\u0131 yap\u0131lacak<\/h3>\n<p>H\u00fck\u00fcmet, \u00fclke ekonomisinin Kovid-19 salg\u0131n\u0131ndan en az \u015fekilde zarar g\u00f6rmesini sa\u011flamak i\u00e7in 13 Nisan pazartesi g\u00fcn\u00fcnden itibaren end\u00fcstrideki baz\u0131 i\u015f kollar\u0131n\u0131n, iki haftal\u0131k aradan sonra tekrardan \u00e7al\u0131\u015fmas\u0131na izin verecek.<\/p>\n<p>Ayr\u0131ca \u00e7al\u0131\u015fanlara sokakta ve i\u015f yerlerinde maske kullanmas\u0131n\u0131 tavsiye eden Sa\u011fl\u0131k Bakanl\u0131\u011f\u0131, metro, otob\u00fcs gibi toplu ta\u015f\u0131ma ara\u00e7lar\u0131n\u0131n duraklar\u0131nda bedava maske da\u011f\u0131t\u0131lmas\u0131 uygulamas\u0131na ba\u015flanaca\u011f\u0131n\u0131 a\u00e7\u0131klad\u0131. <\/p>\n<!-- Error, Advert is not available at this time due to schedule\/geolocation restrictions! -->\n","protected":false},"excerpt":{"rendered":"<p>\u0130spanya Sa\u011fl\u0131k Bakanl\u0131\u011f\u0131, Kovid-19 ile ilgili bilgileri g\u00fcncelledi. Buna g\u00f6re, Kovid-19 nedeniyle d\u00fcn 605 olan g\u00fcnl\u00fck \u00f6l\u00fcm say\u0131s\u0131, bug\u00fcn 510&#8217;a geriledi. \u00dclkede Kovid-19 hastalar\u0131ndaki g\u00fcnl\u00fck \u00f6l\u00fcm say\u0131lar\u0131nda 23 Mart&#8217;tan bu yana en d\u00fc\u015f\u00fck art\u0131\u015f kaydedildi. Salg\u0131nda hayatlar\u0131n\u0131 kaybedenlerin toplam say\u0131s\u0131 ise bug\u00fcn itibariyle 16 bin 353&#8217;e ula\u015ft\u0131. Vir\u00fcsten kaynaklanan \u00f6l\u00fcm say\u0131lar\u0131ndaki art\u0131\u015f 23 Mart&#8217;ta 462, &hellip;<\/p>\n","protected":false},"author":4,"featured_media":287285,"comment_status":"open","ping_status":"closed","sticky":false,"template":"","format":"standard","meta":{"_acf_changed":false,"footnotes":""},"categories":[6770,220555,6155,5005,349],"tags":[15,220418],"class_list":["post-289216","post","type-post","status-publish","format-standard","has-post-thumbnail","hentry","category-avrupa","category-dunyada-covid-19","category-gundem","category-manset","category-son-dakika","tag-ispanya","tag-koronavirus"],"acf":[],"_links":{"self":[{"href":"https:\/\/www.nationalturk.com\/tr\/wp-json\/wp\/v2\/posts\/289216","targetHints":{"allow":["GET"]}}],"collection":[{"href":"https:\/\/www.nationalturk.com\/tr\/wp-json\/wp\/v2\/posts"}],"about":[{"href":"https:\/\/www.nationalturk.com\/tr\/wp-json\/wp\/v2\/types\/post"}],"author":[{"embeddable":true,"href":"https:\/\/www.nationalturk.com\/tr\/wp-json\/wp\/v2\/users\/4"}],"replies":[{"embeddable":true,"href":"https:\/\/www.nationalturk.com\/tr\/wp-json\/wp\/v2\/comments?post=289216"}],"version-history":[{"count":0,"href":"https:\/\/www.nationalturk.com\/tr\/wp-json\/wp\/v2\/posts\/289216\/revisions"}],"wp:featuredmedia":[{"embeddable":true,"href":"https:\/\/www.nationalturk.com\/tr\/wp-json\/wp\/v2\/media\/287285"}],"wp:attachment":[{"href":"https:\/\/www.nationalturk.com\/tr\/wp-json\/wp\/v2\/media?parent=289216"}],"wp:term":[{"taxonomy":"category","embeddable":true,"href":"https:\/\/www.nationalturk.com\/tr\/wp-json\/wp\/v2\/categories?post=289216"},{"taxonomy":"post_tag","embeddable":true,"href":"https:\/\/www.nationalturk.com\/tr\/wp-json\/wp\/v2\/tags?post=289216"}],"curies":[{"name":"wp","href":"https:\/\/api.w.org\/{rel}","templated":true}]}}