{"id":289271,"date":"2020-04-12T23:57:38","date_gmt":"2020-04-12T20:57:38","guid":{"rendered":"https:\/\/www.nationalturk.com\/?p=289271"},"modified":"2020-04-13T08:12:00","modified_gmt":"2020-04-13T05:12:00","slug":"son-dakika-soylunun-istifasi-kabul-edilmedi-289271","status":"publish","type":"post","link":"https:\/\/www.nationalturk.com\/tr\/son-dakika-soylunun-istifasi-kabul-edilmedi-289271\/","title":{"rendered":"Son Dakika: Soylu&#8217;nun istifas\u0131 kabul edilmedi"},"content":{"rendered":"<p>\u0130leti\u015fim Ba\u015fkanl\u0131\u011f\u0131ndan yap\u0131lan a\u00e7\u0131klamada, &#8220;\u0130\u00e7i\u015fleri Bakan\u0131m\u0131z\u0131n istifas\u0131 kabul edilmemi\u015ftir, kendisi g\u00f6revine devam edecektir.&#8221; denildi.<\/p>\n<p>A\u00e7\u0131klamada, 15 Temmuz darbe giri\u015fiminin hemen arkas\u0131ndan \u0130\u00e7i\u015fleri Bakanl\u0131\u011f\u0131 g\u00f6revine getirilen S\u00fcleyman Soylu&#8217;nun, bug\u00fcne kadar ba\u015far\u0131l\u0131 \u00e7al\u0131\u015fmalar\u0131yla milletin takdirini kazand\u0131\u011f\u0131 belirtildi. <\/p>\n<p>Ter\u00f6r \u00f6rg\u00fctlerinin \u00fclkedeki eylem kapasitelerinin \u00f6nemli \u00f6l\u00e7\u00fcde azalt\u0131lmas\u0131nda Bakan Soylu&#8217;nun y\u00fcr\u00fctt\u00fc\u011f\u00fc kararl\u0131 m\u00fccadelenin b\u00fcy\u00fck pay\u0131 oldu\u011fu ifade edilen a\u00e7\u0131klamada, \u015funlar kaydedildi:<\/p>\n<p>&#8220;Ayn\u0131 \u015fekilde deprem gibi do\u011fal afetlerin ard\u0131ndan yap\u0131lan \u00e7al\u0131\u015fmalarda da \u0130\u00e7i\u015fleri Bakan\u0131m\u0131z s\u00fcrekli sahada olarak g\u00fc\u00e7l\u00fc bir koordinasyon ger\u00e7ekle\u015ftirmi\u015ftir. Koronavir\u00fcs salg\u0131n\u0131n sa\u011fl\u0131k hizmetleri, g\u0131da tedariki ve kamu g\u00fcvenli\u011fi boyutu da bulundu\u011fu bir ger\u00e7ektir. \u0130\u00e7i\u015fleri Bakan\u0131m\u0131z, bir ay\u0131 a\u015fk\u0131n s\u00fcredir y\u00fcr\u00fctt\u00fc\u011f\u00fc ba\u015far\u0131l\u0131 \u00e7al\u0131\u015fmalar\u0131yla, bu s\u00fcre\u00e7te \u00fclkemizde kamu g\u00fcvenli\u011fi konusunda hi\u00e7bir s\u0131k\u0131nt\u0131 \u00e7ekilmemesini temin etmi\u015ftir. <\/p>\n<p>Say\u0131n Bakan\u0131m\u0131z istifa talebini Say\u0131n Cumhurba\u015fkan\u0131m\u0131za sunmu\u015f, Cumhurba\u015fkan\u0131m\u0131z bu talebi uygun bulmad\u0131\u011f\u0131n\u0131 kendisine ifade etmi\u015ftir. Bir makam sahibinin istifas\u0131n\u0131 sunmas\u0131 kendi takdiridir, fakat nihai karar Say\u0131n Cumhurba\u015fkan\u0131m\u0131za aittir. \u0130\u00e7i\u015fleri Bakan\u0131m\u0131z\u0131n istifas\u0131 kabul edilmemi\u015ftir, kendisi g\u00f6revine devam edecektir.&#8221; <\/p>\n<!-- Error, Advert is not available at this time due to schedule\/geolocation restrictions! -->\n","protected":false},"excerpt":{"rendered":"<p>\u0130leti\u015fim Ba\u015fkanl\u0131\u011f\u0131ndan yap\u0131lan a\u00e7\u0131klamada, &#8220;\u0130\u00e7i\u015fleri Bakan\u0131m\u0131z\u0131n istifas\u0131 kabul edilmemi\u015ftir, kendisi g\u00f6revine devam edecektir.&#8221; denildi. A\u00e7\u0131klamada, 15 Temmuz darbe giri\u015fiminin hemen arkas\u0131ndan \u0130\u00e7i\u015fleri Bakanl\u0131\u011f\u0131 g\u00f6revine getirilen S\u00fcleyman Soylu&#8217;nun, bug\u00fcne kadar ba\u015far\u0131l\u0131 \u00e7al\u0131\u015fmalar\u0131yla milletin takdirini kazand\u0131\u011f\u0131 belirtildi. Ter\u00f6r \u00f6rg\u00fctlerinin \u00fclkedeki eylem kapasitelerinin \u00f6nemli \u00f6l\u00e7\u00fcde azalt\u0131lmas\u0131nda Bakan Soylu&#8217;nun y\u00fcr\u00fctt\u00fc\u011f\u00fc kararl\u0131 m\u00fccadelenin b\u00fcy\u00fck pay\u0131 oldu\u011fu ifade edilen a\u00e7\u0131klamada, \u015funlar &hellip;<\/p>\n","protected":false},"author":4,"featured_media":252059,"comment_status":"open","ping_status":"closed","sticky":false,"template":"","format":"standard","meta":{"_acf_changed":false,"footnotes":""},"categories":[6155,5005,6202,349],"tags":[27382,40322],"class_list":["post-289271","post","type-post","status-publish","format-standard","has-post-thumbnail","hentry","category-gundem","category-manset","category-politika","category-son-dakika","tag-son-dakika","tag-suleyman-soylu"],"acf":[],"_links":{"self":[{"href":"https:\/\/www.nationalturk.com\/tr\/wp-json\/wp\/v2\/posts\/289271","targetHints":{"allow":["GET"]}}],"collection":[{"href":"https:\/\/www.nationalturk.com\/tr\/wp-json\/wp\/v2\/posts"}],"about":[{"href":"https:\/\/www.nationalturk.com\/tr\/wp-json\/wp\/v2\/types\/post"}],"author":[{"embeddable":true,"href":"https:\/\/www.nationalturk.com\/tr\/wp-json\/wp\/v2\/users\/4"}],"replies":[{"embeddable":true,"href":"https:\/\/www.nationalturk.com\/tr\/wp-json\/wp\/v2\/comments?post=289271"}],"version-history":[{"count":0,"href":"https:\/\/www.nationalturk.com\/tr\/wp-json\/wp\/v2\/posts\/289271\/revisions"}],"wp:featuredmedia":[{"embeddable":true,"href":"https:\/\/www.nationalturk.com\/tr\/wp-json\/wp\/v2\/media\/252059"}],"wp:attachment":[{"href":"https:\/\/www.nationalturk.com\/tr\/wp-json\/wp\/v2\/media?parent=289271"}],"wp:term":[{"taxonomy":"category","embeddable":true,"href":"https:\/\/www.nationalturk.com\/tr\/wp-json\/wp\/v2\/categories?post=289271"},{"taxonomy":"post_tag","embeddable":true,"href":"https:\/\/www.nationalturk.com\/tr\/wp-json\/wp\/v2\/tags?post=289271"}],"curies":[{"name":"wp","href":"https:\/\/api.w.org\/{rel}","templated":true}]}}