{"id":289422,"date":"2020-04-14T15:32:09","date_gmt":"2020-04-14T12:32:09","guid":{"rendered":"https:\/\/www.nationalturk.com\/?p=289422"},"modified":"2020-04-17T22:17:18","modified_gmt":"2020-04-17T19:17:18","slug":"tedbirler-ise-yariyor-bunlar-iyi-haberler-289422","status":"publish","type":"post","link":"https:\/\/www.nationalturk.com\/tr\/tedbirler-ise-yariyor-bunlar-iyi-haberler-289422\/","title":{"rendered":"&#8220;Tedbirler i\u015fe yar\u0131yor, bunlar iyi haberler&#8221;"},"content":{"rendered":"<p>Wieler, Berlin\u2019de d\u00fczenledi\u011fi bas\u0131n toplant\u0131s\u0131nda, verilerin, \u00fclkedeki Kovid-19 vaka say\u0131s\u0131n\u0131n bir s\u00fcredir \u00e7ok h\u0131zl\u0131 artmad\u0131\u011f\u0131n\u0131 g\u00f6sterdi\u011fini belirtti.<\/p>\n<p>Tedbirlere uyan herkese te\u015fekk\u00fcr eden Wieler, &#8220;Bu, al\u0131nan tedbirler etkili oluyor anlam\u0131na geliyor. Bunlar iyi haberler.&#8221; ifadesini kulland\u0131.<\/p>\n<p>Wieler, son haftalarda oldu\u011fu gibi kurallara uymaya devam edilmesi ve disiplinli davran\u0131lmas\u0131 \u00e7a\u011fr\u0131s\u0131nda bulunarak &#8220;Evde kalabilen evde kals\u0131n. Evden \u00e7\u0131kan da di\u011fer insanlara mesafesini korusun. Hijyen kurallar\u0131na da uyal\u0131m. Bunlar gelecekte de Kovid-19 salg\u0131n\u0131n\u0131n yay\u0131lmas\u0131n\u0131 engellemek i\u00e7in \u00f6nemli olacak.&#8221; de\u011ferlendirmesinde bulundu.<\/p>\n<h3>Yar\u0131s\u0131ndan fazlas\u0131 iyile\u015fti<\/h3>\n<p>Almanya\u2019da vaka say\u0131s\u0131n\u0131n d\u00fcn bir \u00f6nceki g\u00fcne g\u00f6re 2 bin 82 artarak 125 bin 98\u2019e, \u00f6l\u00fcm say\u0131s\u0131n\u0131n da 170 artarak 2 bin 969\u2019a y\u00fckseldi\u011fini ifade eden Wieler, 68 bin 100 ki\u015finin de iyile\u015fti\u011fini ve b\u00f6ylelikle Kovid-19\u2019a yakalananlar\u0131n yar\u0131s\u0131ndan fazlas\u0131n\u0131n iyile\u015fti\u011fine dikkati \u00e7ekti.<\/p>\n<p>Wieler, bu say\u0131lar\u0131n ge\u00e7en haftaya g\u00f6re biraz az oldu\u011funu, bunun da Paskalya d\u00f6neminde daha az test yap\u0131lmas\u0131ndan ve baz\u0131 vakalar\u0131n kendilerine bildirilmemesinden kaynakland\u0131\u011f\u0131n\u0131 kaydetti.<\/p>\n<p>Bundan dolay\u0131 vaka say\u0131s\u0131n\u0131n ger\u00e7ekten d\u00fc\u015f\u00fcp d\u00fc\u015fmedi\u011finin de\u011ferlendirilemeyece\u011fini belirten Wieler, ge\u00e7en hafta yeni vaka say\u0131s\u0131n\u0131n 4 bin ila 5 bin aras\u0131nda oldu\u011funu an\u0131msatt\u0131.<\/p>\n<h3>Huzurevlerinde vaka say\u0131s\u0131 art\u0131yor<\/h3>\n<p>Son g\u00fcnlerde Almanya\u2019da \u00f6l\u00fc say\u0131s\u0131n\u0131n artt\u0131\u011f\u0131na i\u015faret eden Wieler, bunun sebebi olarak hastanelerin yan\u0131nda ya\u015fl\u0131 bak\u0131mevlerinde ve huzurevlerinde vaka say\u0131s\u0131n\u0131n artmas\u0131n\u0131 g\u00f6sterdi.<\/p>\n<p>Wieler, gelecekte test kapasitesini daha da art\u0131racaklar\u0131n\u0131, bunun Kovid-19 bula\u015fanlar\u0131 erkenden tespit etmek i\u00e7in bir anahtar oldu\u011funu ifade etti.<\/p>\n<p>Son verilere g\u00f6re Almanya\u2019da vaka say\u0131s\u0131 130 bin 72, \u00f6l\u00fc say\u0131s\u0131 3 bin 194 oldu.<\/p>\n<!-- Error, Advert is not available at this time due to schedule\/geolocation restrictions! -->\n","protected":false},"excerpt":{"rendered":"<p>Wieler, Berlin\u2019de d\u00fczenledi\u011fi bas\u0131n toplant\u0131s\u0131nda, verilerin, \u00fclkedeki Kovid-19 vaka say\u0131s\u0131n\u0131n bir s\u00fcredir \u00e7ok h\u0131zl\u0131 artmad\u0131\u011f\u0131n\u0131 g\u00f6sterdi\u011fini belirtti. Tedbirlere uyan herkese te\u015fekk\u00fcr eden Wieler, &#8220;Bu, al\u0131nan tedbirler etkili oluyor anlam\u0131na geliyor. Bunlar iyi haberler.&#8221; ifadesini kulland\u0131. Wieler, son haftalarda oldu\u011fu gibi kurallara uymaya devam edilmesi ve disiplinli davran\u0131lmas\u0131 \u00e7a\u011fr\u0131s\u0131nda bulunarak &#8220;Evde kalabilen evde kals\u0131n. Evden \u00e7\u0131kan &hellip;<\/p>\n","protected":false},"author":4,"featured_media":289423,"comment_status":"open","ping_status":"closed","sticky":false,"template":"","format":"standard","meta":{"_acf_changed":false,"footnotes":""},"categories":[6155,220555,5005,349],"tags":[2174,220472,220418],"class_list":["post-289422","post","type-post","status-publish","format-standard","has-post-thumbnail","hentry","category-gundem","category-dunyada-covid-19","category-manset","category-son-dakika","tag-almanya","tag-dunyada-covid-19","tag-koronavirus"],"acf":[],"_links":{"self":[{"href":"https:\/\/www.nationalturk.com\/tr\/wp-json\/wp\/v2\/posts\/289422","targetHints":{"allow":["GET"]}}],"collection":[{"href":"https:\/\/www.nationalturk.com\/tr\/wp-json\/wp\/v2\/posts"}],"about":[{"href":"https:\/\/www.nationalturk.com\/tr\/wp-json\/wp\/v2\/types\/post"}],"author":[{"embeddable":true,"href":"https:\/\/www.nationalturk.com\/tr\/wp-json\/wp\/v2\/users\/4"}],"replies":[{"embeddable":true,"href":"https:\/\/www.nationalturk.com\/tr\/wp-json\/wp\/v2\/comments?post=289422"}],"version-history":[{"count":0,"href":"https:\/\/www.nationalturk.com\/tr\/wp-json\/wp\/v2\/posts\/289422\/revisions"}],"wp:featuredmedia":[{"embeddable":true,"href":"https:\/\/www.nationalturk.com\/tr\/wp-json\/wp\/v2\/media\/289423"}],"wp:attachment":[{"href":"https:\/\/www.nationalturk.com\/tr\/wp-json\/wp\/v2\/media?parent=289422"}],"wp:term":[{"taxonomy":"category","embeddable":true,"href":"https:\/\/www.nationalturk.com\/tr\/wp-json\/wp\/v2\/categories?post=289422"},{"taxonomy":"post_tag","embeddable":true,"href":"https:\/\/www.nationalturk.com\/tr\/wp-json\/wp\/v2\/tags?post=289422"}],"curies":[{"name":"wp","href":"https:\/\/api.w.org\/{rel}","templated":true}]}}