{"id":289454,"date":"2020-04-15T11:11:01","date_gmt":"2020-04-15T08:11:01","guid":{"rendered":"https:\/\/www.nationalturk.com\/?p=289454"},"modified":"2020-04-17T22:20:26","modified_gmt":"2020-04-17T19:20:26","slug":"asi-calismasi-yuruten-ovali-23-nisanda-tum-dunya-gorecek-289454","status":"publish","type":"post","link":"https:\/\/www.nationalturk.com\/tr\/asi-calismasi-yuruten-ovali-23-nisanda-tum-dunya-gorecek-289454\/","title":{"rendered":"A\u015f\u0131 \u00e7al\u0131\u015fmas\u0131 y\u00fcr\u00fcten Oval\u0131: &#8220;23 Nisan&#8217;da t\u00fcm d\u00fcnya g\u00f6recek&#8221;"},"content":{"rendered":"<p><a href=\"https:\/\/www.hurriyet.com.tr\/yazarlar\/nedim-sener\/ercument-ovali-calismalarimizi-23-nisanda-tum-dunya-gorecek-41494664\" rel=\"noopener noreferrer\" target=\"_blank\">H\u00fcrriyet yazar\u0131 Nedim \u015eener bug\u00fcnk\u00fc yaz\u0131s\u0131nda<\/a> koronavir\u00fcse kar\u015f\u0131 a\u015f\u0131 \u00e7al\u0131\u015fmalar\u0131yla bilinen Prof. Dr. Erc\u00fcment Oval\u0131 ile yapt\u0131\u011f\u0131 g\u00f6r\u00fc\u015fmeye yer verdi. <\/p>\n<p>&#8220;Erc\u00fcment Oval\u0131 ile herkesin \u00e7ok merak etti\u011fi koronavir\u00fcsle m\u00fccadele konusundaki \u00e7al\u0131\u015fmalar\u0131n\u0131 konu\u015ftuk&#8221; diyen \u015eener, Oval\u0131&#8217;n\u0131n 11 Mart&#8217;ta Sa\u011fl\u0131k Bakanl\u0131\u011f\u0131&#8217;na 5 \u00f6neri sundu\u011funu ve bu \u00f6nerilerin 4&#8217;\u00fcn\u00fcn tedavilerde kullan\u0131ld\u0131\u011f\u0131n\u0131 belirtti.<\/p>\n<p>\u015eener, Oval\u0131 taraf\u0131ndan bakanl\u0131\u011fa iletilen \u00f6nerileri ise \u015f\u00f6yle s\u0131ralad\u0131:<\/p>\n<p>1- K\u00f6k h\u00fccrelerin COVID-19 pn\u00f6monisinde kullan\u0131lmas\u0131.<\/p>\n<p>2- IL-6 engelleyicisinin COVID-19 tedavisinde yer almas\u0131.<\/p>\n<p>3- Ba\u011f\u0131\u015f\u0131kl\u0131k sistemi d\u00fc\u015f\u00fck olanlarda \u00f6zel olarak vir\u00fcse kar\u015f\u0131 \u00fcretilmi\u015f T lenfositlerinin kullan\u0131lmas\u0131.<\/p>\n<p>4- Ba\u011f\u0131\u015f\u0131k plazmalar\u0131n\u0131n h\u0131zla devreye al\u0131nmas\u0131.<\/p>\n<p>5- H\u0131zla \u00f6nleyici a\u015f\u0131n\u0131n geli\u015ftirilmesi.<\/p>\n<p>\u015eener ayr\u0131ca, yaz\u0131s\u0131nda &#8220;Plazman\u0131n tedavide kullan\u0131lmas\u0131 yan\u0131nda as\u0131l \u00f6nemli \u00e7al\u0131\u015fmalar\u0131ndan biri de koronavir\u00fcse kar\u015f\u0131 \u00f6nleyici a\u015f\u0131n\u0131n bulunmas\u0131. Erc\u00fcment Oval\u0131 bu konuda olduk\u00e7a m\u00fctevaz\u0131, &#8216;Sadece bir ay i\u00e7inde t\u00fcm d\u00fcnya \u00e7al\u0131\u015fmalar\u0131m\u0131zla nereye vard\u0131\u011f\u0131m\u0131z\u0131 23 Nisan\u2019da g\u00f6recek&#8217; diyor&#8221; ifadelerini kulland\u0131.<\/p>\n<!-- Error, Advert is not available at this time due to schedule\/geolocation restrictions! -->\n","protected":false},"excerpt":{"rendered":"<p>H\u00fcrriyet yazar\u0131 Nedim \u015eener bug\u00fcnk\u00fc yaz\u0131s\u0131nda koronavir\u00fcse kar\u015f\u0131 a\u015f\u0131 \u00e7al\u0131\u015fmalar\u0131yla bilinen Prof. Dr. Erc\u00fcment Oval\u0131 ile yapt\u0131\u011f\u0131 g\u00f6r\u00fc\u015fmeye yer verdi. &#8220;Erc\u00fcment Oval\u0131 ile herkesin \u00e7ok merak etti\u011fi koronavir\u00fcsle m\u00fccadele konusundaki \u00e7al\u0131\u015fmalar\u0131n\u0131 konu\u015ftuk&#8221; diyen \u015eener, Oval\u0131&#8217;n\u0131n 11 Mart&#8217;ta Sa\u011fl\u0131k Bakanl\u0131\u011f\u0131&#8217;na 5 \u00f6neri sundu\u011funu ve bu \u00f6nerilerin 4&#8217;\u00fcn\u00fcn tedavilerde kullan\u0131ld\u0131\u011f\u0131n\u0131 belirtti. \u015eener, Oval\u0131 taraf\u0131ndan bakanl\u0131\u011fa iletilen \u00f6nerileri &hellip;<\/p>\n","protected":false},"author":4,"featured_media":289455,"comment_status":"open","ping_status":"closed","sticky":false,"template":"","format":"standard","meta":{"_acf_changed":false,"footnotes":""},"categories":[6155,5005,349,6805],"tags":[220645,220418,220460,63864,27382],"class_list":["post-289454","post","type-post","status-publish","format-standard","has-post-thumbnail","hentry","category-gundem","category-manset","category-son-dakika","category-turkiye","tag-ercument-ovali","tag-koronavirus","tag-koronavirus-asisi","tag-nedim-sener","tag-son-dakika"],"acf":[],"_links":{"self":[{"href":"https:\/\/www.nationalturk.com\/tr\/wp-json\/wp\/v2\/posts\/289454","targetHints":{"allow":["GET"]}}],"collection":[{"href":"https:\/\/www.nationalturk.com\/tr\/wp-json\/wp\/v2\/posts"}],"about":[{"href":"https:\/\/www.nationalturk.com\/tr\/wp-json\/wp\/v2\/types\/post"}],"author":[{"embeddable":true,"href":"https:\/\/www.nationalturk.com\/tr\/wp-json\/wp\/v2\/users\/4"}],"replies":[{"embeddable":true,"href":"https:\/\/www.nationalturk.com\/tr\/wp-json\/wp\/v2\/comments?post=289454"}],"version-history":[{"count":0,"href":"https:\/\/www.nationalturk.com\/tr\/wp-json\/wp\/v2\/posts\/289454\/revisions"}],"wp:featuredmedia":[{"embeddable":true,"href":"https:\/\/www.nationalturk.com\/tr\/wp-json\/wp\/v2\/media\/289455"}],"wp:attachment":[{"href":"https:\/\/www.nationalturk.com\/tr\/wp-json\/wp\/v2\/media?parent=289454"}],"wp:term":[{"taxonomy":"category","embeddable":true,"href":"https:\/\/www.nationalturk.com\/tr\/wp-json\/wp\/v2\/categories?post=289454"},{"taxonomy":"post_tag","embeddable":true,"href":"https:\/\/www.nationalturk.com\/tr\/wp-json\/wp\/v2\/tags?post=289454"}],"curies":[{"name":"wp","href":"https:\/\/api.w.org\/{rel}","templated":true}]}}