{"id":289462,"date":"2020-04-15T12:27:35","date_gmt":"2020-04-15T09:27:35","guid":{"rendered":"https:\/\/www.nationalturk.com\/?p=289462"},"modified":"2020-04-17T22:17:17","modified_gmt":"2020-04-17T19:17:17","slug":"en-az-vaka-olan-ulkelerden-seyseller-tedbirleri-artiriyor-289462","status":"publish","type":"post","link":"https:\/\/www.nationalturk.com\/tr\/en-az-vaka-olan-ulkelerden-seyseller-tedbirleri-artiriyor-289462\/","title":{"rendered":"En az vaka olan \u00fclkelerden Sey\u015feller tedbirleri art\u0131r\u0131yor"},"content":{"rendered":"<p>Sey\u015feller Devlet Ba\u015fkan\u0131 Danny Faure ulusa sesleni\u015f konu\u015fmas\u0131nda koronavir\u00fcs salg\u0131n\u0131na kar\u015f\u0131 ilave tedbirler alacaklar\u0131n\u0131 duyurdu. <\/p>\n<p>Sey\u015feller&#8217;de halk\u0131n hala ak\u015famlar\u0131 hareketlilik g\u00f6sterdi\u011fini ve bunun halk sa\u011fl\u0131\u011f\u0131 i\u00e7in ciddi bir tehlike olu\u015fturdu\u011funu ifade eden Faure &#8220;Halk Sa\u011fl\u0131\u011f\u0131 Acil Durumunda y\u00fcr\u00fcrl\u00fckte olan yasaya uygun olarak, iki ek \u00f6nlem daha al\u0131nmas\u0131 gerekiyor. 17 Nisan Cuma g\u00fcn\u00fcnden itibaren ak\u015fam saat 7&#8217;den sabah 6&#8217;ya kadar insanlar\u0131n hareketleri konusunda daha fazla k\u0131s\u0131tlama yapaca\u011f\u0131m\u0131z\u0131 duyurmak isterim. Bu \u00f6nlem 29 Nisan&#8217;a kadar y\u00fcr\u00fcrl\u00fckte kalacak&#8221; diye konu\u015ftu.<\/p>\n<!-- Error, Advert is not available at this time due to schedule\/geolocation restrictions! -->\n<p>\u0130kinci yeni \u00f6nlem ise t\u00fcm ma\u011fazalar\u0131n en ge\u00e7 saat 18:00&#8217;de kapanmas\u0131. Ma\u011fazalar ak\u015fam 18:00 ile sabah 06:30 aras\u0131nda faaliyet g\u00f6steremeyecek.<\/p>\n<p>N\u00fcfusu bu Cuma y\u00fcr\u00fcrl\u00fc\u011fe girecek yasaya sayg\u0131 g\u00f6stermeye \u00e7a\u011f\u0131ran Faure, plan\u0131n basit oldu\u011funu belirterek &#8220;Evde kalarak ve temas\u0131 azaltarak olas\u0131 yay\u0131lmay\u0131 durdurabilece\u011fiz. \u015eimdi harekete ge\u00e7me zaman\u0131. Hepimiz sorumlu davran\u0131p i\u015fbirli\u011fi yaparsak Sey\u015feller&#8217;deki COVID-19 iletim zincirini tamamen k\u0131raca\u011f\u0131z ve ya\u015fam\u0131n baz\u0131 unsurlar\u0131n\u0131 geri kazanabilece\u011fiz. \u00d6n\u00fcm\u00fczdeki iki hafta kritik. L\u00fctfen kurallara uyun&#8221; dedi.<\/p>\n<p>Bat\u0131 Hint Okyanusu&#8217;ndaki bir tak\u0131mada olan Sey\u015feller Devlet Ba\u015fkan\u0131, ada \u00fclkesinde yeni bir pozitif COVID-19 vakas\u0131 olmamas\u0131n\u0131 hat\u0131rlatarak \u015f\u00f6yle konu\u015ftu:<\/p>\n<p>&#8220;Bundan \u015fikayet edemeyiz. Ancak Bakanl\u0131\u011f\u0131n al\u0131nan \u00f6nlemlere sayg\u0131 g\u00f6stermeye devam etmeliyiz. Hepimizin oynayaca\u011f\u0131 bir rol var. Evdeki gen\u00e7lerin okula d\u00f6nmek istedi\u011fini, arkada\u015flar\u0131n\u0131 g\u00f6rmek istediklerini biliyorum. \u00c7al\u0131\u015fanlar\u0131n i\u015fe d\u00f6nmek istedi\u011fini biliyorum. \u0130\u015fletmelerin yeniden a\u00e7mak istedi\u011fini biliyorum. Ba\u015fka bir deyi\u015fle hepimiz hayat\u0131n geri d\u00f6nmesini istiyoruz. Yeniden normale d\u00f6nmemiz i\u00e7in bula\u015f zincirini k\u0131rmam\u0131z gerekiyor.&#8221;<\/p>\n<p>Sey\u015fel Adalar\u0131&#8217;ndaki 11 pozitif COVID-19 vakas\u0131 aras\u0131nda ikisi, birka\u00e7 kez s\u00fcrekli olarak negatif test edildikten sonra iyile\u015ferek taburcu edildi. 3 ki\u015fi ise ilk kez negatif test edildi. Ancak taburcu edilmeleri i\u00e7in tekrarlanan testlerde de negatif \u00e7\u0131kmalar\u0131 gerekiyor. <\/p>\n<!-- Error, Advert is not available at this time due to schedule\/geolocation restrictions! -->\n","protected":false},"excerpt":{"rendered":"<p>Sey\u015feller Devlet Ba\u015fkan\u0131 Danny Faure ulusa sesleni\u015f konu\u015fmas\u0131nda koronavir\u00fcs salg\u0131n\u0131na kar\u015f\u0131 ilave tedbirler alacaklar\u0131n\u0131 duyurdu. Sey\u015feller&#8217;de halk\u0131n hala ak\u015famlar\u0131 hareketlilik g\u00f6sterdi\u011fini ve bunun halk sa\u011fl\u0131\u011f\u0131 i\u00e7in ciddi bir tehlike olu\u015fturdu\u011funu ifade eden Faure &#8220;Halk Sa\u011fl\u0131\u011f\u0131 Acil Durumunda y\u00fcr\u00fcrl\u00fckte olan yasaya uygun olarak, iki ek \u00f6nlem daha al\u0131nmas\u0131 gerekiyor. 17 Nisan Cuma g\u00fcn\u00fcnden itibaren ak\u015fam saat &hellip;<\/p>\n","protected":false},"author":4,"featured_media":289463,"comment_status":"open","ping_status":"closed","sticky":false,"template":"","format":"standard","meta":{"_acf_changed":false,"footnotes":""},"categories":[6769,220555,6155,5005,6671],"tags":[220472,220418,2562,2564],"class_list":["post-289462","post","type-post","status-publish","format-standard","has-post-thumbnail","hentry","category-asya","category-dunyada-covid-19","category-gundem","category-manset","category-seyahat","tag-dunyada-covid-19","tag-koronavirus","tag-seysel-adalari","tag-seyseller"],"acf":[],"_links":{"self":[{"href":"https:\/\/www.nationalturk.com\/tr\/wp-json\/wp\/v2\/posts\/289462","targetHints":{"allow":["GET"]}}],"collection":[{"href":"https:\/\/www.nationalturk.com\/tr\/wp-json\/wp\/v2\/posts"}],"about":[{"href":"https:\/\/www.nationalturk.com\/tr\/wp-json\/wp\/v2\/types\/post"}],"author":[{"embeddable":true,"href":"https:\/\/www.nationalturk.com\/tr\/wp-json\/wp\/v2\/users\/4"}],"replies":[{"embeddable":true,"href":"https:\/\/www.nationalturk.com\/tr\/wp-json\/wp\/v2\/comments?post=289462"}],"version-history":[{"count":0,"href":"https:\/\/www.nationalturk.com\/tr\/wp-json\/wp\/v2\/posts\/289462\/revisions"}],"wp:featuredmedia":[{"embeddable":true,"href":"https:\/\/www.nationalturk.com\/tr\/wp-json\/wp\/v2\/media\/289463"}],"wp:attachment":[{"href":"https:\/\/www.nationalturk.com\/tr\/wp-json\/wp\/v2\/media?parent=289462"}],"wp:term":[{"taxonomy":"category","embeddable":true,"href":"https:\/\/www.nationalturk.com\/tr\/wp-json\/wp\/v2\/categories?post=289462"},{"taxonomy":"post_tag","embeddable":true,"href":"https:\/\/www.nationalturk.com\/tr\/wp-json\/wp\/v2\/tags?post=289462"}],"curies":[{"name":"wp","href":"https:\/\/api.w.org\/{rel}","templated":true}]}}