{"id":289492,"date":"2020-04-15T17:28:21","date_gmt":"2020-04-15T14:28:21","guid":{"rendered":"https:\/\/www.nationalturk.com\/?p=289492"},"modified":"2020-04-15T17:28:21","modified_gmt":"2020-04-15T14:28:21","slug":"rtukten-fox-tv-ve-fatih-portakala-agir-ceza-289492","status":"publish","type":"post","link":"https:\/\/www.nationalturk.com\/tr\/rtukten-fox-tv-ve-fatih-portakala-agir-ceza-289492\/","title":{"rendered":"RT\u00dcK&#8217;ten FOX TV ve Fatih Portakal&#8217;a a\u011f\u0131r ceza!"},"content":{"rendered":"<p>Radyo Televizyon \u00dcst Kurulu (RT\u00dcK) bug\u00fcn yapt\u0131\u011f\u0131 toplant\u0131da T\u00fcrkiye&#8217;nin en \u00e7ok izlenen haber program\u0131 FOX Ana Haber&#8217;e 3 kez yay\u0131n durdurma cezas\u0131 verdi.<\/p>\n<p>RT\u00dcK \u00dcst Kurulu&#8217;nda yap\u0131lan son toplant\u0131da, Fatih Portakal&#8217;\u0131n sundu\u011fu FOX Ana Haber&#8217;deki 30 Mart, 31 Mart ve 1 Nisan tarihlerinde &#8216;yay\u0131n ihlali&#8217; iddialar\u0131 g\u00fcndeme geldi.<\/p>\n<p>Portakal&#8217;\u0131n CHP&#8217;li belediyelerin yard\u0131mlar\u0131n\u0131n engellenmesine, Diyanet \u0130\u015fleri Ba\u015fkanl\u0131\u011f\u0131&#8217;n\u0131n siyasalla\u015fmas\u0131na ve t\u00fcm devletlerin yoksulla\u015ft\u0131\u011f\u0131na y\u00f6nelik tespitleri &#8216;ihlal&#8217; olarak de\u011ferlendirildi.<\/p>\n<p>Yay\u0131n reklam gelirlerinin y\u00fczde 3&#8217;\u00fcn\u00fcn ceza bedeli olarak al\u0131nmas\u0131na ve 3 kez ana haber b\u00fclteni yay\u0131n\u0131n\u0131n durdurulmas\u0131na karar verildi.<\/p>\n<!-- Error, Advert is not available at this time due to schedule\/geolocation restrictions! -->\n","protected":false},"excerpt":{"rendered":"<p>Radyo Televizyon \u00dcst Kurulu (RT\u00dcK) bug\u00fcn yapt\u0131\u011f\u0131 toplant\u0131da T\u00fcrkiye&#8217;nin en \u00e7ok izlenen haber program\u0131 FOX Ana Haber&#8217;e 3 kez yay\u0131n durdurma cezas\u0131 verdi. RT\u00dcK \u00dcst Kurulu&#8217;nda yap\u0131lan son toplant\u0131da, Fatih Portakal&#8217;\u0131n sundu\u011fu FOX Ana Haber&#8217;deki 30 Mart, 31 Mart ve 1 Nisan tarihlerinde &#8216;yay\u0131n ihlali&#8217; iddialar\u0131 g\u00fcndeme geldi. Portakal&#8217;\u0131n CHP&#8217;li belediyelerin yard\u0131mlar\u0131n\u0131n engellenmesine, Diyanet \u0130\u015fleri &hellip;<\/p>\n","protected":false},"author":4,"featured_media":289493,"comment_status":"open","ping_status":"closed","sticky":false,"template":"","format":"standard","meta":{"_acf_changed":false,"footnotes":""},"categories":[6155,5005,6667,349],"tags":[156727,5900,999],"class_list":["post-289492","post","type-post","status-publish","format-standard","has-post-thumbnail","hentry","category-gundem","category-manset","category-medya","category-son-dakika","tag-fatih-portakal","tag-fox-tv","tag-rtuk"],"acf":[],"_links":{"self":[{"href":"https:\/\/www.nationalturk.com\/tr\/wp-json\/wp\/v2\/posts\/289492","targetHints":{"allow":["GET"]}}],"collection":[{"href":"https:\/\/www.nationalturk.com\/tr\/wp-json\/wp\/v2\/posts"}],"about":[{"href":"https:\/\/www.nationalturk.com\/tr\/wp-json\/wp\/v2\/types\/post"}],"author":[{"embeddable":true,"href":"https:\/\/www.nationalturk.com\/tr\/wp-json\/wp\/v2\/users\/4"}],"replies":[{"embeddable":true,"href":"https:\/\/www.nationalturk.com\/tr\/wp-json\/wp\/v2\/comments?post=289492"}],"version-history":[{"count":0,"href":"https:\/\/www.nationalturk.com\/tr\/wp-json\/wp\/v2\/posts\/289492\/revisions"}],"wp:featuredmedia":[{"embeddable":true,"href":"https:\/\/www.nationalturk.com\/tr\/wp-json\/wp\/v2\/media\/289493"}],"wp:attachment":[{"href":"https:\/\/www.nationalturk.com\/tr\/wp-json\/wp\/v2\/media?parent=289492"}],"wp:term":[{"taxonomy":"category","embeddable":true,"href":"https:\/\/www.nationalturk.com\/tr\/wp-json\/wp\/v2\/categories?post=289492"},{"taxonomy":"post_tag","embeddable":true,"href":"https:\/\/www.nationalturk.com\/tr\/wp-json\/wp\/v2\/tags?post=289492"}],"curies":[{"name":"wp","href":"https:\/\/api.w.org\/{rel}","templated":true}]}}