{"id":289585,"date":"2020-04-16T17:51:37","date_gmt":"2020-04-16T14:51:37","guid":{"rendered":"https:\/\/www.nationalturk.com\/?p=289585"},"modified":"2020-04-16T18:15:12","modified_gmt":"2020-04-16T15:15:12","slug":"son-dakika-avcilarda-metrobus-kazasi-289585","status":"publish","type":"post","link":"https:\/\/www.nationalturk.com\/tr\/son-dakika-avcilarda-metrobus-kazasi-289585\/","title":{"rendered":"Son Dakika: Avc\u0131lar&#8217;da metrob\u00fcs kazas\u0131"},"content":{"rendered":"<p>Al\u0131nan bilgilere g\u00f6re Avc\u0131larda sefer halinde iki metrob\u00fcs kafa kafaya \u00e7arp\u0131\u015ft\u0131. Kaza nedeniyle seferler \u00e7ift y\u00f6nl\u00fc olarak durduruldu.<\/p>\n<p><img loading=\"lazy\" decoding=\"async\" src=\"https:\/\/www.nationalturk.com\/tr\/wp-content\/uploads\/2020\/04\/metrobusavcilar-kaza.jpg\" alt=\"\" width=\"360\" height=\"270\" class=\"alignnone size-full wp-image-289587\" title=\"\" srcset=\"https:\/\/www.nationalturk.com\/tr\/wp-content\/uploads\/2020\/04\/metrobusavcilar-kaza.jpg 360w, https:\/\/www.nationalturk.com\/tr\/wp-content\/uploads\/2020\/04\/metrobusavcilar-kaza-200x150.jpg 200w\" sizes=\"auto, (max-width: 360px) 100vw, 360px\" \/><\/p>\n<p>Olay yerine \u00e7ok say\u0131da ambulans yerine \u00e7ok say\u0131da ambulans sevk edilirken, seferler \u00e7ift y\u00f6nl\u00fc olarak durdu.<\/p>\n<p>Kazada 4 ki\u015finin yaraland\u0131\u011f\u0131 \u00f6\u011frenildi. Biri \u015fof\u00f6r iki ki\u015fi ara\u00e7larda s\u0131k\u0131\u015f\u0131rken sa\u011fl\u0131k ve itfaiye ekipleri yaral\u0131lar\u0131 kurtarmak i\u00e7in \u00e7al\u0131\u015f\u0131yor.<\/p>\n<!-- Error, Advert is not available at this time due to schedule\/geolocation restrictions! -->\n","protected":false},"excerpt":{"rendered":"<p>Al\u0131nan bilgilere g\u00f6re Avc\u0131larda sefer halinde iki metrob\u00fcs kafa kafaya \u00e7arp\u0131\u015ft\u0131. Kaza nedeniyle seferler \u00e7ift y\u00f6nl\u00fc olarak durduruldu. Olay yerine \u00e7ok say\u0131da ambulans yerine \u00e7ok say\u0131da ambulans sevk edilirken, seferler \u00e7ift y\u00f6nl\u00fc olarak durdu. Kazada 4 ki\u015finin yaraland\u0131\u011f\u0131 \u00f6\u011frenildi. Biri \u015fof\u00f6r iki ki\u015fi ara\u00e7larda s\u0131k\u0131\u015f\u0131rken sa\u011fl\u0131k ve itfaiye ekipleri yaral\u0131lar\u0131 kurtarmak i\u00e7in \u00e7al\u0131\u015f\u0131yor.<\/p>\n","protected":false},"author":4,"featured_media":252059,"comment_status":"open","ping_status":"closed","sticky":false,"template":"","format":"standard","meta":{"_acf_changed":false,"footnotes":""},"categories":[6155,5005,349,6805],"tags":[31495,1711,27382],"class_list":["post-289585","post","type-post","status-publish","format-standard","has-post-thumbnail","hentry","category-gundem","category-manset","category-son-dakika","category-turkiye","tag-avcilar","tag-metrobus","tag-son-dakika"],"acf":[],"_links":{"self":[{"href":"https:\/\/www.nationalturk.com\/tr\/wp-json\/wp\/v2\/posts\/289585","targetHints":{"allow":["GET"]}}],"collection":[{"href":"https:\/\/www.nationalturk.com\/tr\/wp-json\/wp\/v2\/posts"}],"about":[{"href":"https:\/\/www.nationalturk.com\/tr\/wp-json\/wp\/v2\/types\/post"}],"author":[{"embeddable":true,"href":"https:\/\/www.nationalturk.com\/tr\/wp-json\/wp\/v2\/users\/4"}],"replies":[{"embeddable":true,"href":"https:\/\/www.nationalturk.com\/tr\/wp-json\/wp\/v2\/comments?post=289585"}],"version-history":[{"count":0,"href":"https:\/\/www.nationalturk.com\/tr\/wp-json\/wp\/v2\/posts\/289585\/revisions"}],"wp:featuredmedia":[{"embeddable":true,"href":"https:\/\/www.nationalturk.com\/tr\/wp-json\/wp\/v2\/media\/252059"}],"wp:attachment":[{"href":"https:\/\/www.nationalturk.com\/tr\/wp-json\/wp\/v2\/media?parent=289585"}],"wp:term":[{"taxonomy":"category","embeddable":true,"href":"https:\/\/www.nationalturk.com\/tr\/wp-json\/wp\/v2\/categories?post=289585"},{"taxonomy":"post_tag","embeddable":true,"href":"https:\/\/www.nationalturk.com\/tr\/wp-json\/wp\/v2\/tags?post=289585"}],"curies":[{"name":"wp","href":"https:\/\/api.w.org\/{rel}","templated":true}]}}